{"id":31275,"date":"2025-09-30T14:00:00","date_gmt":"2025-09-30T17:00:00","guid":{"rendered":"https:\/\/sgvaimudar.com.br\/?p=31275"},"modified":"2025-09-30T09:30:41","modified_gmt":"2025-09-30T12:30:41","slug":"exposicao-revela-a-historia-de-niteroi-atraves-de-suas-igrejas-catolicas","status":"publish","type":"post","link":"https:\/\/sgvaimudar.com.br\/index.php\/2025\/09\/30\/exposicao-revela-a-historia-de-niteroi-atraves-de-suas-igrejas-catolicas\/","title":{"rendered":"Exposi\u00e7\u00e3o revela a hist\u00f3ria de Niter\u00f3i atrav\u00e9s de suas igrejas cat\u00f3licas"},"content":{"rendered":"\n<p><em>O projeto vai acontecer na Biblioteca Central do Gragoat\u00e1<\/em><\/p>\n\n\n\n<p>A hist\u00f3ria e a mem\u00f3ria de Niter\u00f3i ganham destaque a partir da pr\u00f3xima sexta-feira, (03\/10), com a abertura da exposi\u00e7\u00e3o \u201cA Hist\u00f3ria de Niter\u00f3i atrav\u00e9s das suas Igrejas Cat\u00f3licas\u201d, que ser\u00e1 inaugurada \u00e0s 18 horas na Biblioteca Central do Gragoat\u00e1, da Universidade Federal Fluminense (UFF).<\/p>\n\n\n\n<p>O projeto \u00e9 uma realiza\u00e7\u00e3o do Centro de Mem\u00f3ria Fluminense (CEMEF\/UFF) em parceria com os pesquisadores Renata Aymor\u00e9 Gama, Dawson Nascimento Silva e Deivid Antunes, e apresenta ao p\u00fablico um vasto acervo de fotografias, desenhos, mapas e documentos antigos que retratam as igrejas mais antigas da cidade e a forma\u00e7\u00e3o dos primeiros povoados niteroienses.<\/p>\n\n\n\n<figure class=\"wp-block-image size-large\"><img fetchpriority=\"high\" decoding=\"async\" width=\"1024\" height=\"1024\" src=\"https:\/\/sgvaimudar.com.br\/wp-content\/uploads\/2025\/09\/dawson-biblioteca-1024x1024.jpeg\" alt=\"\" class=\"wp-image-31276\" srcset=\"https:\/\/sgvaimudar.com.br\/wp-content\/uploads\/2025\/09\/dawson-biblioteca-1024x1024.jpeg 1024w, https:\/\/sgvaimudar.com.br\/wp-content\/uploads\/2025\/09\/dawson-biblioteca-300x300.jpeg 300w, https:\/\/sgvaimudar.com.br\/wp-content\/uploads\/2025\/09\/dawson-biblioteca-150x150.jpeg 150w, https:\/\/sgvaimudar.com.br\/wp-content\/uploads\/2025\/09\/dawson-biblioteca-768x768.jpeg 768w, https:\/\/sgvaimudar.com.br\/wp-content\/uploads\/2025\/09\/dawson-biblioteca-1536x1536.jpeg 1536w, https:\/\/sgvaimudar.com.br\/wp-content\/uploads\/2025\/09\/dawson-biblioteca.jpeg 1600w\" sizes=\"(max-width: 1024px) 100vw, 1024px\" \/><\/figure>\n\n\n\n<p>\u201cEsta exposi\u00e7\u00e3o tem o objetivo de valorizar o patrim\u00f4nio hist\u00f3rico e cultural da cidade, oferecendo ao visitante uma verdadeira viagem no tempo por meio da arquitetura e das tradi\u00e7\u00f5es religiosas que marcaram a consolida\u00e7\u00e3o de Niter\u00f3i. Agradecemos o apoio do Padre Luiz C\u00e1ssio Moreira, p\u00e1roco da Catedral de S\u00e3o Jo\u00e3o Batista, e da Gr\u00e1fica Print Inn \u201c, afirma o historiador Dawson Nascimento.<\/p>\n\n\n\n<p>Servi\u00e7o:<\/p>\n\n\n\n<p>Exposi\u00e7\u00e3o:\u00a0<em>A Hist\u00f3ria de Niter\u00f3i atrav\u00e9s das suas Igrejas Cat\u00f3licas<br><\/em>Abertura:\u00a003 de outubro de 2025, \u00e0s 18h<br>Local:\u00a0Biblioteca Central do Gragoat\u00e1 \u2013 Campus do Gragoat\u00e1 \u2013 UFF<br>Visita\u00e7\u00e3o:\u00a0Gratuita, de segunda a sexta, das 8h \u00e0s 20h.<\/p>\n\n\n\n<p><strong><em>S\u00e3o Gon\u00e7alo vai mudar: Not\u00edcias de S\u00e3o Gon\u00e7alo e toda regi\u00e3o.<\/em><\/strong><\/p>\n\n\n\n<figure class=\"wp-block-image size-large\"><img decoding=\"async\" width=\"1024\" height=\"252\" src=\"https:\/\/sgvaimudar.com.br\/wp-content\/uploads\/2025\/03\/Anuncie-Aqui-Sao-Goncalo-vai-mudar-1024x252.jpg\" alt=\"\" class=\"wp-image-22693\" srcset=\"https:\/\/sgvaimudar.com.br\/wp-content\/uploads\/2025\/03\/Anuncie-Aqui-Sao-Goncalo-vai-mudar-1024x252.jpg 1024w, https:\/\/sgvaimudar.com.br\/wp-content\/uploads\/2025\/03\/Anuncie-Aqui-Sao-Goncalo-vai-mudar-300x74.jpg 300w, https:\/\/sgvaimudar.com.br\/wp-content\/uploads\/2025\/03\/Anuncie-Aqui-Sao-Goncalo-vai-mudar-768x189.jpg 768w, https:\/\/sgvaimudar.com.br\/wp-content\/uploads\/2025\/03\/Anuncie-Aqui-Sao-Goncalo-vai-mudar-1536x378.jpg 1536w, https:\/\/sgvaimudar.com.br\/wp-content\/uploads\/2025\/03\/Anuncie-Aqui-Sao-Goncalo-vai-mudar-2048x504.jpg 2048w\" sizes=\"(max-width: 1024px) 100vw, 1024px\" \/><\/figure>\n","protected":false},"excerpt":{"rendered":"<p>O projeto vai acontecer na Biblioteca Central do Gragoat\u00e1 A hist\u00f3ria e a mem\u00f3ria de Niter\u00f3i ganham destaque a partir&hellip;<\/p>\n","protected":false},"author":5,"featured_media":31277,"comment_status":"closed","ping_status":"open","sticky":false,"template":"","format":"standard","meta":{"fifu_image_url":"","fifu_image_alt":"","footnotes":""},"categories":[34],"tags":[47],"class_list":["post-31275","post","type-post","status-publish","format-standard","has-post-thumbnail","hentry","category-niteroi","tag-rj"],"_links":{"self":[{"href":"https:\/\/sgvaimudar.com.br\/index.php\/wp-json\/wp\/v2\/posts\/31275","targetHints":{"allow":["GET"]}}],"collection":[{"href":"https:\/\/sgvaimudar.com.br\/index.php\/wp-json\/wp\/v2\/posts"}],"about":[{"href":"https:\/\/sgvaimudar.com.br\/index.php\/wp-json\/wp\/v2\/types\/post"}],"author":[{"embeddable":true,"href":"https:\/\/sgvaimudar.com.br\/index.php\/wp-json\/wp\/v2\/users\/5"}],"replies":[{"embeddable":true,"href":"https:\/\/sgvaimudar.com.br\/index.php\/wp-json\/wp\/v2\/comments?post=31275"}],"version-history":[{"count":1,"href":"https:\/\/sgvaimudar.com.br\/index.php\/wp-json\/wp\/v2\/posts\/31275\/revisions"}],"predecessor-version":[{"id":31278,"href":"https:\/\/sgvaimudar.com.br\/index.php\/wp-json\/wp\/v2\/posts\/31275\/revisions\/31278"}],"wp:featuredmedia":[{"embeddable":true,"href":"https:\/\/sgvaimudar.com.br\/index.php\/wp-json\/wp\/v2\/media\/31277"}],"wp:attachment":[{"href":"https:\/\/sgvaimudar.com.br\/index.php\/wp-json\/wp\/v2\/media?parent=31275"}],"wp:term":[{"taxonomy":"category","embeddable":true,"href":"https:\/\/sgvaimudar.com.br\/index.php\/wp-json\/wp\/v2\/categories?post=31275"},{"taxonomy":"post_tag","embeddable":true,"href":"https:\/\/sgvaimudar.com.br\/index.php\/wp-json\/wp\/v2\/tags?post=31275"}],"curies":[{"name":"wp","href":"https:\/\/api.w.org\/{rel}","templated":true}]}}