{"id":31263,"date":"2025-09-30T12:00:00","date_gmt":"2025-09-30T15:00:00","guid":{"rendered":"https:\/\/sgvaimudar.com.br\/?p=31263"},"modified":"2025-09-30T08:45:40","modified_gmt":"2025-09-30T11:45:40","slug":"prefeito-capitao-nelson-acompanha-divulgacao-de-plano-de-contingencia-da-defesa-civil","status":"publish","type":"post","link":"https:\/\/sgvaimudar.com.br\/index.php\/2025\/09\/30\/prefeito-capitao-nelson-acompanha-divulgacao-de-plano-de-contingencia-da-defesa-civil\/","title":{"rendered":"Prefeito Capit\u00e3o Nelson acompanha divulga\u00e7\u00e3o de plano de conting\u00eancia\u00a0da Defesa Civil\u00a0"},"content":{"rendered":"\n<p><em>Munic\u00edpio conta com a\u00e7\u00e3o integrada em caso de emerg\u00eancias<\/em><\/p>\n\n\n\n<p>A Defesa Civil de S\u00e3o Gon\u00e7alo realizou, na manh\u00e3 desta segunda-feira (29), a apresenta\u00e7\u00e3o do Plano Municipal de Conting\u00eancia de Estiagem e Queimadas, com o objetivo de preparar os diversos setores da administra\u00e7\u00e3o p\u00fablica para poss\u00edveis emerg\u00eancias. <\/p>\n\n\n\n<p>A abertura contou com a presen\u00e7a do prefeito Capit\u00e3o Nelson e do secret\u00e1rio de Sa\u00fade, Gabriel Mello, no audit\u00f3rio da Secretaria de Sa\u00fade e Defesa Civil.<\/p>\n\n\n\n<p>O plano foi detalhado pelo subsecret\u00e1rio da Defesa Civil, major Felipe Assump\u00e7\u00e3o, que enfatizou a import\u00e2ncia da atua\u00e7\u00e3o integrada entre os diferentes \u00f3rg\u00e3os municipais, estaduais e empresas para garantir respostas r\u00e1pidas e eficientes em situa\u00e7\u00f5es de risco. <\/p>\n\n\n\n<figure class=\"wp-block-image size-full\"><img fetchpriority=\"high\" decoding=\"async\" width=\"1024\" height=\"683\" src=\"https:\/\/sgvaimudar.com.br\/wp-content\/uploads\/2025\/09\/unnamed-16-6.jpg\" alt=\"\" class=\"wp-image-31265\" srcset=\"https:\/\/sgvaimudar.com.br\/wp-content\/uploads\/2025\/09\/unnamed-16-6.jpg 1024w, https:\/\/sgvaimudar.com.br\/wp-content\/uploads\/2025\/09\/unnamed-16-6-300x200.jpg 300w, https:\/\/sgvaimudar.com.br\/wp-content\/uploads\/2025\/09\/unnamed-16-6-768x512.jpg 768w\" sizes=\"(max-width: 1024px) 100vw, 1024px\" \/><\/figure>\n\n\n\n<p>Durante a apresenta\u00e7\u00e3o, foram destacadas as \u00e1reas de prote\u00e7\u00e3o ambiental (APAs) do Engenho Pequeno e Maria Paula, os protocolos de evacua\u00e7\u00e3o, abrigamento tempor\u00e1rio, al\u00e9m das estrat\u00e9gias de comunica\u00e7\u00e3o com a popula\u00e7\u00e3o em casos de emerg\u00eancia.<\/p>\n\n\n\n<p>O prefeito Capit\u00e3o Nelson ressaltou a import\u00e2ncia do planejamento e da preven\u00e7\u00e3o. \u201cNosso compromisso \u00e9 com a vida da popula\u00e7\u00e3o gon\u00e7alense. N\u00e3o podemos esperar a trag\u00e9dia acontecer para agir. Este plano \u00e9 baseado em dados, que envolvem diversas secretarias para que possamos proteger as pessoas, especialmente nas \u00e1reas mais vulner\u00e1veis. Tudo na vida da gente tem que ser planejado, principalmente no poder p\u00fablico. Temos que estar preparados para todos os tipos de a\u00e7\u00f5es que possam ocorrer, principalmente em rela\u00e7\u00e3o \u00e0s altera\u00e7\u00f5es clim\u00e1ticas. A organiza\u00e7\u00e3o, com todos os \u00f3rg\u00e3os envolvidos sabendo qual \u00e9 o seu papel, \u00e9 muito importante\u201d, afirmou o chefe do Executivo gon\u00e7alense.<\/p>\n\n\n\n<p>Durante a apresenta\u00e7\u00e3o, servidores receberam orienta\u00e7\u00f5es espec\u00edficas sobre suas atribui\u00e7\u00f5es diante de poss\u00edveis incidentes e foram incentivados a participar de treinamentos e simula\u00e7\u00f5es. A Secretaria de Educa\u00e7\u00e3o, por exemplo, tem papel fundamental na prepara\u00e7\u00e3o de unidades escolares como pontos de apoio e abrigo tempor\u00e1rio, caso necess\u00e1rio. E a Sa\u00fade, o atendimento r\u00e1pido e seguro em situa\u00e7\u00f5es de emerg\u00eancia.<\/p>\n\n\n\n<p>\u201cO Plano Municipal \u00e9 uma ferramenta fundamental para salvar vidas e \u00e9 divulgado anualmente. Ele n\u00e3o \u00e9 apenas um documento t\u00e9cnico, mas um guia pr\u00e1tico de atua\u00e7\u00e3o integrada entre todos os \u00f3rg\u00e3os e secretarias envolvidas. Nossa miss\u00e3o \u00e9 antecipar riscos, agir com rapidez e minimizar os impactos. Por isso, \u00e9 essencial que cada servidor compreenda seu papel dentro desse plano. Preven\u00e7\u00e3o e resposta eficaz salvam vidas e \u00e9 com esse foco que estamos trabalhando\u201d, disse o major Felipe.<\/p>\n\n\n\n<p>Ele acrescentou que a Defesa Civil prepara a matriz de responsabilidades e planos de a\u00e7\u00e3o e que, no ano passado, criou a primeira turma de preven\u00e7\u00e3o de combate a inc\u00eandio em vegeta\u00e7\u00e3o.<\/p>\n\n\n\n<p>&#8220;O Plano Municipal de Conting\u00eancia de Estiagem e Queimadas \u00e9 um documento estrat\u00e9gico que estabelece os procedimentos a serem adotados pelos \u00f3rg\u00e3os envolvidos direta ou indiretamente nas a\u00e7\u00f5es de preven\u00e7\u00e3o, prepara\u00e7\u00e3o, resposta e recupera\u00e7\u00e3o nos casos de estiagem, como a escassez h\u00eddrica e consequente desabastecimento de \u00e1gua pot\u00e1vel para a popula\u00e7\u00e3o, e inc\u00eandios&#8221;, afirmou o Executivo no texto.\u00a0<\/p>\n\n\n\n<p>O planejamento das a\u00e7\u00f5es s\u00e3o recomendadas e padronizadas para a melhor resposta, incluindo as a\u00e7\u00f5es de socorro, assist\u00eancia e reabilita\u00e7\u00e3o de cen\u00e1rios, a fim de reduzir os danos e preju\u00edzos decorrentes dos desastres e restabelecer a normalidade no menor prazo poss\u00edvel. O plano tamb\u00e9m abrange a identifica\u00e7\u00e3o das principais necessidades relacionadas ao per\u00edodo de estiagem e busca solu\u00e7\u00f5es poss\u00edveis com a colabora\u00e7\u00e3o de todos os envolvidos.<\/p>\n\n\n\n<p>Representantes da Cedae, \u00c1guas do Rio, Defesa Civil Estadual, Corpo de Bombeiros, Guarda Municipal e secretarias municipais de Assist\u00eancia Social, Conserva\u00e7\u00e3o, Meio Ambiente e Transportes, Sa\u00fade e Educa\u00e7\u00e3o estiveram presentes. Em caso de emerg\u00eancias ligadas e desastres ou chuvas, ligue para a Defesa Civil pelos n\u00fameros 199 ou (21) 98737-0807.&nbsp;<\/p>\n\n\n\n<p><em>Fotos: Fabio Guimar\u00e3es<\/em><\/p>\n\n\n\n<p><strong><em>S\u00e3o Gon\u00e7alo vai mudar: Not\u00edcias de S\u00e3o Gon\u00e7alo e toda regi\u00e3o.<\/em><\/strong><\/p>\n\n\n\n<figure class=\"wp-block-image size-large\"><img decoding=\"async\" width=\"1024\" height=\"252\" src=\"https:\/\/sgvaimudar.com.br\/wp-content\/uploads\/2025\/03\/Anuncie-Aqui-Sao-Goncalo-vai-mudar-1024x252.jpg\" alt=\"\" class=\"wp-image-22693\" srcset=\"https:\/\/sgvaimudar.com.br\/wp-content\/uploads\/2025\/03\/Anuncie-Aqui-Sao-Goncalo-vai-mudar-1024x252.jpg 1024w, https:\/\/sgvaimudar.com.br\/wp-content\/uploads\/2025\/03\/Anuncie-Aqui-Sao-Goncalo-vai-mudar-300x74.jpg 300w, https:\/\/sgvaimudar.com.br\/wp-content\/uploads\/2025\/03\/Anuncie-Aqui-Sao-Goncalo-vai-mudar-768x189.jpg 768w, https:\/\/sgvaimudar.com.br\/wp-content\/uploads\/2025\/03\/Anuncie-Aqui-Sao-Goncalo-vai-mudar-1536x378.jpg 1536w, https:\/\/sgvaimudar.com.br\/wp-content\/uploads\/2025\/03\/Anuncie-Aqui-Sao-Goncalo-vai-mudar-2048x504.jpg 2048w\" sizes=\"(max-width: 1024px) 100vw, 1024px\" \/><\/figure>\n","protected":false},"excerpt":{"rendered":"<p>Munic\u00edpio conta com a\u00e7\u00e3o integrada em caso de emerg\u00eancias A Defesa Civil de S\u00e3o Gon\u00e7alo realizou, na manh\u00e3 desta segunda-feira&hellip;<\/p>\n","protected":false},"author":5,"featured_media":31264,"comment_status":"closed","ping_status":"open","sticky":false,"template":"","format":"standard","meta":{"fifu_image_url":"","fifu_image_alt":"","footnotes":""},"categories":[3],"tags":[47,75],"class_list":["post-31263","post","type-post","status-publish","format-standard","has-post-thumbnail","hentry","category-sao-goncalo","tag-rj","tag-sao-goncalo"],"_links":{"self":[{"href":"https:\/\/sgvaimudar.com.br\/index.php\/wp-json\/wp\/v2\/posts\/31263","targetHints":{"allow":["GET"]}}],"collection":[{"href":"https:\/\/sgvaimudar.com.br\/index.php\/wp-json\/wp\/v2\/posts"}],"about":[{"href":"https:\/\/sgvaimudar.com.br\/index.php\/wp-json\/wp\/v2\/types\/post"}],"author":[{"embeddable":true,"href":"https:\/\/sgvaimudar.com.br\/index.php\/wp-json\/wp\/v2\/users\/5"}],"replies":[{"embeddable":true,"href":"https:\/\/sgvaimudar.com.br\/index.php\/wp-json\/wp\/v2\/comments?post=31263"}],"version-history":[{"count":1,"href":"https:\/\/sgvaimudar.com.br\/index.php\/wp-json\/wp\/v2\/posts\/31263\/revisions"}],"predecessor-version":[{"id":31266,"href":"https:\/\/sgvaimudar.com.br\/index.php\/wp-json\/wp\/v2\/posts\/31263\/revisions\/31266"}],"wp:featuredmedia":[{"embeddable":true,"href":"https:\/\/sgvaimudar.com.br\/index.php\/wp-json\/wp\/v2\/media\/31264"}],"wp:attachment":[{"href":"https:\/\/sgvaimudar.com.br\/index.php\/wp-json\/wp\/v2\/media?parent=31263"}],"wp:term":[{"taxonomy":"category","embeddable":true,"href":"https:\/\/sgvaimudar.com.br\/index.php\/wp-json\/wp\/v2\/categories?post=31263"},{"taxonomy":"post_tag","embeddable":true,"href":"https:\/\/sgvaimudar.com.br\/index.php\/wp-json\/wp\/v2\/tags?post=31263"}],"curies":[{"name":"wp","href":"https:\/\/api.w.org\/{rel}","templated":true}]}}