{"id":31257,"date":"2025-09-30T10:00:00","date_gmt":"2025-09-30T13:00:00","guid":{"rendered":"https:\/\/sgvaimudar.com.br\/?p=31257"},"modified":"2025-09-30T08:37:19","modified_gmt":"2025-09-30T11:37:19","slug":"casamento-comunitario-realiza-uniao-de-35-casais-em-cerimonia-em-vista-alegre","status":"publish","type":"post","link":"https:\/\/sgvaimudar.com.br\/index.php\/2025\/09\/30\/casamento-comunitario-realiza-uniao-de-35-casais-em-cerimonia-em-vista-alegre\/","title":{"rendered":"Casamento Comunit\u00e1rio realiza uni\u00e3o de 35 casais em cerim\u00f4nia em Vista Alegre\u00a0"},"content":{"rendered":"\n<p><em>Celebra\u00e7\u00e3o reuniu noivos e seus convidados em casa de festas com decora\u00e7\u00e3o e buffet<\/em><\/p>\n\n\n\n<p>Muita m\u00fasica, festa e alegria. Assim foi a manh\u00e3 desta segunda-feira (29) para 35 casais que participaram da quinta edi\u00e7\u00e3o do Casamento Comunit\u00e1rio, promovido pela Prefeitura de S\u00e3o Gon\u00e7alo, atrav\u00e9s da Secretaria de Assist\u00eancia Social, no Jardim dos Chal\u00e9s, no bairro Vista Alegre.<\/p>\n\n\n\n<p>O dia come\u00e7ou com a cerim\u00f4nia, que reuniu os casais e seus convidados em uma casa de festas com decora\u00e7\u00e3o, buffet, figurino e maquiagem. O ambiente foi inundado por m\u00fasicas rom\u00e2nticas tocadas ao vivo pela Orquestra Municipal de S\u00e3o Gon\u00e7alo. Para os noivos, a celebra\u00e7\u00e3o n\u00e3o teve custos. <\/p>\n\n\n\n<figure class=\"wp-block-image size-large\"><img fetchpriority=\"high\" decoding=\"async\" width=\"1024\" height=\"684\" src=\"https:\/\/sgvaimudar.com.br\/wp-content\/uploads\/2025\/09\/unnamed-13-6-1024x684.jpg\" alt=\"\" class=\"wp-image-31259\" srcset=\"https:\/\/sgvaimudar.com.br\/wp-content\/uploads\/2025\/09\/unnamed-13-6-1024x684.jpg 1024w, https:\/\/sgvaimudar.com.br\/wp-content\/uploads\/2025\/09\/unnamed-13-6-300x200.jpg 300w, https:\/\/sgvaimudar.com.br\/wp-content\/uploads\/2025\/09\/unnamed-13-6-768x513.jpg 768w, https:\/\/sgvaimudar.com.br\/wp-content\/uploads\/2025\/09\/unnamed-13-6-1536x1027.jpg 1536w, https:\/\/sgvaimudar.com.br\/wp-content\/uploads\/2025\/09\/unnamed-13-6.jpg 1616w\" sizes=\"(max-width: 1024px) 100vw, 1024px\" \/><\/figure>\n\n\n\n<p>O evento foi promovido pela Subsecretaria da Prote\u00e7\u00e3o Social Especial, atrav\u00e9s de parcerias com empres\u00e1rios da cidade, contribuindo para uma data inesquec\u00edvel a todos os presentes.<\/p>\n\n\n\n<p>O Casamento Comunit\u00e1rio \u00e9 uma iniciativa que visa transformar uni\u00f5es est\u00e1veis em casamentos, proporcionando a oficializa\u00e7\u00e3o do matrim\u00f4nio. Desde 2021, a iniciativa tem criado momentos \u00fanicos e realizado o sonho de diversos casais. O Casamento Comunit\u00e1rio oficializa a uni\u00e3o civil de casais junto aos cart\u00f3rios de registro civil. O projeto \u00e9 destinado aos casais que tenham renda de at\u00e9 dois sal\u00e1rios m\u00ednimos.<\/p>\n\n\n\n<figure class=\"wp-block-image size-large\"><img decoding=\"async\" width=\"1024\" height=\"684\" src=\"https:\/\/sgvaimudar.com.br\/wp-content\/uploads\/2025\/09\/unnamed-12-9-1024x684.jpg\" alt=\"\" class=\"wp-image-31260\" srcset=\"https:\/\/sgvaimudar.com.br\/wp-content\/uploads\/2025\/09\/unnamed-12-9-1024x684.jpg 1024w, https:\/\/sgvaimudar.com.br\/wp-content\/uploads\/2025\/09\/unnamed-12-9-300x200.jpg 300w, https:\/\/sgvaimudar.com.br\/wp-content\/uploads\/2025\/09\/unnamed-12-9-768x513.jpg 768w, https:\/\/sgvaimudar.com.br\/wp-content\/uploads\/2025\/09\/unnamed-12-9-1536x1027.jpg 1536w, https:\/\/sgvaimudar.com.br\/wp-content\/uploads\/2025\/09\/unnamed-12-9.jpg 1616w\" sizes=\"(max-width: 1024px) 100vw, 1024px\" \/><\/figure>\n\n\n\n<p>O prefeito Capit\u00e3o Nelson, a primeira-dama Marinete Ruas, o vice-prefeito Jo\u00e3o Ventura e sua noiva Karoline Freitas estiveram na cerim\u00f4nia, al\u00e9m do secret\u00e1rio de Assist\u00eancia Social, Felippe Mattos Monteiro. A cerim\u00f4nia foi realizada pela ju\u00edza Clarice da Motta e Fortes.<\/p>\n\n\n\n<p>&#8220;Estamos fazendo a uni\u00e3o de 35 casais e isso \u00e9 muito importante! Ningu\u00e9m faz nada sozinho. Ningu\u00e9m l\u00e1 atr\u00e1s poderia dizer que um soldado fuzileiro naval viraria prefeito de S\u00e3o Gon\u00e7alo como eu. Se n\u00e3o fosse a minha esposa, hoje eu podia n\u00e3o estar aqui. \u00c9 a parceria! Ningu\u00e9m chega a lugar nenhum sozinho. \u00c9 uma parceria de extrema import\u00e2ncia para que voc\u00eas alcancem o futuro de voc\u00eas&#8221;, disse o prefeito Capit\u00e3o Nelson.<\/p>\n\n\n\n<p>&#8220;Hoje \u00e9 um dia muito aben\u00e7oado, s\u00e3o casais j\u00e1 formados e outros que est\u00e3o se iniciando. Quero aben\u00e7oar a todos e destacar a import\u00e2ncia da felicidade e da comunh\u00e3o desse momento. Voc\u00eas est\u00e3o dando um passo muito importante e estou lisonjeado por estar participando dele com todos voc\u00eas&#8221;, destacou o vice-prefeito Jo\u00e3o Ventura.<\/p>\n\n\n\n<p>&#8220;Para mim, \u00e9 um honra muito grande poder contribuir para a garantia de direitos dessas fam\u00edlias que j\u00e1 viviam h\u00e1 anos juntas. Temos aqui hoje casais que vivam de dois a at\u00e9 31 anos juntos, mas n\u00e3o tinham essa uni\u00e3o oficializada. A Secretaria de Assist\u00eancia Social da Prefeitura de S\u00e3o Gon\u00e7alo, juntamente com o prefeito Capit\u00e3o Nelson, abra\u00e7ou essa causa nesse dia maravilhoso, num sal\u00e3o lind\u00edssimo para dar oportunidade para que essas fam\u00edlias sejam felizes. \u00c9 uma alegria vivenciar a hist\u00f3ria de cada casal&#8221;, destacou o coordenador do Casamento Comunit\u00e1rio, Jair Mello.<\/p>\n\n\n\n<p>Um dos casais foi Cl\u00e1udio Ribeiro, de 52 anos, e Gilmara Rezende, de 49 anos, moradores de Itaoca. Os dois namoram desde os 13 anos de idade.<\/p>\n\n\n\n<p>&#8220;Esse evento proporciona o casamento coletivo. Estou muito feliz e alegre! Esse casamento coletivo \u00e9 muito importante! \u00c9 tudo de gra\u00e7a para n\u00f3s e \u00e9 muito bom&#8221;, disse Cl\u00e1udio.<\/p>\n\n\n\n<p>&#8220;Estamos juntos h\u00e1 35 anos e hoje vamos nos casar. Temos quatro filhos hoje aqui e um neto, mas ao todo s\u00e3o cinco netos. Estamos muito felizes e animados! Todo o atendimento e aten\u00e7\u00e3o que recebemos da Prefeitura durante todo esse processo foi essencial. O evento foi 100% gratuito! At\u00e9 mesmo o vestido, penteado e maquiagem, tudo foi gratuito&#8221;, disse Gilmara.<\/p>\n\n\n\n<p>O projeto \u00e9 realizado pela Secretaria de Assist\u00eancia Social, atrav\u00e9s da Subsecretaria de Prote\u00e7\u00e3o Social Especial e do Comit\u00ea de Sub-registro. Este \u00faltimo ajudou alguns dos noivos e noivas que n\u00e3o tinham certid\u00e3o de nascimento ou identidade a terem esses documentos para que pudessem dar prosseguimento \u00e0 cerim\u00f4nia. Todos os casais realizaram a convers\u00e3o de uni\u00e3o est\u00e1vel para casamento no in\u00edcio do m\u00eas em uma a\u00e7\u00e3o em parceria com a Justi\u00e7a Itinerante.<\/p>\n\n\n\n<p>Os interessados em participar das pr\u00f3ximas edi\u00e7\u00f5es do Casamento Comunit\u00e1rio devem ficar atentos \u00e0s redes sociais da Prefeitura de S\u00e3o Gon\u00e7alo para o in\u00edcio das inscri\u00e7\u00f5es do evento.<\/p>\n\n\n\n<p><em>Foto: Renan Otto<\/em><\/p>\n","protected":false},"excerpt":{"rendered":"<p>Celebra\u00e7\u00e3o reuniu noivos e seus convidados em casa de festas com decora\u00e7\u00e3o e buffet Muita m\u00fasica, festa e alegria. Assim&hellip;<\/p>\n","protected":false},"author":5,"featured_media":31261,"comment_status":"closed","ping_status":"open","sticky":false,"template":"","format":"standard","meta":{"fifu_image_url":"","fifu_image_alt":"","footnotes":""},"categories":[3],"tags":[47,75],"class_list":["post-31257","post","type-post","status-publish","format-standard","has-post-thumbnail","hentry","category-sao-goncalo","tag-rj","tag-sao-goncalo"],"_links":{"self":[{"href":"https:\/\/sgvaimudar.com.br\/index.php\/wp-json\/wp\/v2\/posts\/31257","targetHints":{"allow":["GET"]}}],"collection":[{"href":"https:\/\/sgvaimudar.com.br\/index.php\/wp-json\/wp\/v2\/posts"}],"about":[{"href":"https:\/\/sgvaimudar.com.br\/index.php\/wp-json\/wp\/v2\/types\/post"}],"author":[{"embeddable":true,"href":"https:\/\/sgvaimudar.com.br\/index.php\/wp-json\/wp\/v2\/users\/5"}],"replies":[{"embeddable":true,"href":"https:\/\/sgvaimudar.com.br\/index.php\/wp-json\/wp\/v2\/comments?post=31257"}],"version-history":[{"count":2,"href":"https:\/\/sgvaimudar.com.br\/index.php\/wp-json\/wp\/v2\/posts\/31257\/revisions"}],"predecessor-version":[{"id":31262,"href":"https:\/\/sgvaimudar.com.br\/index.php\/wp-json\/wp\/v2\/posts\/31257\/revisions\/31262"}],"wp:featuredmedia":[{"embeddable":true,"href":"https:\/\/sgvaimudar.com.br\/index.php\/wp-json\/wp\/v2\/media\/31261"}],"wp:attachment":[{"href":"https:\/\/sgvaimudar.com.br\/index.php\/wp-json\/wp\/v2\/media?parent=31257"}],"wp:term":[{"taxonomy":"category","embeddable":true,"href":"https:\/\/sgvaimudar.com.br\/index.php\/wp-json\/wp\/v2\/categories?post=31257"},{"taxonomy":"post_tag","embeddable":true,"href":"https:\/\/sgvaimudar.com.br\/index.php\/wp-json\/wp\/v2\/tags?post=31257"}],"curies":[{"name":"wp","href":"https:\/\/api.w.org\/{rel}","templated":true}]}}