{"id":31253,"date":"2025-09-30T09:59:00","date_gmt":"2025-09-30T12:59:00","guid":{"rendered":"https:\/\/sgvaimudar.com.br\/?p=31253"},"modified":"2025-09-30T08:27:35","modified_gmt":"2025-09-30T11:27:35","slug":"homens-em-situacao-de-rua-sao-presos-em-flagrante-apos-furtar-residencia-em-niteroi-video","status":"publish","type":"post","link":"https:\/\/sgvaimudar.com.br\/index.php\/2025\/09\/30\/homens-em-situacao-de-rua-sao-presos-em-flagrante-apos-furtar-residencia-em-niteroi-video\/","title":{"rendered":"Homens em situa\u00e7\u00e3o de rua s\u00e3o presos em flagrante ap\u00f3s furtar resid\u00eancia em Niter\u00f3i; V\u00eddeo"},"content":{"rendered":"\n<p><em>A guarni\u00e7\u00e3o procedeu com eles para 77\u00baDP (Icara\u00ed) juntamente com os materiais recuperados para registro<\/em><\/p>\n\n\n\n<p>Dois homens foram presos em flagrante, na noite do \u00faltimo domingo (28) ap\u00f3s furtarem ferramentas de uma casa em Santa Rosa, na Zona Sul de Niter\u00f3i. A ocorr\u00eancia foi registrada por policiais do\u00a012\u00ba BPM, que receberam o chamado pelo n\u00famero 190.<\/p>\n\n\n\n<p><strong>DIN\u00c2MICA<\/strong> &#8211; Segundo a PM, a R\u00e1dio Patrulha Setor Fox ap\u00f3s ser acionado pelo telefone 190 foi at\u00e9 a Rua Siqueira Campos para averiguar um crime de furto. No local, uma casa em ru\u00ednas e abandonada, foi invadida pelos acusados e de l\u00e1 entraram na resid\u00eancia da v\u00edtima, onde furtaram algumas ferramentas. <\/p>\n\n\n\n<figure class=\"wp-block-video\"><video height=\"480\" style=\"aspect-ratio: 848 \/ 480;\" width=\"848\" controls src=\"https:\/\/sgvaimudar.com.br\/wp-content\/uploads\/2025\/09\/WhatsApp-Video-2025-09-29-at-10.05.36.mp4\"><\/video><\/figure>\n\n\n\n<p>Imediatamente, a equipe fez o cerco t\u00e1tico na localidade, j\u00e1 com as caracter\u00edsticas descritas dos suspeitos e conseguiu abordar e deter a dupla criminosa com os objetos furtados. <\/p>\n\n\n\n<p>Na a\u00e7\u00e3o, a guarni\u00e7\u00e3o procedeu com os acusados e a v\u00edtima para \u00e0 77\u00baDP (Icara\u00ed) juntamente com os materiais recuperados para registro, onde ambos os acusados foram autuado em flagrante delito pelo crime de furto, descrito no artigo 155 do C\u00f3digo Penal, sendo conduzidos posteriormente \u00e0 76\u00baDP (Centro), onde permaneceram presos. <\/p>\n\n\n\n<p><strong><em>Fa\u00e7a sua den\u00fancia pelo nosso WhatsApp: (21) <\/em><\/strong><strong><em>99744 5345<\/em><\/strong><strong><em><\/em><\/strong><\/p>\n\n\n\n<p><strong><em>S\u00e3o Gon\u00e7alo vai mudar: Not\u00edcias de S\u00e3o Gon\u00e7alo e toda regi\u00e3o.<\/em><\/strong><\/p>\n\n\n\n<figure class=\"wp-block-image size-large\"><img fetchpriority=\"high\" decoding=\"async\" width=\"1024\" height=\"252\" src=\"https:\/\/sgvaimudar.com.br\/wp-content\/uploads\/2025\/03\/Anuncie-Aqui-Sao-Goncalo-vai-mudar-1024x252.jpg\" alt=\"\" class=\"wp-image-22693\" srcset=\"https:\/\/sgvaimudar.com.br\/wp-content\/uploads\/2025\/03\/Anuncie-Aqui-Sao-Goncalo-vai-mudar-1024x252.jpg 1024w, https:\/\/sgvaimudar.com.br\/wp-content\/uploads\/2025\/03\/Anuncie-Aqui-Sao-Goncalo-vai-mudar-300x74.jpg 300w, https:\/\/sgvaimudar.com.br\/wp-content\/uploads\/2025\/03\/Anuncie-Aqui-Sao-Goncalo-vai-mudar-768x189.jpg 768w, https:\/\/sgvaimudar.com.br\/wp-content\/uploads\/2025\/03\/Anuncie-Aqui-Sao-Goncalo-vai-mudar-1536x378.jpg 1536w, https:\/\/sgvaimudar.com.br\/wp-content\/uploads\/2025\/03\/Anuncie-Aqui-Sao-Goncalo-vai-mudar-2048x504.jpg 2048w\" sizes=\"(max-width: 1024px) 100vw, 1024px\" \/><\/figure>\n\n\n\n<p><\/p>\n","protected":false},"excerpt":{"rendered":"<p>A guarni\u00e7\u00e3o procedeu com eles para 77\u00baDP (Icara\u00ed) juntamente com os materiais recuperados para registro Dois homens foram presos em&hellip;<\/p>\n","protected":false},"author":5,"featured_media":31254,"comment_status":"closed","ping_status":"open","sticky":false,"template":"","format":"standard","meta":{"fifu_image_url":"","fifu_image_alt":"","footnotes":""},"categories":[32],"tags":[39,41,47],"class_list":["post-31253","post","type-post","status-publish","format-standard","has-post-thumbnail","hentry","category-casos-de-policia","tag-ataque","tag-conflito","tag-rj"],"_links":{"self":[{"href":"https:\/\/sgvaimudar.com.br\/index.php\/wp-json\/wp\/v2\/posts\/31253","targetHints":{"allow":["GET"]}}],"collection":[{"href":"https:\/\/sgvaimudar.com.br\/index.php\/wp-json\/wp\/v2\/posts"}],"about":[{"href":"https:\/\/sgvaimudar.com.br\/index.php\/wp-json\/wp\/v2\/types\/post"}],"author":[{"embeddable":true,"href":"https:\/\/sgvaimudar.com.br\/index.php\/wp-json\/wp\/v2\/users\/5"}],"replies":[{"embeddable":true,"href":"https:\/\/sgvaimudar.com.br\/index.php\/wp-json\/wp\/v2\/comments?post=31253"}],"version-history":[{"count":1,"href":"https:\/\/sgvaimudar.com.br\/index.php\/wp-json\/wp\/v2\/posts\/31253\/revisions"}],"predecessor-version":[{"id":31256,"href":"https:\/\/sgvaimudar.com.br\/index.php\/wp-json\/wp\/v2\/posts\/31253\/revisions\/31256"}],"wp:featuredmedia":[{"embeddable":true,"href":"https:\/\/sgvaimudar.com.br\/index.php\/wp-json\/wp\/v2\/media\/31254"}],"wp:attachment":[{"href":"https:\/\/sgvaimudar.com.br\/index.php\/wp-json\/wp\/v2\/media?parent=31253"}],"wp:term":[{"taxonomy":"category","embeddable":true,"href":"https:\/\/sgvaimudar.com.br\/index.php\/wp-json\/wp\/v2\/categories?post=31253"},{"taxonomy":"post_tag","embeddable":true,"href":"https:\/\/sgvaimudar.com.br\/index.php\/wp-json\/wp\/v2\/tags?post=31253"}],"curies":[{"name":"wp","href":"https:\/\/api.w.org\/{rel}","templated":true}]}}