{"id":31243,"date":"2025-09-30T09:00:00","date_gmt":"2025-09-30T12:00:00","guid":{"rendered":"https:\/\/sgvaimudar.com.br\/?p=31243"},"modified":"2025-09-30T08:12:02","modified_gmt":"2025-09-30T11:12:02","slug":"sao-goncalo-divulga-programacao-cultural-de-outubro-no-teatro-municipal","status":"publish","type":"post","link":"https:\/\/sgvaimudar.com.br\/index.php\/2025\/09\/30\/sao-goncalo-divulga-programacao-cultural-de-outubro-no-teatro-municipal\/","title":{"rendered":"S\u00e3o Gon\u00e7alo divulga programa\u00e7\u00e3o cultural de Outubro no Teatro Municipal"},"content":{"rendered":"\n<p><em>Apresenta\u00e7\u00f5es contam com espet\u00e1culos de dan\u00e7a, teatrais e musicais&nbsp;<\/em><\/p>\n\n\n\n<p>Outubro batendo na porta e o Teatro Municipal de S\u00e3o Gon\u00e7alo oferece um m\u00eas com uma programa\u00e7\u00e3o diversificada, que conta com grandes espet\u00e1culos musicais e teatrais. As atra\u00e7\u00f5es atendem a todos os gon\u00e7alenses, com apresenta\u00e7\u00f5es para todas as idades.\u00a0Confira:<\/p>\n\n\n\n<p><strong>3\/10:<\/strong>&nbsp;Espet\u00e1culo \u201cRelatos de&nbsp;uma Viagem\u201d &#8211; Quem curte viajar sabe bem que perrengues s\u00e3o inevit\u00e1veis. Pratos ex\u00f3ticos, lugares inusitados, situa\u00e7\u00f5es dos mais diversos tipos est\u00e3o em \u201cRelatos de uma Viagem\u201d. Van Furlanetti narra de forma c\u00f4mica o melhor de suas visitas a 47 pa\u00edses e 14 Estados brasileiros em um mix de stand-up comedy e esquetes teatrais.<\/p>\n\n\n\n<p>Hor\u00e1rio: 15h<\/p>\n\n\n\n<p>Classifica\u00e7\u00e3o: 16 anos<\/p>\n\n\n\n<p>Ingresso:&nbsp;<a href=\"https:\/\/click.cse360.com.br\/Click\/AddCampaignEmailClick\/a7238056-2818-48b1-36f4-08ddfba4418a\/https%253a%252f%252fwww.sympla.com.br%252fevent__3065998\/ac66966e-2b55-4484-fb2c-08dc491eed5f\/jornalistaws@gmail.com\/False\" rel=\"noreferrer noopener\" target=\"_blank\"><u>https:\/\/www.sympla.com.br\/event__3065998<\/u><\/a>&nbsp;<\/p>\n\n\n\n<p>Valor: 70,00 inteira \/ 35,00 meia.<\/p>\n\n\n\n<figure class=\"wp-block-image size-large\"><img fetchpriority=\"high\" decoding=\"async\" width=\"756\" height=\"1024\" src=\"https:\/\/sgvaimudar.com.br\/wp-content\/uploads\/2025\/09\/unnamed-6-16-756x1024.jpg\" alt=\"\" class=\"wp-image-31251\" srcset=\"https:\/\/sgvaimudar.com.br\/wp-content\/uploads\/2025\/09\/unnamed-6-16-756x1024.jpg 756w, https:\/\/sgvaimudar.com.br\/wp-content\/uploads\/2025\/09\/unnamed-6-16-222x300.jpg 222w, https:\/\/sgvaimudar.com.br\/wp-content\/uploads\/2025\/09\/unnamed-6-16-768x1040.jpg 768w, https:\/\/sgvaimudar.com.br\/wp-content\/uploads\/2025\/09\/unnamed-6-16-1135x1536.jpg 1135w, https:\/\/sgvaimudar.com.br\/wp-content\/uploads\/2025\/09\/unnamed-6-16.jpg 1182w\" sizes=\"(max-width: 756px) 100vw, 756px\" \/><\/figure>\n\n\n\n<p><strong>4\/10:<\/strong>&nbsp;\u201cA Roupa da Rainha. Que Rainha?\u201d, inspirada no conto A Roupa Nova do Rei de Hans Christian Andersen, utiliza o mundo l\u00fadico para transmitir li\u00e7\u00f5es valiosas sobre temas como vaidade, orgulho, soberba, mentira e a pureza infantil. A trama gira em torno de uma rainha que, embora n\u00e3o seja realmente uma rainha, chega a um determinado lugar e decide exercer seu poder de forma autorit\u00e1ria e vaidosa.<\/p>\n\n\n\n<p>Hor\u00e1rio: 16h<\/p>\n\n\n\n<p>Classifica\u00e7\u00e3o: Livre&nbsp;<\/p>\n\n\n\n<p>Ingresso:&nbsp;<a href=\"https:\/\/click.cse360.com.br\/Click\/AddCampaignEmailClick\/a7238056-2818-48b1-36f4-08ddfba4418a\/https%253a%252f%252fwww.sympla.com.br%252fevento%252fa-roupa-da-rainha-que-rainha%252f3111272\/ac66966e-2b55-4484-fb2c-08dc491eed5f\/jornalistaws@gmail.com\/False\" rel=\"noreferrer noopener\" target=\"_blank\"><u>https:\/\/www.sympla.com.br\/evento\/a-roupa-da-rainha-que-rainha\/3111272<\/u><\/a>&nbsp;&nbsp;<\/p>\n\n\n\n<p>Valor: 30,00 inteira \/ 15,00 meia<\/p>\n\n\n\n<figure class=\"wp-block-image size-large\"><img decoding=\"async\" width=\"1024\" height=\"683\" src=\"https:\/\/sgvaimudar.com.br\/wp-content\/uploads\/2025\/09\/unnamed-8-13-1024x683.jpg\" alt=\"\" class=\"wp-image-31250\" srcset=\"https:\/\/sgvaimudar.com.br\/wp-content\/uploads\/2025\/09\/unnamed-8-13-1024x683.jpg 1024w, https:\/\/sgvaimudar.com.br\/wp-content\/uploads\/2025\/09\/unnamed-8-13-300x200.jpg 300w, https:\/\/sgvaimudar.com.br\/wp-content\/uploads\/2025\/09\/unnamed-8-13-768x512.jpg 768w, https:\/\/sgvaimudar.com.br\/wp-content\/uploads\/2025\/09\/unnamed-8-13.jpg 1500w\" sizes=\"(max-width: 1024px) 100vw, 1024px\" \/><\/figure>\n\n\n\n<p><strong>5\/10:<\/strong>&nbsp;A Orquestra Jovem da Guanabara, iniciativa oriunda da Ag\u00eancia do Bem, \u00e9 composta por alunos de oito escolas de m\u00fasica de cidades do entorno da Ba\u00eda de Guanabara, incluindo S\u00e3o Gon\u00e7alo. Neste concerto, o grupo traz um repert\u00f3rio focado na mudan\u00e7a clim\u00e1tica e justi\u00e7a ambiental.<\/p>\n\n\n\n<p>Hor\u00e1rio: 11h<\/p>\n\n\n\n<p>Classifica\u00e7\u00e3o: Livre&nbsp;<\/p>\n\n\n\n<p>Ingresso: Entrada Franca (Sujeito a Lota\u00e7\u00e3o)&nbsp;<\/p>\n\n\n\n<p>Valor: Gratuito<\/p>\n\n\n\n<p><strong>10\/10:<\/strong>&nbsp;Show Alusivo ao dia Dos Professores com a Orquestra Municipal de S\u00e3o Gon\u00e7alo.<\/p>\n\n\n\n<p>Hor\u00e1rio: 19h<\/p>\n\n\n\n<p>Classifica\u00e7\u00e3o: Livre<\/p>\n\n\n\n<p>Ingresso: Entrada Franca (Sujeito a Lota\u00e7\u00e3o)<\/p>\n\n\n\n<p>Valor: Gratuito<\/p>\n\n\n\n<p><strong>11\/10<\/strong>: O espet\u00e1culo de dan\u00e7a &#8220;Amado Tim\u00f3teo&#8221; retrata a hist\u00f3ria b\u00edblica de um jovem aparentemente t\u00edmido, que recebeu uma miss\u00e3o de fazer conhecida a sua f\u00e9, por\u00e9m teve que lidar com muitos desafios e problemas ao longo de sua jornada, como o in\u00edcio da persegui\u00e7\u00e3o religiosa provocada pelo imp\u00e9rio Romano.&nbsp;<\/p>\n\n\n\n<p>Hor\u00e1rio: 19h<\/p>\n\n\n\n<p>Classifica\u00e7\u00e3o: Livre<\/p>\n\n\n\n<p>Ingresso: Venda de ingressos no WhatsApp (2198786-6638)<\/p>\n\n\n\n<p>Valor: 20,00 inteira, 10,00 meia<\/p>\n\n\n\n<p><strong>12\/10:<\/strong>\u00a0Espet\u00e1culos em dose dupla no Municipal, com as pe\u00e7as &#8220;Vale da Lua&#8221; e &#8220;Presas&#8221;.<\/p>\n\n\n\n<figure class=\"wp-block-image size-large\"><img decoding=\"async\" width=\"819\" height=\"1024\" src=\"https:\/\/sgvaimudar.com.br\/wp-content\/uploads\/2025\/09\/unnamed-10-13-819x1024.jpg\" alt=\"\" class=\"wp-image-31249\" srcset=\"https:\/\/sgvaimudar.com.br\/wp-content\/uploads\/2025\/09\/unnamed-10-13-819x1024.jpg 819w, https:\/\/sgvaimudar.com.br\/wp-content\/uploads\/2025\/09\/unnamed-10-13-240x300.jpg 240w, https:\/\/sgvaimudar.com.br\/wp-content\/uploads\/2025\/09\/unnamed-10-13-768x960.jpg 768w, https:\/\/sgvaimudar.com.br\/wp-content\/uploads\/2025\/09\/unnamed-10-13-1229x1536.jpg 1229w, https:\/\/sgvaimudar.com.br\/wp-content\/uploads\/2025\/09\/unnamed-10-13.jpg 1280w\" sizes=\"(max-width: 819px) 100vw, 819px\" \/><\/figure>\n\n\n\n<p>A pe\u00e7a \u201cVale da Lua\u201d, baseada no livro hom\u00f4nimo de Jo\u00e3o das Neves, \u00e9 um convite para atravessar os portais da imagina\u00e7\u00e3o e redescobrir a magia do folclore brasileiro. Aqui, a tradi\u00e7\u00e3o oral floresce na voz da inf\u00e2ncia, onde crian\u00e7as inventam, reinventam e costuram mem\u00f3rias em novas hist\u00f3rias. Um espet\u00e1culo que celebra a for\u00e7a da palavra, a beleza do brincar e o encanto que s\u00f3 a inf\u00e2ncia \u00e9 capaz de revelar.<\/p>\n\n\n\n<p>\u201cPresas\u201d mostra a vida de mulheres que se encontram em um pres\u00eddio feminino na d\u00e9cada de 40, nos tempos da ditadura franquista, ap\u00f3s a Guerra Civil Espanhola. Atrav\u00e9s das vozes das protagonistas, a obra oferece uma vis\u00e3o profunda e multifacetada da experi\u00eancia carcer\u00e1ria, destacando as lutas, as esperan\u00e7as e as resist\u00eancias dessas mulheres, que eram comumente marginalizadas ao se oporem ao sistema.<\/p>\n\n\n\n<p>Hor\u00e1rio: Vale da Lua, 16h \/ Presas, 19h&nbsp;<\/p>\n\n\n\n<p>Classifica\u00e7\u00e3o: Vale da Lua: Livre \/ Presas: 14 anos&nbsp;<\/p>\n\n\n\n<p>Ingresso:<\/p>\n\n\n\n<p>Vale da Lua:&nbsp;<a href=\"https:\/\/click.cse360.com.br\/Click\/AddCampaignEmailClick\/a7238056-2818-48b1-36f4-08ddfba4418a\/https%253a%252f%252fwww.sympla.com.br%252fevento%252fvale-da-lua-12-10-as-16h-em-saogoncalo%252f3136841\/ac66966e-2b55-4484-fb2c-08dc491eed5f\/jornalistaws@gmail.com\/False\" rel=\"noreferrer noopener\" target=\"_blank\"><u>https:\/\/www.sympla.com.br\/evento\/vale-da-lua-12-10-as-16h-em-saogoncalo\/3136841<\/u><\/a>&nbsp;&nbsp;<\/p>\n\n\n\n<p>Presas:&nbsp;<a href=\"https:\/\/click.cse360.com.br\/Click\/AddCampaignEmailClick\/a7238056-2818-48b1-36f4-08ddfba4418a\/https%253a%252f%252fwww.sympla.com.br%252fevento%252fpresas-12-10-em-saogoncalo%252f3131837\/ac66966e-2b55-4484-fb2c-08dc491eed5f\/jornalistaws@gmail.com\/False\" rel=\"noreferrer noopener\" target=\"_blank\"><u>https:\/\/www.sympla.com.br\/evento\/presas-12-10-em-saogoncalo\/3131837<\/u><\/a>&nbsp;&nbsp;<\/p>\n\n\n\n<p>Valor: 60,00 inteira \/ 30,00 meia.<\/p>\n\n\n\n<figure class=\"wp-block-image size-large is-resized\"><img loading=\"lazy\" decoding=\"async\" width=\"576\" height=\"1024\" src=\"https:\/\/sgvaimudar.com.br\/wp-content\/uploads\/2025\/09\/unnamed-4-13-576x1024.jpg\" alt=\"\" class=\"wp-image-31245\" style=\"aspect-ratio:0.5625;width:576px;height:auto\" srcset=\"https:\/\/sgvaimudar.com.br\/wp-content\/uploads\/2025\/09\/unnamed-4-13-576x1024.jpg 576w, https:\/\/sgvaimudar.com.br\/wp-content\/uploads\/2025\/09\/unnamed-4-13-169x300.jpg 169w, https:\/\/sgvaimudar.com.br\/wp-content\/uploads\/2025\/09\/unnamed-4-13-768x1366.jpg 768w, https:\/\/sgvaimudar.com.br\/wp-content\/uploads\/2025\/09\/unnamed-4-13-864x1536.jpg 864w, https:\/\/sgvaimudar.com.br\/wp-content\/uploads\/2025\/09\/unnamed-4-13.jpg 899w\" sizes=\"(max-width: 576px) 100vw, 576px\" \/><\/figure>\n\n\n\n<p><strong>17\/10:<\/strong>&nbsp;\u201cDoutora Edna\u201d conta a hist\u00f3ria de Tereza, uma mulher cheia de problemas acumulados, decidida a buscar ajuda no consult\u00f3rio da Dra. Edna, uma psicanalista que garante ter m\u00e9todos inovadores para &#8220;curar qualquer alma&#8221;. Contudo, o que era para ser uma sess\u00e3o terap\u00eautica se transforma em uma sequ\u00eancia de situa\u00e7\u00f5es absurdas com um final surpreendente.<\/p>\n\n\n\n<p>Hor\u00e1rio: 20h<\/p>\n\n\n\n<p>Classifica\u00e7\u00e3o: 16 anos&nbsp;<\/p>\n\n\n\n<p>Ingresso:&nbsp;<a href=\"http:\/\/uticket.com.br\/event\/01LCDRM3A9TWSE\" target=\"_blank\" rel=\"noreferrer noopener\">uticket.com.br\/event\/01LCDRM3A9TWSE<\/a>&nbsp;<\/p>\n\n\n\n<p>Valor: 17,00.<\/p>\n\n\n\n<figure class=\"wp-block-image size-large\"><img loading=\"lazy\" decoding=\"async\" width=\"724\" height=\"1024\" src=\"https:\/\/sgvaimudar.com.br\/wp-content\/uploads\/2025\/09\/unnamed-9-14-724x1024.jpg\" alt=\"\" class=\"wp-image-31248\" srcset=\"https:\/\/sgvaimudar.com.br\/wp-content\/uploads\/2025\/09\/unnamed-9-14-724x1024.jpg 724w, https:\/\/sgvaimudar.com.br\/wp-content\/uploads\/2025\/09\/unnamed-9-14-212x300.jpg 212w, https:\/\/sgvaimudar.com.br\/wp-content\/uploads\/2025\/09\/unnamed-9-14-768x1086.jpg 768w, https:\/\/sgvaimudar.com.br\/wp-content\/uploads\/2025\/09\/unnamed-9-14-1086x1536.jpg 1086w, https:\/\/sgvaimudar.com.br\/wp-content\/uploads\/2025\/09\/unnamed-9-14.jpg 1131w\" sizes=\"(max-width: 724px) 100vw, 724px\" \/><\/figure>\n\n\n\n<p><strong>24\/10:<\/strong>&nbsp;O LIFT Festival vai reunir grandes especialistas do mercado e do setor p\u00fablico em uma noite para explorar como a tecnologia pode quebrar barreiras e como a inclus\u00e3o se torna a maior for\u00e7a para transformar o aprendizado. Uma oportunidade para descobrir as ferramentas e as ideias que est\u00e3o moldando os profissionais, estudantes e cidad\u00e3os do futuro. O festival contar\u00e1 com a presen\u00e7a do Dr. Luis Gustavo Rein\u00e9s (Grupo Kroton\/Anhanguera), Raquel Fontes (Psic\u00f3loga &#8211; Prefeitura de S\u00e3o Gon\u00e7alo) e do Prof. Jos\u00e9 Carlos (Inst. Cultural Brasil EUA).<\/p>\n\n\n\n<p>Hor\u00e1rio: 19h&nbsp;<\/p>\n\n\n\n<p>Classifica\u00e7\u00e3o: Livre<\/p>\n\n\n\n<p>Ingresso:&nbsp;<a href=\"https:\/\/click.cse360.com.br\/Click\/AddCampaignEmailClick\/a7238056-2818-48b1-36f4-08ddfba4418a\/https%253a%252f%252fwww.sympla.com.br%252fevento%252flift-festival-educacao-tecnologiainclusao%252f3132385\/ac66966e-2b55-4484-fb2c-08dc491eed5f\/jornalistaws@gmail.com\/False\" rel=\"noreferrer noopener\" target=\"_blank\">https:\/\/www.sympla.com.br\/evento\/lift-festival-educacao-tecnologiainclusao\/3132385<\/a>&nbsp;<\/p>\n\n\n\n<p><strong>25\/10:<\/strong>&nbsp;Novamente dois espet\u00e1culos na programa\u00e7\u00e3o do dia.<\/p>\n\n\n\n<p>\u201cVolpone\u201d \u00e9 uma com\u00e9dia cl\u00e1ssica do dramaturgo ingl\u00eas Ben Jonson, em nova montagem dirigida por Fabiano Alves e assistida por Rasec Rodrigues. A pe\u00e7a, escrita no s\u00e9culo XVII, mant\u00e9m-se atual ao retratar a gan\u00e2ncia, a ambi\u00e7\u00e3o desmedida e as m\u00e1scaras sociais que atravessam os tempos. Nesta hist\u00f3ria, \u00e9 poss\u00edvel conhecer Volpone, um velho rico que vive pregando pe\u00e7as em seus bajuladores, dizendo estar \u00e0 beira da morte para lhes arrancar fortunas, pedras preciosas e vantagens.<\/p>\n\n\n\n<figure class=\"wp-block-image size-large\"><img loading=\"lazy\" decoding=\"async\" width=\"1024\" height=\"768\" src=\"https:\/\/sgvaimudar.com.br\/wp-content\/uploads\/2025\/09\/unnamed-11-11-1024x768.jpg\" alt=\"\" class=\"wp-image-31247\" srcset=\"https:\/\/sgvaimudar.com.br\/wp-content\/uploads\/2025\/09\/unnamed-11-11-1024x768.jpg 1024w, https:\/\/sgvaimudar.com.br\/wp-content\/uploads\/2025\/09\/unnamed-11-11-300x225.jpg 300w, https:\/\/sgvaimudar.com.br\/wp-content\/uploads\/2025\/09\/unnamed-11-11-768x576.jpg 768w, https:\/\/sgvaimudar.com.br\/wp-content\/uploads\/2025\/09\/unnamed-11-11-1536x1152.jpg 1536w, https:\/\/sgvaimudar.com.br\/wp-content\/uploads\/2025\/09\/unnamed-11-11-2048x1536.jpg 2048w\" sizes=\"(max-width: 1024px) 100vw, 1024px\" \/><\/figure>\n\n\n\n<p>\u201cMudan\u00e7a de H\u00e1bito\u201d conta a hist\u00f3ria de Deloris Van Cartier, uma irreverente cantora de boate, que ap\u00f3s testemunhar um crime, \u00e9 for\u00e7ada a se esconder em um convento para garantir sua seguran\u00e7a. Em meio a um ambiente totalmente oposto ao seu estilo de vida, ela usa seu talento musical para transformar a rotina das freiras, trazendo alegria, uni\u00e3o e uma nova forma de enxergar a f\u00e9.<\/p>\n\n\n\n<p>Hor\u00e1rio: Volpone, 15h30 \/ Mudan\u00e7a de H\u00e1bito, 19h&nbsp;&nbsp;<\/p>\n\n\n\n<p>Classifica\u00e7\u00e3o: Volpone, 10 anos \/ Mudan\u00e7a de H\u00e1bito, 12 anos&nbsp;<\/p>\n\n\n\n<p>Ingresso: Volpone:&nbsp;<a href=\"https:\/\/click.cse360.com.br\/Click\/AddCampaignEmailClick\/a7238056-2818-48b1-36f4-08ddfba4418a\/https%253a%252f%252fwww.sympla.com.br%252fevento%252fvolpone-25-10-as-15-30-em-saogoncalo%252f3136898\/ac66966e-2b55-4484-fb2c-08dc491eed5f\/jornalistaws@gmail.com\/False\" rel=\"noreferrer noopener\" target=\"_blank\">https:\/\/www.sympla.com.br\/evento\/volpone-25-10-as-15-30-em-saogoncalo\/3136898<\/a>&nbsp;<\/p>\n\n\n\n<p>Mudan\u00e7a de H\u00e1bito:\u00a0<a rel=\"noreferrer noopener\" href=\"https:\/\/click.cse360.com.br\/Click\/AddCampaignEmailClick\/a7238056-2818-48b1-36f4-08ddfba4418a\/https%253a%252f%252fwww.sympla.com.br%252fevento%252fmudanca-de-habito-25-10-em-sao-goncalo%252f3131155\/ac66966e-2b55-4484-fb2c-08dc491eed5f\/jornalistaws@gmail.com\/False\" target=\"_blank\">https:\/\/www.sympla.com.br\/evento\/mudanca-de-habito-25-10-em-sao-goncalo\/3131155<\/a>.<\/p>\n\n\n\n<figure class=\"wp-block-image size-large\"><img loading=\"lazy\" decoding=\"async\" width=\"1024\" height=\"747\" src=\"https:\/\/sgvaimudar.com.br\/wp-content\/uploads\/2025\/09\/unnamed-5-15-1024x747.jpg\" alt=\"\" class=\"wp-image-31246\" srcset=\"https:\/\/sgvaimudar.com.br\/wp-content\/uploads\/2025\/09\/unnamed-5-15-1024x747.jpg 1024w, https:\/\/sgvaimudar.com.br\/wp-content\/uploads\/2025\/09\/unnamed-5-15-300x219.jpg 300w, https:\/\/sgvaimudar.com.br\/wp-content\/uploads\/2025\/09\/unnamed-5-15-768x560.jpg 768w, https:\/\/sgvaimudar.com.br\/wp-content\/uploads\/2025\/09\/unnamed-5-15.jpg 1280w\" sizes=\"(max-width: 1024px) 100vw, 1024px\" \/><\/figure>\n\n\n\n<p><strong>26\/10:<\/strong>&nbsp;O Encantado Mundo M\u00e1gico de Oz conta a hist\u00f3ria de Dorothy que deseja voltar para casa e \u00e9 informada de que deve encontrar o M\u00e1gico de Oz, que vive na Cidade das Esmeraldas. Em sua jornada, ela faz amizade com tr\u00eas criaturas: o Espantalho, que deseja um c\u00e9rebro; o Homem de Lata, que quer um cora\u00e7\u00e3o; e o Le\u00e3o Covarde, que busca coragem. Juntos, eles enfrentam desafios e a malvada Bruxa do Oeste.&nbsp;<\/p>\n\n\n\n<p>Hor\u00e1rio: 1\u00b0 Sess\u00e3o, 10h30 \/ 2\u00b0 Sess\u00e3o, 14h30&nbsp;<\/p>\n\n\n\n<p>Classifica\u00e7\u00e3o: Livre&nbsp;<\/p>\n\n\n\n<p>Ingresso: Haver\u00e1 venda de ingressos&nbsp;<\/p>\n\n\n\n<p><strong>29\/10:<\/strong>&nbsp;\u201cTrai\u00e7\u00e3o\u201d, adaptado livremente da obra \u201cA vida como ela \u00e9&#8230;\u201d de Nelson Rodrigues, em costura teatral de quatro de seus contos e transformado em obra fechada de \u00fanico ato, com cerca de 70 minutos de dura\u00e7\u00e3o, conta a hist\u00f3ria de uma fam\u00edlia, desgra\u00e7ada por trai\u00e7\u00f5es que descendem de \u00e9pocas antigas como uma chaga carregada por um sobrenome, gera\u00e7\u00e3o ap\u00f3s gera\u00e7\u00e3o.<\/p>\n\n\n\n<p>Hor\u00e1rio: 20h&nbsp;<\/p>\n\n\n\n<p>Classifica\u00e7\u00e3o: 14 anos&nbsp;<\/p>\n\n\n\n<p>Ingresso: Os ingressos est\u00e3o \u00e0 venda na secretaria da Casa de Cultura Fazendo Arte, na Rua Costa Rica &#8211; 121, no centro de S\u00e3o Gon\u00e7alo.&nbsp;<\/p>\n\n\n\n<p>Valor: 50,00 inteira \/ 25,00 inteira<\/p>\n\n\n\n<p><strong>30\/10:<\/strong>&nbsp;O Momento Musical Salvatori \u00e9 um grupo formado por mais de 30 artistas da terceira idade, da cidade de S\u00e3o Gon\u00e7alo. O projeto tem objetivo de oferecer seresta ao grande p\u00fablico, de forma acess\u00edvel e gratuita na regi\u00e3o central de S\u00e3o Gon\u00e7alo.<\/p>\n\n\n\n<p>Hor\u00e1rio: 10h&nbsp;<\/p>\n\n\n\n<p>Classifica\u00e7\u00e3o: Livre&nbsp;<\/p>\n\n\n\n<p>Ingresso: Entrada Franca&nbsp;<\/p>\n\n\n\n<p><strong>31\/10:<\/strong>&nbsp;Marcelo Bossa celebra seus 60 anos de vida em grande estilo, prestando homenagem a um dos maiores \u00edcones da nossa cultura, Caetano Veloso, com o Festival Tributo a Caetano. Trata-se de um show intimista e cheio de emo\u00e7\u00e3o, onde o artista revive grandes sucessos que marcaram gera\u00e7\u00f5es e que continuam encantando cora\u00e7\u00f5es.<\/p>\n\n\n\n<p>Hor\u00e1rio: 19h30&nbsp;<\/p>\n\n\n\n<p>Classifica\u00e7\u00e3o: Livre&nbsp;<\/p>\n\n\n\n<p>Ingresso:&nbsp;<a href=\"https:\/\/click.cse360.com.br\/Click\/AddCampaignEmailClick\/a7238056-2818-48b1-36f4-08ddfba4418a\/https%253a%252f%252fwww.sympla.com.br%252fevento%252ftributo-a-caetano-veloso-por-marcelobossa%252f3105151\/ac66966e-2b55-4484-fb2c-08dc491eed5f\/jornalistaws@gmail.com\/False\" rel=\"noreferrer noopener\" target=\"_blank\">https:\/\/www.sympla.com.br\/evento\/tributo-a-caetano-veloso-por-marcelobossa\/3105151<\/a>&nbsp;<\/p>\n\n\n\n<p>Valor: 25,00 inteira \/ 12,50 meia<\/p>\n\n\n\n<p><em>Fotos: Ascom<\/em><\/p>\n\n\n\n<p><strong><em>S\u00e3o Gon\u00e7alo vai mudar: Not\u00edcias de S\u00e3o Gon\u00e7alo e toda regi\u00e3o.<\/em><\/strong><\/p>\n\n\n\n<figure class=\"wp-block-image size-full\"><img loading=\"lazy\" decoding=\"async\" width=\"317\" height=\"111\" src=\"https:\/\/sgvaimudar.com.br\/wp-content\/uploads\/2023\/08\/Logo-Provisoria-2-2.png\" alt=\"\" class=\"wp-image-2781\" srcset=\"https:\/\/sgvaimudar.com.br\/wp-content\/uploads\/2023\/08\/Logo-Provisoria-2-2.png 317w, https:\/\/sgvaimudar.com.br\/wp-content\/uploads\/2023\/08\/Logo-Provisoria-2-2-300x105.png 300w\" sizes=\"(max-width: 317px) 100vw, 317px\" \/><\/figure>\n","protected":false},"excerpt":{"rendered":"<p>Apresenta\u00e7\u00f5es contam com espet\u00e1culos de dan\u00e7a, teatrais e musicais&nbsp; Outubro batendo na porta e o Teatro Municipal de S\u00e3o Gon\u00e7alo&hellip;<\/p>\n","protected":false},"author":5,"featured_media":31244,"comment_status":"closed","ping_status":"open","sticky":false,"template":"","format":"standard","meta":{"fifu_image_url":"","fifu_image_alt":"","footnotes":""},"categories":[6],"tags":[47,75],"class_list":["post-31243","post","type-post","status-publish","format-standard","has-post-thumbnail","hentry","category-entretenimento","tag-rj","tag-sao-goncalo"],"_links":{"self":[{"href":"https:\/\/sgvaimudar.com.br\/index.php\/wp-json\/wp\/v2\/posts\/31243","targetHints":{"allow":["GET"]}}],"collection":[{"href":"https:\/\/sgvaimudar.com.br\/index.php\/wp-json\/wp\/v2\/posts"}],"about":[{"href":"https:\/\/sgvaimudar.com.br\/index.php\/wp-json\/wp\/v2\/types\/post"}],"author":[{"embeddable":true,"href":"https:\/\/sgvaimudar.com.br\/index.php\/wp-json\/wp\/v2\/users\/5"}],"replies":[{"embeddable":true,"href":"https:\/\/sgvaimudar.com.br\/index.php\/wp-json\/wp\/v2\/comments?post=31243"}],"version-history":[{"count":1,"href":"https:\/\/sgvaimudar.com.br\/index.php\/wp-json\/wp\/v2\/posts\/31243\/revisions"}],"predecessor-version":[{"id":31252,"href":"https:\/\/sgvaimudar.com.br\/index.php\/wp-json\/wp\/v2\/posts\/31243\/revisions\/31252"}],"wp:featuredmedia":[{"embeddable":true,"href":"https:\/\/sgvaimudar.com.br\/index.php\/wp-json\/wp\/v2\/media\/31244"}],"wp:attachment":[{"href":"https:\/\/sgvaimudar.com.br\/index.php\/wp-json\/wp\/v2\/media?parent=31243"}],"wp:term":[{"taxonomy":"category","embeddable":true,"href":"https:\/\/sgvaimudar.com.br\/index.php\/wp-json\/wp\/v2\/categories?post=31243"},{"taxonomy":"post_tag","embeddable":true,"href":"https:\/\/sgvaimudar.com.br\/index.php\/wp-json\/wp\/v2\/tags?post=31243"}],"curies":[{"name":"wp","href":"https:\/\/api.w.org\/{rel}","templated":true}]}}