{"id":3121,"date":"2023-09-10T23:11:38","date_gmt":"2023-09-11T02:11:38","guid":{"rendered":"https:\/\/sgvaimudar.com.br\/?p=3121"},"modified":"2023-09-10T23:11:39","modified_gmt":"2023-09-11T02:11:39","slug":"wesley-safadao-fala-sobre-pausa-nos-shows-apos-crises-de-ansiedade-estou-esgotado-mentalmente","status":"publish","type":"post","link":"https:\/\/sgvaimudar.com.br\/index.php\/2023\/09\/10\/wesley-safadao-fala-sobre-pausa-nos-shows-apos-crises-de-ansiedade-estou-esgotado-mentalmente\/","title":{"rendered":"Wesley Safad\u00e3o fala sobre pausa nos shows ap\u00f3s crises de ansiedade: \u2018Estou esgotado mentalmente\u2019"},"content":{"rendered":"\n<p>Um artista amado em todo o Brasil surpreendeu os f\u00e3s. Wesley Safad\u00e3o anunciou que vai dar uma pausa nos shows. Em uma entrevista ao Fant\u00e1stico, ao lado da fam\u00edlia, o cantor explicou por que tomou essa decis\u00e3o: est\u00e1 com transtorno de ansiedade e precisa cuidar da sa\u00fade.<\/p>\n\n\n\n<p>\u201cEu estou esgotado. A palavra \u00e9 essa, assim, esgotado mentalmente. Eu n\u00e3o soube a hora certa de dosar, de diminuir o ritmo. (\u2026) \u00c9 como se eu n\u00e3o conseguisse dizer n\u00e3o\u201d, disse ao programa.<br>Safad\u00e3o \u00e9 um cantor acostumado a multid\u00f5es, com shows super produzidos e com horas de dura\u00e7\u00e3o. Mas a rotina de apresenta\u00e7\u00f5es foi interrompida esta semana. Ap\u00f3s um show em Natal, o cantor disse precisa aprender a se respeitar e anunciou a pausa.<\/p>\n\n\n\n<p>No dia seguinte, a equipe do cantor divulgou um comunicado: \u201cPor orienta\u00e7\u00e3o m\u00e9dica, Safad\u00e3o teve que pausar as apresenta\u00e7\u00f5es\u201d.<\/p>\n\n\n\n<p>O diagn\u00f3stico? Transtorno de ansiedade. O cantor conversou com o Fant\u00e1stico onde se refugiou com a fam\u00edlia logo depois do show em Natal.<\/p>\n\n\n\n<p>Wesley n\u00e3o est\u00e1 sozinho. Segundo a Organiza\u00e7\u00e3o Mundial de Sa\u00fade, o Brasil \u00e9 um dos pa\u00edses mais ansiosos do mundo. S\u00e3o quase 19 milh\u00f5es de brasileiros com ansiedade no pa\u00eds.<\/p>\n\n\n\n<p>O artista est\u00e1 sendo acompanhado por um psiquiatra, usando medicamentos e fazendo terapia.<\/p>\n\n\n\n<p>Fonte: Fant\u00e1stico<\/p>\n\n\n\n<h1 class=\"wp-block-heading\">sgvaimudar<\/h1>\n","protected":false},"excerpt":{"rendered":"<p>Um artista amado em todo o Brasil surpreendeu os f\u00e3s. Wesley Safad\u00e3o anunciou que vai dar uma pausa nos shows.&hellip;<\/p>\n","protected":false},"author":2,"featured_media":3122,"comment_status":"open","ping_status":"open","sticky":false,"template":"","format":"standard","meta":{"fifu_image_url":"","fifu_image_alt":"","footnotes":""},"categories":[7],"tags":[],"class_list":["post-3121","post","type-post","status-publish","format-standard","has-post-thumbnail","hentry","category-saude"],"_links":{"self":[{"href":"https:\/\/sgvaimudar.com.br\/index.php\/wp-json\/wp\/v2\/posts\/3121","targetHints":{"allow":["GET"]}}],"collection":[{"href":"https:\/\/sgvaimudar.com.br\/index.php\/wp-json\/wp\/v2\/posts"}],"about":[{"href":"https:\/\/sgvaimudar.com.br\/index.php\/wp-json\/wp\/v2\/types\/post"}],"author":[{"embeddable":true,"href":"https:\/\/sgvaimudar.com.br\/index.php\/wp-json\/wp\/v2\/users\/2"}],"replies":[{"embeddable":true,"href":"https:\/\/sgvaimudar.com.br\/index.php\/wp-json\/wp\/v2\/comments?post=3121"}],"version-history":[{"count":1,"href":"https:\/\/sgvaimudar.com.br\/index.php\/wp-json\/wp\/v2\/posts\/3121\/revisions"}],"predecessor-version":[{"id":3123,"href":"https:\/\/sgvaimudar.com.br\/index.php\/wp-json\/wp\/v2\/posts\/3121\/revisions\/3123"}],"wp:featuredmedia":[{"embeddable":true,"href":"https:\/\/sgvaimudar.com.br\/index.php\/wp-json\/wp\/v2\/media\/3122"}],"wp:attachment":[{"href":"https:\/\/sgvaimudar.com.br\/index.php\/wp-json\/wp\/v2\/media?parent=3121"}],"wp:term":[{"taxonomy":"category","embeddable":true,"href":"https:\/\/sgvaimudar.com.br\/index.php\/wp-json\/wp\/v2\/categories?post=3121"},{"taxonomy":"post_tag","embeddable":true,"href":"https:\/\/sgvaimudar.com.br\/index.php\/wp-json\/wp\/v2\/tags?post=3121"}],"curies":[{"name":"wp","href":"https:\/\/api.w.org\/{rel}","templated":true}]}}