{"id":31173,"date":"2025-09-27T10:00:00","date_gmt":"2025-09-27T13:00:00","guid":{"rendered":"https:\/\/sgvaimudar.com.br\/?p=31173"},"modified":"2025-09-27T08:02:35","modified_gmt":"2025-09-27T11:02:35","slug":"em-sao-goncalo-fisioterapia-de-idosos-no-cer-iii-vai-alem-do-tratamento-de-reabilitacao","status":"publish","type":"post","link":"https:\/\/sgvaimudar.com.br\/index.php\/2025\/09\/27\/em-sao-goncalo-fisioterapia-de-idosos-no-cer-iii-vai-alem-do-tratamento-de-reabilitacao\/","title":{"rendered":"Em S\u00e3o Gon\u00e7alo, fisioterapia de idosos no CER III vai al\u00e9m do tratamento de reabilita\u00e7\u00e3o"},"content":{"rendered":"\n<p><em>Grupo fortaleceu amizade, com efeitos positivos na sa\u00fade mental dos pacientes&nbsp;&nbsp;&nbsp;&nbsp;&nbsp;&nbsp;<\/em><\/p>\n\n\n\n<p>O setor de fisioterapia do Centro Especializado em Reabilita\u00e7\u00e3o (CER III), em Neves, transformou-se em um lugar que vai al\u00e9m da reabilita\u00e7\u00e3o motora para um grupo de idosos. As sess\u00f5es de fisioterapia contam com muitas conversas descontra\u00eddas, risos e troca de experi\u00eancias. E o que era para ser apenas parte de um tratamento tornou-se um momento aguardado com entusiasmo: as sess\u00f5es semanais de fisioterapia s\u00e3o verdadeiros encontros de amizade.<\/p>\n\n\n\n<p>Tudo come\u00e7ou h\u00e1 cerca de seis meses, quando os aposentados Am\u00e9rico Correia Filho, de 66 anos, e Elim\u00e1rio Gomes da Silva, 71, iniciaram a fisioterapia em dupla. Com o tempo e resultado positivo, outros pacientes come\u00e7aram a chegar, formando o grupo. Hoje s\u00e3o mais de dez pessoas. No in\u00edcio, as sess\u00f5es eram silenciosas e marcadas por certa timidez. Hoje, a anima\u00e7\u00e3o do grupo se mistura ao som dos aparelhos de fisioterapia e de m\u00fasica animada.\u00a0\u00a0<\/p>\n\n\n\n<figure class=\"wp-block-image size-full\"><img fetchpriority=\"high\" decoding=\"async\" width=\"1024\" height=\"681\" src=\"https:\/\/sgvaimudar.com.br\/wp-content\/uploads\/2025\/09\/unnamed-6-15.jpg\" alt=\"\" class=\"wp-image-31174\" srcset=\"https:\/\/sgvaimudar.com.br\/wp-content\/uploads\/2025\/09\/unnamed-6-15.jpg 1024w, https:\/\/sgvaimudar.com.br\/wp-content\/uploads\/2025\/09\/unnamed-6-15-300x200.jpg 300w, https:\/\/sgvaimudar.com.br\/wp-content\/uploads\/2025\/09\/unnamed-6-15-768x511.jpg 768w\" sizes=\"(max-width: 1024px) 100vw, 1024px\" \/><\/figure>\n\n\n\n<p>Sob a orienta\u00e7\u00e3o da fisioterapeuta Lucilayne Miranda, os encontros passaram a ter um clima mais leve. A profissional adaptou os exerc\u00edcios para que pudessem ser feitos em grupo, incentivando a intera\u00e7\u00e3o. Outras tr\u00eas profissionais colaboram com o trabalho: C\u00e9lia Monteiro, Val\u00e9ria Peneda e Marcele Duarte. E at\u00e9 os outros pacientes que ainda fazem a fisioterapia individualizada no mesmo hor\u00e1rio aproveitam a descontra\u00e7\u00e3o.&nbsp;<\/p>\n\n\n\n<p>\u201cA melhora f\u00edsica \u00e9 vis\u00edvel. Eles precisam se exercitar e est\u00e3o recuperando os movimentos para as atividades do dia a dia. Mas o impacto emocional \u00e9 ainda mais impressionante. Eles criaram uma rede de apoio entre si, um est\u00e1 ajudando o outro, o que \u00e9 fundamental para o sucesso da reabilita\u00e7\u00e3o\u201d, afirmou Lucilayne.<\/p>\n\n\n\n<p>O tratamento j\u00e1 virou terapia para a maioria. Eles chegam mais de uma hora antes do hor\u00e1rio da fisioterapia, conversam de tudo, contam hist\u00f3rias das fam\u00edlias, se ajudam e fazem at\u00e9 uma pequena confraterniza\u00e7\u00e3o a cada fim de sess\u00e3o. Tido como l\u00edder do grupo por ter sido o pioneiro, Am\u00e9rico diz que vai sentir muita falta quando receber alta.&nbsp;<\/p>\n\n\n\n<p>\u201cComecei na fisioterapia por ter problemas na coluna ap\u00f3s um acidente. O tratamento era bom quando era individualizado. Mas agora est\u00e1 muito melhor. Um descontrai o outro. O grupo ajuda. Quando estou aqui, eu fico bem. N\u00e3o sinto nada. Al\u00e9m do f\u00edsico, tamb\u00e9m melhorou a minha cabe\u00e7a. Eu estava esquecido e reativei a mem\u00f3ria. A gente veio cuidar da sa\u00fade do corpo, mas acabou cuidando tamb\u00e9m da sa\u00fade mental. Vou sentir muita falta\u201d, contou Am\u00e9rico.&nbsp;<\/p>\n\n\n\n<p>As hist\u00f3rias de vida s\u00e3o diferentes e o in\u00edcio da fisioterapia tamb\u00e9m: desde recupera\u00e7\u00e3o de cirurgias at\u00e9 o tratamento de dores cr\u00f4nicas e reabilita\u00e7\u00e3o motora. No entanto, o sentimento de gratid\u00e3o parece ser o mesmo para os integrantes do coletivo. A pensionista Jacira da Silva Rodrigues, 71, \u00e9 uma das mais animadas e sempre fala umas \u2018gra\u00e7as\u2019 durante o tratamento, garantindo tamb\u00e9m a divers\u00e3o.&nbsp;&nbsp;<\/p>\n\n\n\n<p>\u201cAl\u00e9m de nos fazer bem fisicamente, estamos sendo tratados emocionalmente. Comecei a fazer sozinha ap\u00f3s colocar uma pr\u00f3tese no joelho e, depois, migrei para o grupo. N\u00e3o quero outra coisa. Elas me reabilitaram em todos os sentidos. Estou nova em folha. Vou correr uma maratona e chegar em primeiro lugar\u201d, brincou, acrescentando que: \u201cN\u00f3s sentimos saudade nos dias que n\u00e3o viemos. As fisioterapeutas s\u00e3o maravilhosas. Tudo muito perfeito aqui. Estamos muito felizes\u201d, finalizou.&nbsp;&nbsp;&nbsp;&nbsp;&nbsp;&nbsp;&nbsp;&nbsp;&nbsp;&nbsp;&nbsp;&nbsp;<\/p>\n\n\n\n<p>O caso tem chamado a aten\u00e7\u00e3o de outros pacientes e da pr\u00f3pria equipe do CER III, que estuda implementar grupos terap\u00eauticos voltados n\u00e3o apenas para a reabilita\u00e7\u00e3o f\u00edsica, mas tamb\u00e9m para o fortalecimento dos la\u00e7os sociais entre os pacientes, cuidando do corpo e da mente e possibilitando que mais pessoas possam fazer o tratamento no mesmo hor\u00e1rio.&nbsp;<\/p>\n\n\n\n<p>\u201cO que era, para muitos, apenas mais uma obriga\u00e7\u00e3o, tornou-se um dos momentos mais felizes da semana. Tanto que eles pedem para aumentar a quantidade dos dias de tratamento. A hist\u00f3ria do grupo \u00e9 uma prova de que, com empatia, cuidado e companhia, at\u00e9 os desafios da sa\u00fade podem ser enfrentados com mais leveza. A gente ficou muito feliz e come\u00e7ou a estudar a possibilidade de formar outros grupos em diferentes dias e hor\u00e1rios. Essa experi\u00eancia est\u00e1 sendo muito v\u00e1lida\u201d, afirmou a diretora da unidade, Micheli Samary.<\/p>\n\n\n\n<p><em>Fotos: Julio Diniz<\/em><\/p>\n\n\n\n<p><strong><em>S\u00e3o Gon\u00e7alo vai mudar: Not\u00edcias de S\u00e3o Gon\u00e7alo e toda regi\u00e3o.<\/em><\/strong><\/p>\n\n\n\n<figure class=\"wp-block-image size-large\"><img decoding=\"async\" width=\"1024\" height=\"252\" src=\"https:\/\/sgvaimudar.com.br\/wp-content\/uploads\/2025\/03\/Anuncie-Aqui-Sao-Goncalo-vai-mudar-1024x252.jpg\" alt=\"\" class=\"wp-image-22693\" srcset=\"https:\/\/sgvaimudar.com.br\/wp-content\/uploads\/2025\/03\/Anuncie-Aqui-Sao-Goncalo-vai-mudar-1024x252.jpg 1024w, https:\/\/sgvaimudar.com.br\/wp-content\/uploads\/2025\/03\/Anuncie-Aqui-Sao-Goncalo-vai-mudar-300x74.jpg 300w, https:\/\/sgvaimudar.com.br\/wp-content\/uploads\/2025\/03\/Anuncie-Aqui-Sao-Goncalo-vai-mudar-768x189.jpg 768w, https:\/\/sgvaimudar.com.br\/wp-content\/uploads\/2025\/03\/Anuncie-Aqui-Sao-Goncalo-vai-mudar-1536x378.jpg 1536w, https:\/\/sgvaimudar.com.br\/wp-content\/uploads\/2025\/03\/Anuncie-Aqui-Sao-Goncalo-vai-mudar-2048x504.jpg 2048w\" sizes=\"(max-width: 1024px) 100vw, 1024px\" \/><\/figure>\n","protected":false},"excerpt":{"rendered":"<p>Grupo fortaleceu amizade, com efeitos positivos na sa\u00fade mental dos pacientes&nbsp;&nbsp;&nbsp;&nbsp;&nbsp;&nbsp; O setor de fisioterapia do Centro Especializado em Reabilita\u00e7\u00e3o&hellip;<\/p>\n","protected":false},"author":5,"featured_media":31175,"comment_status":"closed","ping_status":"open","sticky":false,"template":"","format":"standard","meta":{"fifu_image_url":"","fifu_image_alt":"","footnotes":""},"categories":[7],"tags":[47,75],"class_list":["post-31173","post","type-post","status-publish","format-standard","has-post-thumbnail","hentry","category-saude","tag-rj","tag-sao-goncalo"],"_links":{"self":[{"href":"https:\/\/sgvaimudar.com.br\/index.php\/wp-json\/wp\/v2\/posts\/31173","targetHints":{"allow":["GET"]}}],"collection":[{"href":"https:\/\/sgvaimudar.com.br\/index.php\/wp-json\/wp\/v2\/posts"}],"about":[{"href":"https:\/\/sgvaimudar.com.br\/index.php\/wp-json\/wp\/v2\/types\/post"}],"author":[{"embeddable":true,"href":"https:\/\/sgvaimudar.com.br\/index.php\/wp-json\/wp\/v2\/users\/5"}],"replies":[{"embeddable":true,"href":"https:\/\/sgvaimudar.com.br\/index.php\/wp-json\/wp\/v2\/comments?post=31173"}],"version-history":[{"count":1,"href":"https:\/\/sgvaimudar.com.br\/index.php\/wp-json\/wp\/v2\/posts\/31173\/revisions"}],"predecessor-version":[{"id":31176,"href":"https:\/\/sgvaimudar.com.br\/index.php\/wp-json\/wp\/v2\/posts\/31173\/revisions\/31176"}],"wp:featuredmedia":[{"embeddable":true,"href":"https:\/\/sgvaimudar.com.br\/index.php\/wp-json\/wp\/v2\/media\/31175"}],"wp:attachment":[{"href":"https:\/\/sgvaimudar.com.br\/index.php\/wp-json\/wp\/v2\/media?parent=31173"}],"wp:term":[{"taxonomy":"category","embeddable":true,"href":"https:\/\/sgvaimudar.com.br\/index.php\/wp-json\/wp\/v2\/categories?post=31173"},{"taxonomy":"post_tag","embeddable":true,"href":"https:\/\/sgvaimudar.com.br\/index.php\/wp-json\/wp\/v2\/tags?post=31173"}],"curies":[{"name":"wp","href":"https:\/\/api.w.org\/{rel}","templated":true}]}}