{"id":31088,"date":"2025-09-25T12:00:00","date_gmt":"2025-09-25T15:00:00","guid":{"rendered":"https:\/\/sgvaimudar.com.br\/?p=31088"},"modified":"2025-09-25T09:11:21","modified_gmt":"2025-09-25T12:11:21","slug":"atencao-sg-previ-inicia-recenseamento-previdenciario-2025","status":"publish","type":"post","link":"https:\/\/sgvaimudar.com.br\/index.php\/2025\/09\/25\/atencao-sg-previ-inicia-recenseamento-previdenciario-2025\/","title":{"rendered":"Aten\u00e7\u00e3o! SG-Previ inicia Recenseamento Previdenci\u00e1rio 2025"},"content":{"rendered":"\n<p><em>Servidores ativos, inativos e pensionistas devem atualizar dados at\u00e9 23 de outubro<\/em><\/p>\n\n\n\n<p>O Instituto de Previd\u00eancia do Munic\u00edpio de S\u00e3o Gon\u00e7alo (SG-Previ) iniciou esta semana o Recenseamento Previdenci\u00e1rio 2025. A atualiza\u00e7\u00e3o cadastral \u00e9 obrigat\u00f3ria para todos os segurados do Regime Pr\u00f3prio de Previd\u00eancia Social (RPPS) do munic\u00edpio, incluindo servidores ativos ocupantes de cargo efetivo, inativos e pensionistas, tanto da administra\u00e7\u00e3o direta quanto indireta, dos poderes Executivo e Legislativo, mesmo que estejam cedidos, licenciados ou afastados.<\/p>\n\n\n\n<p>O recenseamento dever\u00e1 ser realizado at\u00e9 23 de outubro e tem como objetivo atualizar a base de dados do RPPS, assegurar a continuidade dos benef\u00edcios previdenci\u00e1rios e atender \u00e0s exig\u00eancias legais, especialmente no que diz respeito \u00e0 integra\u00e7\u00e3o com o eSocial. A forma de realiza\u00e7\u00e3o varia de acordo com o v\u00ednculo do segurado.<\/p>\n\n\n\n<figure class=\"wp-block-image size-large\"><img fetchpriority=\"high\" decoding=\"async\" width=\"768\" height=\"1024\" src=\"https:\/\/sgvaimudar.com.br\/wp-content\/uploads\/2025\/09\/unnamed-2-768x1024.png\" alt=\"\" class=\"wp-image-31089\" srcset=\"https:\/\/sgvaimudar.com.br\/wp-content\/uploads\/2025\/09\/unnamed-2-768x1024.png 768w, https:\/\/sgvaimudar.com.br\/wp-content\/uploads\/2025\/09\/unnamed-2-225x300.png 225w, https:\/\/sgvaimudar.com.br\/wp-content\/uploads\/2025\/09\/unnamed-2.png 1080w\" sizes=\"(max-width: 768px) 100vw, 768px\" \/><\/figure>\n\n\n\n<p>Para os servidores ativos da administra\u00e7\u00e3o direta, o recenseamento ser\u00e1 feito de forma eletr\u00f4nica, por meio da \u00e1rea do Portal do Servidor:&nbsp;<a href=\"https:\/\/click.cse360.com.br\/Click\/AddCampaignEmailClick\/14b3b9e8-7cfb-49ec-369b-08ddf586e882\/https%253a%252f%252fwww.pmsg.rj.gov.br%252fportal-do-servidor%252f\/ac66966e-2b55-4484-fb2c-08dc491eed5f\/jornalistaws@gmail.com\/False\" rel=\"noreferrer noopener\" target=\"_blank\">https:\/\/www.pmsg.rj.gov.br\/portal-do-servidor\/<\/a>. Os segurados dever\u00e3o atualizar seus dados pessoais e os de seus dependentes, al\u00e9m de anexar os documentos exigidos. J\u00e1 os servidores ativos das autarquias, funda\u00e7\u00f5es e do Poder Legislativo dever\u00e3o realizar o procedimento presencialmente, em suas respectivas sedes, sendo esta etapa considerada tamb\u00e9m como prova de vida.<\/p>\n\n\n\n<p>Os servidores inativos e pensionistas dever\u00e3o comparecer presencialmente \u00e0 sede do SG-PREVI para realiza\u00e7\u00e3o do recenseamento, na Rua Coronel Serrado, n\u00ba 1000, sala 801 \u2013 Bairro Z\u00e9 Garoto, S\u00e3o Gon\u00e7alo\/RJ. No entanto, os que j\u00e1 tiverem realizado prova de vida no ano de 2025 junto ao Instituto estar\u00e3o dispensados do recenseamento, desde que os dados estejam atualizados. A Diretoria de Previd\u00eancia (DPV) ser\u00e1 respons\u00e1vel pela condu\u00e7\u00e3o desta etapa.<\/p>\n\n\n\n<p>Para os segurados inativos e pensionistas que estiverem a mais de 200 quil\u00f4metros de dist\u00e2ncia do munic\u00edpio, em outro Estado ou fora do pa\u00eds, o recenseamento poder\u00e1 ser feito de forma remota, por meio do e-mail&nbsp;<a href=\"mailto:dpv@ipasg.rj.gov.br\" rel=\"noreferrer noopener\" target=\"_blank\">dpv@ipasg.rj.gov.br<\/a>. Nesses casos, al\u00e9m dos documentos e informa\u00e7\u00f5es exigidas, ser\u00e1 necess\u00e1rio apresentar declara\u00e7\u00e3o de vida emitida por tabeli\u00e3o de notas (se em territ\u00f3rio nacional) ou pela Embaixada ou Consulado brasileiro (se no exterior), contendo dados pessoais e estado civil do segurado, e expedida no mesmo m\u00eas da atualiza\u00e7\u00e3o.<\/p>\n\n\n\n<p><strong>A documenta\u00e7\u00e3o obrigat\u00f3ria para o recenseamento inclui, para o segurado:<\/strong><\/p>\n\n\n\n<p>-Documento de identidade com foto<\/p>\n\n\n\n<p>-CPF<\/p>\n\n\n\n<p>-Comprovante de resid\u00eancia atualizado (\u00faltimos 90 dias)<\/p>\n\n\n\n<p>-Certid\u00e3o de nascimento, casamento ou declara\u00e7\u00e3o de uni\u00e3o est\u00e1vel<\/p>\n\n\n\n<p>-T\u00edtulo de eleitor<\/p>\n\n\n\n<p>-PASEP\/PIS\/NIT e Certid\u00e3o de Tempo de Contribui\u00e7\u00e3o (CTC) expedida pelo INSS ou protocolo de agendamento.&nbsp;<\/p>\n\n\n\n<p><strong>Para os dependentes, s\u00e3o exigidos:&nbsp;<\/strong><\/p>\n\n\n\n<p>-Documento de identifica\u00e7\u00e3o com foto ou certid\u00e3o de nascimento<\/p>\n\n\n\n<p>-CPF<\/p>\n\n\n\n<p>-Documento que comprove a depend\u00eancia<\/p>\n\n\n\n<p>-Laudo m\u00e9dico (em caso de invalidez) e termo de curatela ou interdi\u00e7\u00e3o, se for o caso. A documenta\u00e7\u00e3o deve ser apresentada sempre que ainda n\u00e3o tiver sido entregue anteriormente.<\/p>\n\n\n\n<p><strong><em>S\u00e3o Gon\u00e7alo vai mudar: Not\u00edcias de S\u00e3o Gon\u00e7alo e toda regi\u00e3o.<\/em><\/strong><\/p>\n\n\n\n<figure class=\"wp-block-image size-large\"><img decoding=\"async\" width=\"1024\" height=\"252\" src=\"https:\/\/sgvaimudar.com.br\/wp-content\/uploads\/2025\/03\/Anuncie-Aqui-Sao-Goncalo-vai-mudar-1024x252.jpg\" alt=\"\" class=\"wp-image-22693\" srcset=\"https:\/\/sgvaimudar.com.br\/wp-content\/uploads\/2025\/03\/Anuncie-Aqui-Sao-Goncalo-vai-mudar-1024x252.jpg 1024w, https:\/\/sgvaimudar.com.br\/wp-content\/uploads\/2025\/03\/Anuncie-Aqui-Sao-Goncalo-vai-mudar-300x74.jpg 300w, https:\/\/sgvaimudar.com.br\/wp-content\/uploads\/2025\/03\/Anuncie-Aqui-Sao-Goncalo-vai-mudar-768x189.jpg 768w, https:\/\/sgvaimudar.com.br\/wp-content\/uploads\/2025\/03\/Anuncie-Aqui-Sao-Goncalo-vai-mudar-1536x378.jpg 1536w, https:\/\/sgvaimudar.com.br\/wp-content\/uploads\/2025\/03\/Anuncie-Aqui-Sao-Goncalo-vai-mudar-2048x504.jpg 2048w\" sizes=\"(max-width: 1024px) 100vw, 1024px\" \/><\/figure>\n","protected":false},"excerpt":{"rendered":"<p>Servidores ativos, inativos e pensionistas devem atualizar dados at\u00e9 23 de outubro O Instituto de Previd\u00eancia do Munic\u00edpio de S\u00e3o&hellip;<\/p>\n","protected":false},"author":5,"featured_media":9777,"comment_status":"closed","ping_status":"open","sticky":false,"template":"","format":"standard","meta":{"fifu_image_url":"","fifu_image_alt":"","footnotes":""},"categories":[3],"tags":[47,75],"class_list":["post-31088","post","type-post","status-publish","format-standard","has-post-thumbnail","hentry","category-sao-goncalo","tag-rj","tag-sao-goncalo"],"_links":{"self":[{"href":"https:\/\/sgvaimudar.com.br\/index.php\/wp-json\/wp\/v2\/posts\/31088","targetHints":{"allow":["GET"]}}],"collection":[{"href":"https:\/\/sgvaimudar.com.br\/index.php\/wp-json\/wp\/v2\/posts"}],"about":[{"href":"https:\/\/sgvaimudar.com.br\/index.php\/wp-json\/wp\/v2\/types\/post"}],"author":[{"embeddable":true,"href":"https:\/\/sgvaimudar.com.br\/index.php\/wp-json\/wp\/v2\/users\/5"}],"replies":[{"embeddable":true,"href":"https:\/\/sgvaimudar.com.br\/index.php\/wp-json\/wp\/v2\/comments?post=31088"}],"version-history":[{"count":1,"href":"https:\/\/sgvaimudar.com.br\/index.php\/wp-json\/wp\/v2\/posts\/31088\/revisions"}],"predecessor-version":[{"id":31090,"href":"https:\/\/sgvaimudar.com.br\/index.php\/wp-json\/wp\/v2\/posts\/31088\/revisions\/31090"}],"wp:featuredmedia":[{"embeddable":true,"href":"https:\/\/sgvaimudar.com.br\/index.php\/wp-json\/wp\/v2\/media\/9777"}],"wp:attachment":[{"href":"https:\/\/sgvaimudar.com.br\/index.php\/wp-json\/wp\/v2\/media?parent=31088"}],"wp:term":[{"taxonomy":"category","embeddable":true,"href":"https:\/\/sgvaimudar.com.br\/index.php\/wp-json\/wp\/v2\/categories?post=31088"},{"taxonomy":"post_tag","embeddable":true,"href":"https:\/\/sgvaimudar.com.br\/index.php\/wp-json\/wp\/v2\/tags?post=31088"}],"curies":[{"name":"wp","href":"https:\/\/api.w.org\/{rel}","templated":true}]}}