{"id":30708,"date":"2025-09-16T07:38:51","date_gmt":"2025-09-16T10:38:51","guid":{"rendered":"https:\/\/sgvaimudar.com.br\/?p=30708"},"modified":"2025-09-16T07:38:51","modified_gmt":"2025-09-16T10:38:51","slug":"sao-goncalo-abre-centro-da-assistencia-social-no-porto-novo","status":"publish","type":"post","link":"https:\/\/sgvaimudar.com.br\/index.php\/2025\/09\/16\/sao-goncalo-abre-centro-da-assistencia-social-no-porto-novo\/","title":{"rendered":"S\u00e3o Gon\u00e7alo abre centro da Assist\u00eancia Social no Porto Novo"},"content":{"rendered":"\n<p><em>Equipamento \u00e9 o sexto do munic\u00edpio; CRAS Neves passa a funcionar no mesmo local<\/em><\/p>\n\n\n\n<p>A Secretaria de Assist\u00eancia Social da Prefeitura de S\u00e3o Gon\u00e7alo, na manh\u00e3 desta segunda-feira (15\/09), abriu um novo Centro de Refer\u00eancia Especializado de Assist\u00eancia Social (CREAS). O sexto CREAS do munic\u00edpio fica no Porto Novo, na Rua Capit\u00e3o Jo\u00e3o Manoel, 227. O local funciona de segunda a sexta-feira, das 9h \u00e0s 17h.<\/p>\n\n\n\n<p>Para facilitar o acesso da popula\u00e7\u00e3o, o Centro de Refer\u00eancia de Assist\u00eancia Social (CRAS) &#8211; Neves, que antes funcionava na Venda da Cruz, tamb\u00e9m passa a atender no endere\u00e7o do Porto Novo. Est\u00e3o na \u00e1rea de abrang\u00eancia deste CRAS os bairros Covanca (ap\u00f3s a Igreja Cat\u00f3lica), Gradim, Neves, Paiva, Para\u00edso, Patronato, Porto da Madama, Porto Novo, Porto Velho e Vila Lage.<\/p>\n\n\n\n<p>O CREAS oferta servi\u00e7o de prote\u00e7\u00e3o e atendimento especializado a fam\u00edlias e indiv\u00edduos, podendo ofertar outros servi\u00e7os como abordagem social e atendimento a pessoas com defici\u00eancia e suas fam\u00edlias.\u00a0<\/p>\n\n\n\n<p>O equipamento orienta e encaminha os cidad\u00e3os para os servi\u00e7os p\u00fablicos existentes no munic\u00edpio. Al\u00e9m disso, o local oferece informa\u00e7\u00f5es, orienta\u00e7\u00e3o jur\u00eddica, apoio no acesso \u00e0 documenta\u00e7\u00e3o pessoal e estimula a mobiliza\u00e7\u00e3o comunit\u00e1ria.<\/p>\n\n\n\n<p><em>Foto: Renan Otto<\/em><\/p>\n\n\n\n<p><strong><em>S\u00e3o Gon\u00e7alo vai mudar: Not\u00edcias de S\u00e3o Gon\u00e7alo e toda regi\u00e3o.<\/em><\/strong><\/p>\n\n\n\n<figure class=\"wp-block-image size-large\"><img fetchpriority=\"high\" decoding=\"async\" width=\"1024\" height=\"252\" src=\"https:\/\/sgvaimudar.com.br\/wp-content\/uploads\/2025\/03\/Anuncie-Aqui-Sao-Goncalo-vai-mudar-1024x252.jpg\" alt=\"\" class=\"wp-image-22693\" srcset=\"https:\/\/sgvaimudar.com.br\/wp-content\/uploads\/2025\/03\/Anuncie-Aqui-Sao-Goncalo-vai-mudar-1024x252.jpg 1024w, https:\/\/sgvaimudar.com.br\/wp-content\/uploads\/2025\/03\/Anuncie-Aqui-Sao-Goncalo-vai-mudar-300x74.jpg 300w, https:\/\/sgvaimudar.com.br\/wp-content\/uploads\/2025\/03\/Anuncie-Aqui-Sao-Goncalo-vai-mudar-768x189.jpg 768w, https:\/\/sgvaimudar.com.br\/wp-content\/uploads\/2025\/03\/Anuncie-Aqui-Sao-Goncalo-vai-mudar-1536x378.jpg 1536w, https:\/\/sgvaimudar.com.br\/wp-content\/uploads\/2025\/03\/Anuncie-Aqui-Sao-Goncalo-vai-mudar-2048x504.jpg 2048w\" sizes=\"(max-width: 1024px) 100vw, 1024px\" \/><\/figure>\n","protected":false},"excerpt":{"rendered":"<p>Equipamento \u00e9 o sexto do munic\u00edpio; CRAS Neves passa a funcionar no mesmo local A Secretaria de Assist\u00eancia Social da&hellip;<\/p>\n","protected":false},"author":5,"featured_media":30709,"comment_status":"open","ping_status":"open","sticky":false,"template":"","format":"standard","meta":{"fifu_image_url":"","fifu_image_alt":"","footnotes":""},"categories":[3],"tags":[47,75],"class_list":["post-30708","post","type-post","status-publish","format-standard","has-post-thumbnail","hentry","category-sao-goncalo","tag-rj","tag-sao-goncalo"],"_links":{"self":[{"href":"https:\/\/sgvaimudar.com.br\/index.php\/wp-json\/wp\/v2\/posts\/30708","targetHints":{"allow":["GET"]}}],"collection":[{"href":"https:\/\/sgvaimudar.com.br\/index.php\/wp-json\/wp\/v2\/posts"}],"about":[{"href":"https:\/\/sgvaimudar.com.br\/index.php\/wp-json\/wp\/v2\/types\/post"}],"author":[{"embeddable":true,"href":"https:\/\/sgvaimudar.com.br\/index.php\/wp-json\/wp\/v2\/users\/5"}],"replies":[{"embeddable":true,"href":"https:\/\/sgvaimudar.com.br\/index.php\/wp-json\/wp\/v2\/comments?post=30708"}],"version-history":[{"count":1,"href":"https:\/\/sgvaimudar.com.br\/index.php\/wp-json\/wp\/v2\/posts\/30708\/revisions"}],"predecessor-version":[{"id":30710,"href":"https:\/\/sgvaimudar.com.br\/index.php\/wp-json\/wp\/v2\/posts\/30708\/revisions\/30710"}],"wp:featuredmedia":[{"embeddable":true,"href":"https:\/\/sgvaimudar.com.br\/index.php\/wp-json\/wp\/v2\/media\/30709"}],"wp:attachment":[{"href":"https:\/\/sgvaimudar.com.br\/index.php\/wp-json\/wp\/v2\/media?parent=30708"}],"wp:term":[{"taxonomy":"category","embeddable":true,"href":"https:\/\/sgvaimudar.com.br\/index.php\/wp-json\/wp\/v2\/categories?post=30708"},{"taxonomy":"post_tag","embeddable":true,"href":"https:\/\/sgvaimudar.com.br\/index.php\/wp-json\/wp\/v2\/tags?post=30708"}],"curies":[{"name":"wp","href":"https:\/\/api.w.org\/{rel}","templated":true}]}}