{"id":3058,"date":"2023-09-05T21:06:57","date_gmt":"2023-09-06T00:06:57","guid":{"rendered":"https:\/\/sgvaimudar.com.br\/?p=3058"},"modified":"2023-09-05T21:06:57","modified_gmt":"2023-09-06T00:06:57","slug":"assalto-a-loja-americanas-causa-panico-em-sao-goncalo","status":"publish","type":"post","link":"https:\/\/sgvaimudar.com.br\/index.php\/2023\/09\/05\/assalto-a-loja-americanas-causa-panico-em-sao-goncalo\/","title":{"rendered":"Assalto a Loja Americanas causa p\u00e2nico em S\u00e3o Gon\u00e7alo"},"content":{"rendered":"\n<p>S\u00e3o Gon\u00e7alo &#8211; Na noite desta ter\u00e7a-feira (5), a filial da Loja Americanas localizada no centro da cidade foi alvo de um assalto.<\/p>\n\n\n\n<p>Os criminosos agiram da seguinte maneira: por volta das 18h, dois indiv\u00edduos armados adentraram a loja e renderam tanto funcion\u00e1rios quanto clientes. Sob grande tens\u00e3o, eles for\u00e7aram todos a se dirigirem para a parte posterior do estabelecimento. Outros meliantes se juntaram \u00e0 a\u00e7\u00e3o, arrombando a vitrine e subtraindo diversos aparelhos e celulares.<\/p>\n\n\n\n<p>Dois c\u00famplices, a bordo de motocicletas, proporcionaram cobertura para os assaltantes, semearando o p\u00e2nico entre as pessoas que passavam em frente \u00e0 loja. Felizmente, n\u00e3o houve relatos de feridos.<\/p>\n\n\n\n<p>As equipes do programa Seguran\u00e7a Presente e da Pol\u00edcia Militar foram prontamente acionadas e chegaram \u00e0 loja em tempo h\u00e1bil, embora os criminosos j\u00e1 tivessem conseguido escapar.<\/p>\n\n\n\n<p>Em comunicado oficial, a loja Americanas informou que ainda est\u00e1 avaliando o preju\u00edzo causado pelo incidente.<\/p>\n\n\n\n<p>REDA\u00c7\u00c3O<\/p>\n\n\n\n<h1 class=\"wp-block-heading\">sgvaimudar<\/h1>\n","protected":false},"excerpt":{"rendered":"<p>S\u00e3o Gon\u00e7alo &#8211; Na noite desta ter\u00e7a-feira (5), a filial da Loja Americanas localizada no centro da cidade foi alvo&hellip;<\/p>\n","protected":false},"author":2,"featured_media":3059,"comment_status":"open","ping_status":"open","sticky":false,"template":"","format":"standard","meta":{"fifu_image_url":"","fifu_image_alt":"","footnotes":""},"categories":[3],"tags":[],"class_list":["post-3058","post","type-post","status-publish","format-standard","has-post-thumbnail","hentry","category-sao-goncalo"],"_links":{"self":[{"href":"https:\/\/sgvaimudar.com.br\/index.php\/wp-json\/wp\/v2\/posts\/3058","targetHints":{"allow":["GET"]}}],"collection":[{"href":"https:\/\/sgvaimudar.com.br\/index.php\/wp-json\/wp\/v2\/posts"}],"about":[{"href":"https:\/\/sgvaimudar.com.br\/index.php\/wp-json\/wp\/v2\/types\/post"}],"author":[{"embeddable":true,"href":"https:\/\/sgvaimudar.com.br\/index.php\/wp-json\/wp\/v2\/users\/2"}],"replies":[{"embeddable":true,"href":"https:\/\/sgvaimudar.com.br\/index.php\/wp-json\/wp\/v2\/comments?post=3058"}],"version-history":[{"count":1,"href":"https:\/\/sgvaimudar.com.br\/index.php\/wp-json\/wp\/v2\/posts\/3058\/revisions"}],"predecessor-version":[{"id":3060,"href":"https:\/\/sgvaimudar.com.br\/index.php\/wp-json\/wp\/v2\/posts\/3058\/revisions\/3060"}],"wp:featuredmedia":[{"embeddable":true,"href":"https:\/\/sgvaimudar.com.br\/index.php\/wp-json\/wp\/v2\/media\/3059"}],"wp:attachment":[{"href":"https:\/\/sgvaimudar.com.br\/index.php\/wp-json\/wp\/v2\/media?parent=3058"}],"wp:term":[{"taxonomy":"category","embeddable":true,"href":"https:\/\/sgvaimudar.com.br\/index.php\/wp-json\/wp\/v2\/categories?post=3058"},{"taxonomy":"post_tag","embeddable":true,"href":"https:\/\/sgvaimudar.com.br\/index.php\/wp-json\/wp\/v2\/tags?post=3058"}],"curies":[{"name":"wp","href":"https:\/\/api.w.org\/{rel}","templated":true}]}}