{"id":30528,"date":"2025-09-10T18:00:00","date_gmt":"2025-09-10T21:00:00","guid":{"rendered":"https:\/\/sgvaimudar.com.br\/?p=30528"},"modified":"2025-09-12T06:51:46","modified_gmt":"2025-09-12T09:51:46","slug":"atletas-do-time-rj-embarcam-para-disputar-os-jogos-da-juventude-em-brasilia","status":"publish","type":"post","link":"https:\/\/sgvaimudar.com.br\/index.php\/2025\/09\/10\/atletas-do-time-rj-embarcam-para-disputar-os-jogos-da-juventude-em-brasilia\/","title":{"rendered":"Atletas do Time RJ embarcam para disputar os Jogos da Juventude em Bras\u00edlia"},"content":{"rendered":"\n<p><em>Governo do Estado custeia a viagem da maior delega\u00e7\u00e3o j\u00e1 enviada para a competi\u00e7\u00e3o<\/em><\/p>\n\n\n\n<p>Chegou o grande dia! Nesta ter\u00e7a-feira (9\/9), os primeiros atletas do Time RJ come\u00e7aram a embarcar para Bras\u00edlia, onde disputar\u00e3o os Jogos da Juventude, competi\u00e7\u00e3o organizada pelo Comit\u00ea Ol\u00edmpico Brasileiro, que acontece entre os dias 10 e 25 de setembro. Essa \u00e9 a maior delega\u00e7\u00e3o j\u00e1 enviada pelo Estado. S\u00e3o 84 estudantes-atletas, 32 t\u00e9cnicos, 6 assistentes t\u00e9cnicos e 6 dirigentes, que v\u00e3o representar o Rio de Janeiro em todas as 19 modalidades. Todas as passagens a\u00e9reas e o uniforme dos atletas s\u00e3o custeados pelo governo estadual.<\/p>\n\n\n\n<p>&#8220;Ver nossos jovens atletas embarcando para representar o Rio de Janeiro, com tanta garra e entusiasmo, \u00e9 motivo de orgulho para todos n\u00f3s. Estamos investindo no esporte de base como nunca antes, porque acreditamos que \u00e9 por meio da educa\u00e7\u00e3o, do esporte e da disciplina que formamos cidad\u00e3os e transformamos realidades. O Time RJ chega aos Jogos da Juventude mais forte do que nunca e vamos seguir firmes no compromisso de apoiar nossos talentos em cada etapa dessa jornada&#8221;, ressaltou o governador Cl\u00e1udio Castro.<\/p>\n\n\n\n<p>Os representantes foram selecionados a partir dos resultados obtidos nos Jogos Escolares (Jerj), que come\u00e7aram no dia 17 de maio e terminaram no dia 31 de agosto. Foi a maior edi\u00e7\u00e3o da hist\u00f3ria do Jerj, com 9 mil inscri\u00e7\u00f5es de alunos de escolas p\u00fablicas e particulares de todas as regi\u00f5es do estado.<\/p>\n\n\n\n<p>O ponto de encontro para viagem foi no Parque Aqu\u00e1tico J\u00falio Delamare, na Zona Norte do Rio. L\u00e1 os atletas se despediram dos pais e embarcaram nos \u00f4nibus, rumo ao aeroporto.<\/p>\n\n\n\n<p>Isabela, atleta do ciclismo, estava ansiosa para viajar de avi\u00e3o pela primeira vez.<\/p>\n\n\n\n<p>&#8220;Sei que vai dar um friozinho na barriga, mas estou preparada e muito feliz! Vou fazer de tudo para trazer a medalha de ouro&#8221;, disse a estudante, de 15 anos.<\/p>\n\n\n\n<p>Antes do embarque, os estudantes receberam da Secretaria de Esporte e Lazer um kit com todo o material necess\u00e1rio para a viagem (uniforme, mochila, etc) e uma novidade: um \u00e1lbum de figurinhas personalizado, com imagens de todos os estudantes-atletas e membros da comiss\u00e3o t\u00e9cnica do Time RJ, como lembran\u00e7a deste momento t\u00e3o especial.<\/p>\n\n\n\n<p>Os Jogos da Juventude acontecem todo ano, sempre em estados diferentes, e s\u00e3o organizados pelo Comit\u00ea Ol\u00edmpico do Brasil (COB). Desde 2000, o evento tem sido chave pra revelar craques do esporte no Brasil.<\/p>\n\n\n\n<p>J\u00e1 em Bras\u00edlia, o coordenador do Jerj e chefe da delega\u00e7\u00e3o do Time RJ, Jo\u00e3o Lucas Orsay, falou da expectativa para a competi\u00e7\u00e3o deste ano.<\/p>\n\n\n\n<p>&#8220;Desde 2023, o Governo do Estado vem incentivando cada vez mais a participa\u00e7\u00e3o do esporte de base nas competi\u00e7\u00f5es nacionais. Vamos em busca de medalhas e lutar para continuarmos no topo do ranking nacional &#8220;, pontuou o coordenador.<\/p>\n\n\n\n<p><strong>Jogos da Juventude<\/strong><\/p>\n\n\n\n<p>Cada edi\u00e7\u00e3o dos Jogos da Juventude re\u00fane mais de 4 mil atletas de at\u00e9 17 anos, de escolas p\u00fablicas e privadas de todo o Brasil. Os que conseguem bons resultados podem se inscrever no Bolsa Atleta RJ, programa do Governo do Estado que garante benef\u00edcios mensais de R$ 500 a 5 mil por m\u00eas aos atletas.<\/p>\n\n\n\n<figure class=\"wp-block-image size-large\"><img fetchpriority=\"high\" decoding=\"async\" width=\"1024\" height=\"252\" src=\"https:\/\/sgvaimudar.com.br\/wp-content\/uploads\/2025\/03\/Anuncie-Aqui-Sao-Goncalo-vai-mudar-1024x252.jpg\" alt=\"\" class=\"wp-image-22693\" srcset=\"https:\/\/sgvaimudar.com.br\/wp-content\/uploads\/2025\/03\/Anuncie-Aqui-Sao-Goncalo-vai-mudar-1024x252.jpg 1024w, https:\/\/sgvaimudar.com.br\/wp-content\/uploads\/2025\/03\/Anuncie-Aqui-Sao-Goncalo-vai-mudar-300x74.jpg 300w, https:\/\/sgvaimudar.com.br\/wp-content\/uploads\/2025\/03\/Anuncie-Aqui-Sao-Goncalo-vai-mudar-768x189.jpg 768w, https:\/\/sgvaimudar.com.br\/wp-content\/uploads\/2025\/03\/Anuncie-Aqui-Sao-Goncalo-vai-mudar-1536x378.jpg 1536w, https:\/\/sgvaimudar.com.br\/wp-content\/uploads\/2025\/03\/Anuncie-Aqui-Sao-Goncalo-vai-mudar-2048x504.jpg 2048w\" sizes=\"(max-width: 1024px) 100vw, 1024px\" \/><\/figure>\n","protected":false},"excerpt":{"rendered":"<p>Governo do Estado custeia a viagem da maior delega\u00e7\u00e3o j\u00e1 enviada para a competi\u00e7\u00e3o Chegou o grande dia! Nesta ter\u00e7a-feira&hellip;<\/p>\n","protected":false},"author":5,"featured_media":30529,"comment_status":"open","ping_status":"open","sticky":false,"template":"","format":"standard","meta":{"fifu_image_url":"","fifu_image_alt":"","footnotes":""},"categories":[5],"tags":[47],"class_list":["post-30528","post","type-post","status-publish","format-standard","has-post-thumbnail","hentry","category-esportes","tag-rj"],"_links":{"self":[{"href":"https:\/\/sgvaimudar.com.br\/index.php\/wp-json\/wp\/v2\/posts\/30528","targetHints":{"allow":["GET"]}}],"collection":[{"href":"https:\/\/sgvaimudar.com.br\/index.php\/wp-json\/wp\/v2\/posts"}],"about":[{"href":"https:\/\/sgvaimudar.com.br\/index.php\/wp-json\/wp\/v2\/types\/post"}],"author":[{"embeddable":true,"href":"https:\/\/sgvaimudar.com.br\/index.php\/wp-json\/wp\/v2\/users\/5"}],"replies":[{"embeddable":true,"href":"https:\/\/sgvaimudar.com.br\/index.php\/wp-json\/wp\/v2\/comments?post=30528"}],"version-history":[{"count":1,"href":"https:\/\/sgvaimudar.com.br\/index.php\/wp-json\/wp\/v2\/posts\/30528\/revisions"}],"predecessor-version":[{"id":30530,"href":"https:\/\/sgvaimudar.com.br\/index.php\/wp-json\/wp\/v2\/posts\/30528\/revisions\/30530"}],"wp:featuredmedia":[{"embeddable":true,"href":"https:\/\/sgvaimudar.com.br\/index.php\/wp-json\/wp\/v2\/media\/30529"}],"wp:attachment":[{"href":"https:\/\/sgvaimudar.com.br\/index.php\/wp-json\/wp\/v2\/media?parent=30528"}],"wp:term":[{"taxonomy":"category","embeddable":true,"href":"https:\/\/sgvaimudar.com.br\/index.php\/wp-json\/wp\/v2\/categories?post=30528"},{"taxonomy":"post_tag","embeddable":true,"href":"https:\/\/sgvaimudar.com.br\/index.php\/wp-json\/wp\/v2\/tags?post=30528"}],"curies":[{"name":"wp","href":"https:\/\/api.w.org\/{rel}","templated":true}]}}