{"id":30376,"date":"2025-09-06T07:49:35","date_gmt":"2025-09-06T10:49:35","guid":{"rendered":"https:\/\/sgvaimudar.com.br\/?p=30376"},"modified":"2025-09-06T07:49:35","modified_gmt":"2025-09-06T10:49:35","slug":"santa-izabel-recebe-tradicional-desfile-civico-neste-domingo","status":"publish","type":"post","link":"https:\/\/sgvaimudar.com.br\/index.php\/2025\/09\/06\/santa-izabel-recebe-tradicional-desfile-civico-neste-domingo\/","title":{"rendered":"Santa Izabel recebe tradicional desfile c\u00edvico neste domingo"},"content":{"rendered":"\n<p><em>Escolas da rede municipal de S\u00e3o Gon\u00e7alo homenageiam a Independ\u00eancia do Brasil<\/em>\u00a0<\/p>\n\n\n\n<p><p style=\"margin: 0px;text-align: center\"><\/p>Com quinze escolas municipais, quatro bandas e a participa\u00e7\u00e3o do Bombeiro Mirim e de agricultores da regi\u00e3o, Santa Izabel recebe, neste domingo (7), \u00e0s 8h, o tradicional desfile c\u00edvico de 7 de Setembro, para homenagear os 203 anos da Independ\u00eancia do Brasil. <\/p>\n\n\n\n<p>O evento, que j\u00e1 acontece h\u00e1 mais de 15 anos, \u00e9 aberto ao p\u00fablico e \u00e9 organizado pela Prefeitura de S\u00e3o Gon\u00e7alo.<\/p>\n\n\n\n<p><p style=\"margin: 0px;text-align: justify\"><\/p>A organiza\u00e7\u00e3o tamb\u00e9m conta com a participa\u00e7\u00e3o das secretarias municipais de Esporte e Lazer, Educa\u00e7\u00e3o, Comunica\u00e7\u00e3o Social, Sa\u00fade e Defesa Civil, Conserva\u00e7\u00e3o, Meio Ambiente e Transportes, Agricultura e Pesca e apoio dos agentes do 7\u00ba Batalh\u00e3o e da Guarda Municipal.<\/p>\n\n\n\n<p><p style=\"margin: 0px;text-align: justify\"><\/p>Esquema de tr\u00e2nsito &#8211; A Secretaria de Meio Ambiente e Transportes realizar\u00e1 mudan\u00e7as no tr\u00e2nsito de Santa Izabel devido ao tradicional desfile. <\/p>\n\n\n\n<p>A concentra\u00e7\u00e3o do evento acontecer\u00e1 na Rua Laercio Rangel. J\u00e1 o desfile, acontecer\u00e1 na Estrada do Cordeiro, no trecho entre a pra\u00e7a e o encontro da via com a Estrada da Fortuna. A interdi\u00e7\u00e3o no tr\u00e2nsito ter\u00e1 in\u00edcio a partir das 10h de s\u00e1bado (6), se estendendo at\u00e9 o domingo.<\/p>\n\n\n\n<p><p style=\"margin: 0px;text-align: justify\"><\/p>Confira as principais mudan\u00e7as nas vias do bairro para a celebra\u00e7\u00e3o:<p style=\"margin: 0px;text-align: justify\"><\/p>Os motoristas que desejarem sair da Estrada de Santa Izabel em dire\u00e7\u00e3o \u00e0 Estrada do Cordeiro, devem seguir pela Avenida Francisco de Azevedo Coutinho, seguindo pela Rua Jo\u00e3o Moraes, pela Estrada da Fortuna, chegando \u00e0 Estrada do Cordeiro.<\/p>\n\n\n\n<p><p style=\"margin: 0px;text-align: justify\"><\/p>J\u00e1 aqueles que desejarem sair da Estrada do Cordeiro sentido Estrada de Santa Izabel dever\u00e3o seguir pelo caminho reverso: passando pela Estrada da Fortuna, pela Rua Jo\u00e3o Moraes, pela Avenida Francisco de Azevedo Coutinho, chegando \u00e0 Estrada de Santa Izabel.<\/p>\n\n\n\n<p><p style=\"margin: 0px;text-align: justify\"><\/p>Aqueles motoristas que desejarem passar da Estrada de Santa Izabel para a Estrada de Tribob\u00f3 dever\u00e3o passar pela Estrada do Cordeiro, pela Estrada da Fortuna, pela Rua Jo\u00e3o Moraes, pela Avenida Francisco de Azevedo Coutinho e pela Estrada de Santa Izabel.<p style=\"margin: 0px;text-align: justify\"><\/p><p style=\"margin: 0px;text-align: justify\"><\/p><p style=\"margin: 0px;text-align: justify\"><\/p><p style=\"margin: 0px;text-align: justify\"><\/p>Foto: Renan Otto<\/p>\n\n\n\n<p>#SGVAIMUDAR <\/p>\n\n\n\n<figure class=\"wp-block-image size-large\"><img fetchpriority=\"high\" decoding=\"async\" width=\"1024\" height=\"252\" src=\"https:\/\/sgvaimudar.com.br\/wp-content\/uploads\/2025\/03\/Anuncie-Aqui-Sao-Goncalo-vai-mudar-1024x252.jpg\" alt=\"\" class=\"wp-image-22693\" srcset=\"https:\/\/sgvaimudar.com.br\/wp-content\/uploads\/2025\/03\/Anuncie-Aqui-Sao-Goncalo-vai-mudar-1024x252.jpg 1024w, https:\/\/sgvaimudar.com.br\/wp-content\/uploads\/2025\/03\/Anuncie-Aqui-Sao-Goncalo-vai-mudar-300x74.jpg 300w, https:\/\/sgvaimudar.com.br\/wp-content\/uploads\/2025\/03\/Anuncie-Aqui-Sao-Goncalo-vai-mudar-768x189.jpg 768w, https:\/\/sgvaimudar.com.br\/wp-content\/uploads\/2025\/03\/Anuncie-Aqui-Sao-Goncalo-vai-mudar-1536x378.jpg 1536w, https:\/\/sgvaimudar.com.br\/wp-content\/uploads\/2025\/03\/Anuncie-Aqui-Sao-Goncalo-vai-mudar-2048x504.jpg 2048w\" sizes=\"(max-width: 1024px) 100vw, 1024px\" \/><\/figure>\n","protected":false},"excerpt":{"rendered":"<p>Escolas da rede municipal de S\u00e3o Gon\u00e7alo homenageiam a Independ\u00eancia do Brasil\u00a0 Com quinze escolas municipais, quatro bandas e a&hellip;<\/p>\n","protected":false},"author":5,"featured_media":30377,"comment_status":"open","ping_status":"open","sticky":false,"template":"","format":"standard","meta":{"fifu_image_url":"","fifu_image_alt":"","footnotes":""},"categories":[3],"tags":[],"class_list":["post-30376","post","type-post","status-publish","format-standard","has-post-thumbnail","hentry","category-sao-goncalo"],"_links":{"self":[{"href":"https:\/\/sgvaimudar.com.br\/index.php\/wp-json\/wp\/v2\/posts\/30376","targetHints":{"allow":["GET"]}}],"collection":[{"href":"https:\/\/sgvaimudar.com.br\/index.php\/wp-json\/wp\/v2\/posts"}],"about":[{"href":"https:\/\/sgvaimudar.com.br\/index.php\/wp-json\/wp\/v2\/types\/post"}],"author":[{"embeddable":true,"href":"https:\/\/sgvaimudar.com.br\/index.php\/wp-json\/wp\/v2\/users\/5"}],"replies":[{"embeddable":true,"href":"https:\/\/sgvaimudar.com.br\/index.php\/wp-json\/wp\/v2\/comments?post=30376"}],"version-history":[{"count":1,"href":"https:\/\/sgvaimudar.com.br\/index.php\/wp-json\/wp\/v2\/posts\/30376\/revisions"}],"predecessor-version":[{"id":30378,"href":"https:\/\/sgvaimudar.com.br\/index.php\/wp-json\/wp\/v2\/posts\/30376\/revisions\/30378"}],"wp:featuredmedia":[{"embeddable":true,"href":"https:\/\/sgvaimudar.com.br\/index.php\/wp-json\/wp\/v2\/media\/30377"}],"wp:attachment":[{"href":"https:\/\/sgvaimudar.com.br\/index.php\/wp-json\/wp\/v2\/media?parent=30376"}],"wp:term":[{"taxonomy":"category","embeddable":true,"href":"https:\/\/sgvaimudar.com.br\/index.php\/wp-json\/wp\/v2\/categories?post=30376"},{"taxonomy":"post_tag","embeddable":true,"href":"https:\/\/sgvaimudar.com.br\/index.php\/wp-json\/wp\/v2\/tags?post=30376"}],"curies":[{"name":"wp","href":"https:\/\/api.w.org\/{rel}","templated":true}]}}