{"id":30369,"date":"2025-09-06T07:42:03","date_gmt":"2025-09-06T10:42:03","guid":{"rendered":"https:\/\/sgvaimudar.com.br\/?p=30369"},"modified":"2025-09-06T07:42:04","modified_gmt":"2025-09-06T10:42:04","slug":"governador-claudio-castro-entrega-fazenda-colubande-restaurada-e-novas-viaturas-para-o-7o-bpm","status":"publish","type":"post","link":"https:\/\/sgvaimudar.com.br\/index.php\/2025\/09\/06\/governador-claudio-castro-entrega-fazenda-colubande-restaurada-e-novas-viaturas-para-o-7o-bpm\/","title":{"rendered":"Governador Cl\u00e1udio Castro entrega Fazenda Coluband\u00ea restaurada e novas viaturas para o 7\u00ba BPM"},"content":{"rendered":"\n<p><p style=\"margin: 0px;text-align: center\"><\/p><em>S\u00e3o Gon\u00e7alo abriga um dos mais importantes patrim\u00f4nios hist\u00f3ricos do Pa\u00eds\u00a0<\/em><\/p>\n\n\n\n<p><p style=\"margin: 0px\"><\/p>O governador Cl\u00e1udio Castro realizou, nesta manh\u00e3 de sexta-feira (5), a entrega de um dos mais belos cart\u00f5es postais de S\u00e3o Gon\u00e7alo restaurado: a Fazenda Coluband\u00ea. Tombada pelo Instituto do Patrim\u00f4nio Hist\u00f3rico e Art\u00edstico Nacional (Iphan), a Fazenda \u00e9 considerada um dos conjuntos arquitet\u00f4nicos mais importantes do per\u00edodo colonial, erguida em 1618.<\/p>\n\n\n\n<p><p style=\"margin: 0px;text-align: justify\"><\/p>A cerim\u00f4nia de entrega da Fazenda restaurada contou com a presen\u00e7a do prefeito Capit\u00e3o Nelson; do vice-prefeito Jo\u00e3o Ventura; do secret\u00e1rio de Estado das Cidades, Douglas Ruas; e do deputado federal, Altineu C\u00f4rtes, entre outras autoridades do Estado, vereadores e representantes da seguran\u00e7a p\u00fablica estadual e da Pol\u00edcia Militar.<\/p>\n\n\n\n<figure class=\"wp-block-image size-large\"><img fetchpriority=\"high\" decoding=\"async\" width=\"1024\" height=\"684\" src=\"https:\/\/sgvaimudar.com.br\/wp-content\/uploads\/2025\/09\/Governador-em-SG-Foto-Renan-Otto-12-1024x684.jpg\" alt=\"\" class=\"wp-image-30371\" srcset=\"https:\/\/sgvaimudar.com.br\/wp-content\/uploads\/2025\/09\/Governador-em-SG-Foto-Renan-Otto-12-1024x684.jpg 1024w, https:\/\/sgvaimudar.com.br\/wp-content\/uploads\/2025\/09\/Governador-em-SG-Foto-Renan-Otto-12-300x200.jpg 300w, https:\/\/sgvaimudar.com.br\/wp-content\/uploads\/2025\/09\/Governador-em-SG-Foto-Renan-Otto-12-768x513.jpg 768w, https:\/\/sgvaimudar.com.br\/wp-content\/uploads\/2025\/09\/Governador-em-SG-Foto-Renan-Otto-12-1536x1027.jpg 1536w, https:\/\/sgvaimudar.com.br\/wp-content\/uploads\/2025\/09\/Governador-em-SG-Foto-Renan-Otto-12.jpg 1616w\" sizes=\"(max-width: 1024px) 100vw, 1024px\" \/><\/figure>\n\n\n\n<p><p style=\"margin: 0px;text-align: justify\"><\/p>As obras de restauro foram executadas pela Empresa de Obras P\u00fablicas do Estado do Rio de Janeiro (EMOP-RJ) e tiveram como foco a reforma da casa-grande, a senzala e a capela de Sant&#8217;Ana. A obra teve in\u00edcio em outubro de 2022. O servi\u00e7o de restauro seguiu as orienta\u00e7\u00f5es e pareceres do Iphan, preservando a identidade original do espa\u00e7o.<\/p>\n\n\n\n<p><p style=\"margin: 0px;text-align: justify\"><\/p>Na Fazenda, foi restaurado o casar\u00e3o, dividido entre o pavimento t\u00e9rreo (onde antes ficava o senhor de engenho), o por\u00e3o (destinado \u00e0 senzala dos escravos) e o dep\u00f3sito da casa-grande. A edifica\u00e7\u00e3o, constru\u00edda na \u00e9poca com pedra, cal e tijolo, tem cerca de 700 m\u00b2, com paredes de 1,5 metro de espessura. A capela possui torre, nave, capela-mor e sacristia. Ao todo, foram investidos R$ 11,2 milh\u00f5es nas obras de restauro.<\/p>\n\n\n\n<figure class=\"wp-block-image size-large\"><img decoding=\"async\" width=\"1024\" height=\"684\" src=\"https:\/\/sgvaimudar.com.br\/wp-content\/uploads\/2025\/09\/Governador-em-SG-Foto-Renan-Otto-13-1-1024x684.jpg\" alt=\"\" class=\"wp-image-30372\" srcset=\"https:\/\/sgvaimudar.com.br\/wp-content\/uploads\/2025\/09\/Governador-em-SG-Foto-Renan-Otto-13-1-1024x684.jpg 1024w, https:\/\/sgvaimudar.com.br\/wp-content\/uploads\/2025\/09\/Governador-em-SG-Foto-Renan-Otto-13-1-300x200.jpg 300w, https:\/\/sgvaimudar.com.br\/wp-content\/uploads\/2025\/09\/Governador-em-SG-Foto-Renan-Otto-13-1-768x513.jpg 768w, https:\/\/sgvaimudar.com.br\/wp-content\/uploads\/2025\/09\/Governador-em-SG-Foto-Renan-Otto-13-1-1536x1027.jpg 1536w, https:\/\/sgvaimudar.com.br\/wp-content\/uploads\/2025\/09\/Governador-em-SG-Foto-Renan-Otto-13-1.jpg 1616w\" sizes=\"(max-width: 1024px) 100vw, 1024px\" \/><\/figure>\n\n\n\n<p><p style=\"margin: 0px;text-align: justify\"><\/p>O prefeito Capit\u00e3o Nelson celebrou a entrega da Fazenda restaurada, destacou como fundamental a parceria com o governador Cl\u00e1udio Castro e enalteceu, tamb\u00e9m, o apoio do deputado federal Altineu C\u00f4rtes, maior respons\u00e1vel pelo envio de recursos via emendas parlamentares para o munic\u00edpio. O prefeito tamb\u00e9m falou sobre a import\u00e2ncia da Fazenda paraS\u00e3o Gon\u00e7alo.<\/p>\n\n\n\n<p><p style=\"margin: 0px;text-align: justify\"><\/p>&#8220;Agrade\u00e7o ao governador Cl\u00e1udio Castro pelos investimentos, pelo segundo Batalh\u00e3o da Pol\u00edcia Militar que a cidade ter\u00e1 na Venda da Cruz, pelos investimentos e pela parceria. Governos anteriores retiraram o antigo Batalh\u00e3o Florestal da Fazenda Coluband\u00ea, abandonando o patrim\u00f4nio hist\u00f3rico, que agora foi restaurado. Se depender de mim, S\u00e3o Gon\u00e7alo sempre ter\u00e1 representatividade para que casos como esse nunca mais aconte\u00e7am. Hoje, o Comando de Pol\u00edcia Ambiental (CPAm) est\u00e1 aqui novamente! Esse patrim\u00f4nio n\u00e3o \u00e9 meu, \u00e9 da popula\u00e7\u00e3o gon\u00e7alense&#8221;, disse o prefeito.<\/p>\n\n\n\n<figure class=\"wp-block-image size-full\"><img decoding=\"async\" width=\"1024\" height=\"683\" src=\"https:\/\/sgvaimudar.com.br\/wp-content\/uploads\/2025\/09\/Governador-no-CIESG-23.jpg\" alt=\"\" class=\"wp-image-30373\" srcset=\"https:\/\/sgvaimudar.com.br\/wp-content\/uploads\/2025\/09\/Governador-no-CIESG-23.jpg 1024w, https:\/\/sgvaimudar.com.br\/wp-content\/uploads\/2025\/09\/Governador-no-CIESG-23-300x200.jpg 300w, https:\/\/sgvaimudar.com.br\/wp-content\/uploads\/2025\/09\/Governador-no-CIESG-23-768x512.jpg 768w\" sizes=\"(max-width: 1024px) 100vw, 1024px\" \/><\/figure>\n\n\n\n<p><p style=\"margin: 0px;text-align: justify\"><\/p>Al\u00e9m disso, na mesma cerim\u00f4nia foram entregues mais 22 viaturas aos agentes do 7\u00b0 BPM (S\u00e3o Gon\u00e7alo), refor\u00e7ando a seguran\u00e7a p\u00fablica no munic\u00edpio.<p style=\"margin: 0px;text-align: justify\"><\/p>&#8220;Estamos realizando diversos investimentos recordes na seguran\u00e7a p\u00fablica do Estado. Aqui em S\u00e3o Gon\u00e7alo, teremos um novo batalh\u00e3o da Pol\u00edcia Militar. Hoje, estamos entregando aqui novas viaturas. Nossa gest\u00e3o acumula investimentos na reforma dos batalh\u00f5es, novas aeronaves, drones, inclusive com reconhecimento facial e de calor, e investimentos em tecnologia e armamento para refor\u00e7o na seguran\u00e7a. Aqui em S\u00e3o Gon\u00e7alo, realizamos investimentos na sa\u00fade, como o Hospital do C\u00e2ncer e do Cora\u00e7\u00e3o (HCCOR) e o Centro de Imagens e Especialidades de S\u00e3o Gon\u00e7alo (Ciesg), al\u00e9m das obras do Parque RJ S\u00e3o Gon\u00e7alo e o Mobilidade Urbana Verde Integrada (MUVI)&#8221;, destacou o governador Cl\u00e1udio Castro.<\/p>\n\n\n\n<p><p style=\"margin: 0px;text-align: justify\"><\/p>O secret\u00e1rio de Estado das Cidades, Douglas Ruas, tamb\u00e9m enalteceu a parceria com o governador Cl\u00e1udio Castro como fundamental para o desenvolvimento de S\u00e3o Gon\u00e7alo nos \u00faltimos cinco anos e destacou a import\u00e2ncia hist\u00f3rica da Fazenda Coluband\u00ea.<p style=\"margin: 0px;text-align: justify\"><\/p>&#8220;\u00c9 com muita alegria que estamos aqui! Muita gente n\u00e3o sabia da exist\u00eancia da Fazenda Coluband\u00ea e de sua hist\u00f3ria. A Fazenda ficou abandonada, ocupada de forma irregular, com atos de vandalismo. A batalha para a recupera\u00e7\u00e3o desse espa\u00e7o e para o retorno do Comando de Pol\u00edcia Ambiental (CPAm) come\u00e7ou quando o prefeito Capit\u00e3o Nelson ainda era deputado estadual e lutou pela recupera\u00e7\u00e3o da fazenda, erguida em 1618, sendo a constru\u00e7\u00e3o rural preservada mais antiga do Brasil, segundo o Iphan. Eu estive aqui, acompanhei a obra de restauro e vi os desafios que foram solucionados com maestria pela EMOP-RJ. Agora, a Secretaria de Estado de Cultura est\u00e1 trabalhando para aportar um recurso da lei Aldir Blanc aqui para que possamos ter uma funcionalidade, em acordo com o Iphan&#8221;, anunciou Douglas Ruas.<\/p>\n\n\n\n<figure class=\"wp-block-image size-full\"><img loading=\"lazy\" decoding=\"async\" width=\"1024\" height=\"683\" src=\"https:\/\/sgvaimudar.com.br\/wp-content\/uploads\/2025\/09\/Governador-no-CIESG-5.jpg\" alt=\"\" class=\"wp-image-30374\" srcset=\"https:\/\/sgvaimudar.com.br\/wp-content\/uploads\/2025\/09\/Governador-no-CIESG-5.jpg 1024w, https:\/\/sgvaimudar.com.br\/wp-content\/uploads\/2025\/09\/Governador-no-CIESG-5-300x200.jpg 300w, https:\/\/sgvaimudar.com.br\/wp-content\/uploads\/2025\/09\/Governador-no-CIESG-5-768x512.jpg 768w\" sizes=\"(max-width: 1024px) 100vw, 1024px\" \/><\/figure>\n\n\n\n<p><p style=\"margin: 0px;text-align: justify\"><\/p>Depois de ter sua atua\u00e7\u00e3o como parlamentar enaltecida pelas demais autoridades, diante de seu trabalho em prol de S\u00e3o Gon\u00e7alo e regi\u00e3o &#8211; \u00e9 o deputado que mais recursos conquistou para S\u00e3o Gon\u00e7alo e para a Pol\u00edcia Militar do Estado do Rio de Janeiro &#8211; o deputado federal Altineu C\u00f4rtes garantiu que seguir\u00e1 defendendo os interesses dos gon\u00e7alenses.<p style=\"margin: 0px;text-align: justify\"><\/p>&#8220;Agrade\u00e7o \u00e0 Pol\u00edcia Militar, a todo o empenho de seus comandantes, oficiais e pra\u00e7as. Tenho muita honra em ser o deputado que mais coloca recursos na Pol\u00edcia Militar. E tamb\u00e9m seguirei defendendo os interesses de S\u00e3o Gon\u00e7alo, dando todo o apoio ao prefeito Capit\u00e3o Nelson, que \u00e9 o maior prefeito do Pa\u00eds. Eu agrade\u00e7o aos respons\u00e1veis pela restaura\u00e7\u00e3o da Fazenda Couband\u00ea. Aqui \u00e9 um local hist\u00f3rico, que j\u00e1 passou por muitas lutas e seguiremos lutando!&#8221;, garantiu o deputado federal Altineu C\u00f4rtes, que mencionou a batalha travada pelo munic\u00edpio para garantir um aporte maior de recursos dos royalties do petr\u00f3leo.<\/p>\n\n\n\n<p><p style=\"margin: 0px;text-align: justify\"><\/p>Outras visitas\u00a0&#8211; Al\u00e9m do evento na Fazenda Coluband\u00ea, a comitiva com o governador Cl\u00e1udio Castro e o prefeito Capit\u00e3o Nelson esteve em duas unidades de sa\u00fade que representam um marco para a cidade: o Centro de Imagens e Especialidades de S\u00e3o Gon\u00e7alo (Ciesg), no bairro Vila Tr\u00eas, e o Hospital do C\u00e2ncer e do Cora\u00e7\u00e3o (HCCOR), na Lagoinha. Ambos funcionam gra\u00e7as \u00e0 parceria da Prefeitura de S\u00e3o Gon\u00e7alo com o Governo do Estado.<\/p>\n\n\n\n<p><p style=\"margin: 0px;text-align: justify\"><\/p>No Ciesg, as autoridades estiveram nos consult\u00f3rios das especialidades, na sala de coleta de exames laboratoriais e na sala de cintilografia, onde conversaram com pacientes. A unidade oferece aos gon\u00e7alenses v\u00e1rios diagn\u00f3sticos que n\u00e3o estavam dispon\u00edveis na rede p\u00fablica municipal antes da gest\u00e3o do Capit\u00e3o Nelson, como diagn\u00f3sticos por bi\u00f3psia, densitometria, ecodoppler, ecocardiograma, eletrocardiograma, eletroencefalograma, eletroneuromiografia, holter, mapa, mamografia, raio-x, resson\u00e2ncia magn\u00e9tica, resson\u00e2ncia magn\u00e9tica com contraste, teste ergom\u00e9trico, tomografia, ultrassonografias e exames laboratoriais de sangue e urina, dentre outros.<\/p>\n\n\n\n<p><p style=\"margin: 0px;text-align: justify\"><\/p>J\u00e1 no HCCOR, eles percorreram o setor de imagens e de quimioterapia, o centro cir\u00fargico, as enfermarias e o Centro de Terapia Intensiva. O HCCOR j\u00e1 se tornou unidade refer\u00eancia em m\u00e9dia e alta complexidade na rede p\u00fablica de S\u00e3o Gon\u00e7alo e em todo o Estado do Rio. Com quatro centros cir\u00fargicos, o equipamento de alta complexidade realiza cateterismo, angioplastia, revasculariza\u00e7\u00e3o (cirurgia do cora\u00e7\u00e3o de peito aberto conhecida como ponte de safena), coloca\u00e7\u00e3o de marcapasso (dispositivo para regular os batimentos card\u00edacos), troca valvar (procedimento que substitui v\u00e1lvulas card\u00edacas por pr\u00f3teses artificiais), oncol\u00f3gicas, neurol\u00f3gicas, gerais e dermatol\u00f3gicas.<\/p>\n\n\n\n<p><p style=\"margin: 0px;text-align: justify\"><\/p>Al\u00e9m disso, o governador esteve em dois pontos do trecho 4 da obra do Muvi, na Trindade e na Estrela do Norte. O projeto \u00e9 uma parceria entre o Governo do Estado do Rio de Janeiro, atrav\u00e9s da Secretaria das Cidades, e a Prefeitura de S\u00e3o Gon\u00e7alo. Trata-se do maior projeto de mobilidade urbana j\u00e1 realizado na cidade de S\u00e3o Gon\u00e7alo, com um investimento de R$ 287 milh\u00f5es.<p style=\"margin: 0px;text-align: justify\"><\/p><em>Foto: Renan Otto e Fabio Guimar\u00e3es<\/em><\/p>\n\n\n\n<p>#SGVAIMUDAR <\/p>\n\n\n\n<figure class=\"wp-block-image size-large\"><img loading=\"lazy\" decoding=\"async\" width=\"1024\" height=\"252\" src=\"https:\/\/sgvaimudar.com.br\/wp-content\/uploads\/2025\/03\/Anuncie-Aqui-Sao-Goncalo-vai-mudar-1024x252.jpg\" alt=\"\" class=\"wp-image-22693\" srcset=\"https:\/\/sgvaimudar.com.br\/wp-content\/uploads\/2025\/03\/Anuncie-Aqui-Sao-Goncalo-vai-mudar-1024x252.jpg 1024w, https:\/\/sgvaimudar.com.br\/wp-content\/uploads\/2025\/03\/Anuncie-Aqui-Sao-Goncalo-vai-mudar-300x74.jpg 300w, https:\/\/sgvaimudar.com.br\/wp-content\/uploads\/2025\/03\/Anuncie-Aqui-Sao-Goncalo-vai-mudar-768x189.jpg 768w, https:\/\/sgvaimudar.com.br\/wp-content\/uploads\/2025\/03\/Anuncie-Aqui-Sao-Goncalo-vai-mudar-1536x378.jpg 1536w, https:\/\/sgvaimudar.com.br\/wp-content\/uploads\/2025\/03\/Anuncie-Aqui-Sao-Goncalo-vai-mudar-2048x504.jpg 2048w\" sizes=\"(max-width: 1024px) 100vw, 1024px\" \/><\/figure>\n","protected":false},"excerpt":{"rendered":"<p>S\u00e3o Gon\u00e7alo abriga um dos mais importantes patrim\u00f4nios hist\u00f3ricos do Pa\u00eds\u00a0 O governador Cl\u00e1udio Castro realizou, nesta manh\u00e3 de sexta-feira&hellip;<\/p>\n","protected":false},"author":5,"featured_media":30370,"comment_status":"open","ping_status":"open","sticky":false,"template":"","format":"standard","meta":{"fifu_image_url":"","fifu_image_alt":"","footnotes":""},"categories":[3],"tags":[47,75],"class_list":["post-30369","post","type-post","status-publish","format-standard","has-post-thumbnail","hentry","category-sao-goncalo","tag-rj","tag-sao-goncalo"],"_links":{"self":[{"href":"https:\/\/sgvaimudar.com.br\/index.php\/wp-json\/wp\/v2\/posts\/30369","targetHints":{"allow":["GET"]}}],"collection":[{"href":"https:\/\/sgvaimudar.com.br\/index.php\/wp-json\/wp\/v2\/posts"}],"about":[{"href":"https:\/\/sgvaimudar.com.br\/index.php\/wp-json\/wp\/v2\/types\/post"}],"author":[{"embeddable":true,"href":"https:\/\/sgvaimudar.com.br\/index.php\/wp-json\/wp\/v2\/users\/5"}],"replies":[{"embeddable":true,"href":"https:\/\/sgvaimudar.com.br\/index.php\/wp-json\/wp\/v2\/comments?post=30369"}],"version-history":[{"count":1,"href":"https:\/\/sgvaimudar.com.br\/index.php\/wp-json\/wp\/v2\/posts\/30369\/revisions"}],"predecessor-version":[{"id":30375,"href":"https:\/\/sgvaimudar.com.br\/index.php\/wp-json\/wp\/v2\/posts\/30369\/revisions\/30375"}],"wp:featuredmedia":[{"embeddable":true,"href":"https:\/\/sgvaimudar.com.br\/index.php\/wp-json\/wp\/v2\/media\/30370"}],"wp:attachment":[{"href":"https:\/\/sgvaimudar.com.br\/index.php\/wp-json\/wp\/v2\/media?parent=30369"}],"wp:term":[{"taxonomy":"category","embeddable":true,"href":"https:\/\/sgvaimudar.com.br\/index.php\/wp-json\/wp\/v2\/categories?post=30369"},{"taxonomy":"post_tag","embeddable":true,"href":"https:\/\/sgvaimudar.com.br\/index.php\/wp-json\/wp\/v2\/tags?post=30369"}],"curies":[{"name":"wp","href":"https:\/\/api.w.org\/{rel}","templated":true}]}}