{"id":30355,"date":"2025-09-05T10:00:00","date_gmt":"2025-09-05T13:00:00","guid":{"rendered":"https:\/\/sgvaimudar.com.br\/?p=30355"},"modified":"2025-09-08T08:59:37","modified_gmt":"2025-09-08T11:59:37","slug":"em-sao-goncalo-espaco-rosa-inova-e-oferece-tratamento-com-auriculoterapia-e-relaxamento-muscular","status":"publish","type":"post","link":"https:\/\/sgvaimudar.com.br\/index.php\/2025\/09\/05\/em-sao-goncalo-espaco-rosa-inova-e-oferece-tratamento-com-auriculoterapia-e-relaxamento-muscular\/","title":{"rendered":"Em S\u00e3o Gon\u00e7alo, Espa\u00e7o Rosa inova e oferece tratamento com auriculoterapia e relaxamento muscular"},"content":{"rendered":"\n<p><em>Sess\u00f5es integradas de fisioterapia s\u00e3o exclusivas para pacientes oncol\u00f3gicos<\/em><\/p>\n\n\n\n<p>Mais um cuidado humanizado para as pacientes oncol\u00f3gicas no Espa\u00e7o Rosa, no Z\u00e9 Garoto teve in\u00edcio nesta quinta-feira (04). As sess\u00f5es integradas de fisioterapia, relaxamento muscular e auriculoterapia aconteceram para dez pacientes que aproveitaram o servi\u00e7o para cuidar do corpo e da mente em um ambiente com m\u00fasica relaxante e aromatizador.&nbsp;&nbsp;&nbsp;&nbsp;<\/p>\n\n\n\n<p>\u201cOs pacientes com c\u00e2ncer, frequentemente, enfrentam dor, desconforto, fadiga, limita\u00e7\u00f5es de movimento e estresse emocional devido ao seu quadro, tratamentos e uso de medica\u00e7\u00f5es. Essa terapia vai, principalmente, melhorar o bem-estar durante os tratamentos como quimioterapia, radioterapia e cirurgia. \u00c9 um projeto que ser\u00e1 permanente e est\u00e1 aberto para novos pacientes em tratamento\u201d, disse a diretora da unidade, Fabiana Nunes.<\/p>\n\n\n\n<figure class=\"wp-block-image size-large\"><img fetchpriority=\"high\" decoding=\"async\" width=\"1024\" height=\"684\" src=\"https:\/\/sgvaimudar.com.br\/wp-content\/uploads\/2025\/09\/unnamed-9-3-1024x684.jpg\" alt=\"\" class=\"wp-image-30356\" srcset=\"https:\/\/sgvaimudar.com.br\/wp-content\/uploads\/2025\/09\/unnamed-9-3-1024x684.jpg 1024w, https:\/\/sgvaimudar.com.br\/wp-content\/uploads\/2025\/09\/unnamed-9-3-300x200.jpg 300w, https:\/\/sgvaimudar.com.br\/wp-content\/uploads\/2025\/09\/unnamed-9-3-768x513.jpg 768w, https:\/\/sgvaimudar.com.br\/wp-content\/uploads\/2025\/09\/unnamed-9-3-1536x1027.jpg 1536w, https:\/\/sgvaimudar.com.br\/wp-content\/uploads\/2025\/09\/unnamed-9-3.jpg 1616w\" sizes=\"(max-width: 1024px) 100vw, 1024px\" \/><\/figure>\n\n\n\n<p>Com aux\u00edlio de duas enfermeiras, a fisioterapeuta pretende fazer, no m\u00ednimo, dez sess\u00f5es com as pacientes \u2013 incluindo a auriculoterapia e relaxamento muscular. A fisioterapia, auriculoterapia e t\u00e9cnicas de relaxamento muscular contribuem para o al\u00edvio da dor, melhoria da qualidade de vida e recupera\u00e7\u00e3o funcional de pacientes em tratamento oncol\u00f3gico. Quem faz as sess\u00f5es tamb\u00e9m tem a press\u00e3o aferida e passa pela avalia\u00e7\u00e3o cl\u00ednica da equipe de enfermagem. Caso seja observada alguma altera\u00e7\u00e3o, os pacientes s\u00e3o orientados e encaminhados.&nbsp;<\/p>\n\n\n\n<p>\u201cA auriculoterapia \u00e9 uma terapia chinesa eficaz no tratamento da dor. Ela traz benef\u00edcios que mexem tanto com o emocional quanto com o f\u00edsico e o espiritual, atrav\u00e9s dos pontos da orelha. Voc\u00eas relatam o que incomoda e eu mexo nos pontos certos para ativar as energias do corpo. Vejam isso como mais um tratamento. \u00c9 importante dar continuidade com, pelo menos, dez sess\u00f5es\u201d, explicou a fisioterapeuta Cinthia Cunha.&nbsp;<\/p>\n\n\n\n<p>A comerci\u00e1ria Fabiana Souza Carvalho, 44, trata de um c\u00e2ncer de mama h\u00e1 dois anos e foi aproveitar o novo servi\u00e7o no Espa\u00e7o Rosa. \u201cEssas terapias s\u00e3o \u00f3timas porque a gente toma medica\u00e7\u00e3o que mexe muito com a nossa parte \u00f3ssea. A gente sente muita dor e tem&nbsp;muita sensibilidade nos p\u00e9s. Eu estou com problema no joelho devido \u00e0 medica\u00e7\u00e3o. Ent\u00e3o, esse tipo de terapia \u00e9 para ajudar na qualidade de vida, para conseguir se exercitar melhor. Porque o m\u00e9dico pede isso, mas com as dores, fica dif\u00edcil. Apesar da doen\u00e7a, a nossa vida n\u00e3o para, temos que fazer as qu\u00edmios e r\u00e1dios, n\u00e3o podemos parar de tomar as medica\u00e7\u00f5es e temos que fazer as coisas que ajudam a minimizar esses efeitos. Quando soube da terapia, me inscrevi logo\u201d, contou a paciente.<\/p>\n\n\n\n<p>Para participar, os pacientes podem procurar a dire\u00e7\u00e3o da unidade para fazer a inscri\u00e7\u00e3o, sempre de segunda a sexta, das 9h \u00e0s 16h, com cart\u00e3o do SUS e comprovante de tratamento contra o c\u00e2ncer para realizar os agendamentos. As sess\u00f5es de terapia ser\u00e3o oferecidas todas as quintas-feiras na parte da manh\u00e3, das 9h \u00e0s 12h; e na parte da tarde, das 14h \u00e0s 17h.&nbsp;<\/p>\n\n\n\n<p><em>Fotos: Renan Otto<\/em><\/p>\n\n\n\n<p><strong><em>S\u00e3o Gon\u00e7alo vai mudar: Not\u00edcias de S\u00e3o Gon\u00e7alo e toda regi\u00e3o.<\/em><\/strong><\/p>\n\n\n\n<figure class=\"wp-block-image size-large\"><img decoding=\"async\" width=\"1024\" height=\"252\" src=\"https:\/\/sgvaimudar.com.br\/wp-content\/uploads\/2025\/03\/Anuncie-Aqui-Sao-Goncalo-vai-mudar-1024x252.jpg\" alt=\"\" class=\"wp-image-22693\" srcset=\"https:\/\/sgvaimudar.com.br\/wp-content\/uploads\/2025\/03\/Anuncie-Aqui-Sao-Goncalo-vai-mudar-1024x252.jpg 1024w, https:\/\/sgvaimudar.com.br\/wp-content\/uploads\/2025\/03\/Anuncie-Aqui-Sao-Goncalo-vai-mudar-300x74.jpg 300w, https:\/\/sgvaimudar.com.br\/wp-content\/uploads\/2025\/03\/Anuncie-Aqui-Sao-Goncalo-vai-mudar-768x189.jpg 768w, https:\/\/sgvaimudar.com.br\/wp-content\/uploads\/2025\/03\/Anuncie-Aqui-Sao-Goncalo-vai-mudar-1536x378.jpg 1536w, https:\/\/sgvaimudar.com.br\/wp-content\/uploads\/2025\/03\/Anuncie-Aqui-Sao-Goncalo-vai-mudar-2048x504.jpg 2048w\" sizes=\"(max-width: 1024px) 100vw, 1024px\" \/><\/figure>\n","protected":false},"excerpt":{"rendered":"<p>Sess\u00f5es integradas de fisioterapia s\u00e3o exclusivas para pacientes oncol\u00f3gicos Mais um cuidado humanizado para as pacientes oncol\u00f3gicas no Espa\u00e7o Rosa,&hellip;<\/p>\n","protected":false},"author":5,"featured_media":30357,"comment_status":"open","ping_status":"open","sticky":false,"template":"","format":"standard","meta":{"fifu_image_url":"","fifu_image_alt":"","footnotes":""},"categories":[7],"tags":[47,75],"class_list":["post-30355","post","type-post","status-publish","format-standard","has-post-thumbnail","hentry","category-saude","tag-rj","tag-sao-goncalo"],"_links":{"self":[{"href":"https:\/\/sgvaimudar.com.br\/index.php\/wp-json\/wp\/v2\/posts\/30355","targetHints":{"allow":["GET"]}}],"collection":[{"href":"https:\/\/sgvaimudar.com.br\/index.php\/wp-json\/wp\/v2\/posts"}],"about":[{"href":"https:\/\/sgvaimudar.com.br\/index.php\/wp-json\/wp\/v2\/types\/post"}],"author":[{"embeddable":true,"href":"https:\/\/sgvaimudar.com.br\/index.php\/wp-json\/wp\/v2\/users\/5"}],"replies":[{"embeddable":true,"href":"https:\/\/sgvaimudar.com.br\/index.php\/wp-json\/wp\/v2\/comments?post=30355"}],"version-history":[{"count":2,"href":"https:\/\/sgvaimudar.com.br\/index.php\/wp-json\/wp\/v2\/posts\/30355\/revisions"}],"predecessor-version":[{"id":30419,"href":"https:\/\/sgvaimudar.com.br\/index.php\/wp-json\/wp\/v2\/posts\/30355\/revisions\/30419"}],"wp:featuredmedia":[{"embeddable":true,"href":"https:\/\/sgvaimudar.com.br\/index.php\/wp-json\/wp\/v2\/media\/30357"}],"wp:attachment":[{"href":"https:\/\/sgvaimudar.com.br\/index.php\/wp-json\/wp\/v2\/media?parent=30355"}],"wp:term":[{"taxonomy":"category","embeddable":true,"href":"https:\/\/sgvaimudar.com.br\/index.php\/wp-json\/wp\/v2\/categories?post=30355"},{"taxonomy":"post_tag","embeddable":true,"href":"https:\/\/sgvaimudar.com.br\/index.php\/wp-json\/wp\/v2\/tags?post=30355"}],"curies":[{"name":"wp","href":"https:\/\/api.w.org\/{rel}","templated":true}]}}