{"id":30350,"date":"2025-09-05T08:18:16","date_gmt":"2025-09-05T11:18:16","guid":{"rendered":"https:\/\/sgvaimudar.com.br\/?p=30350"},"modified":"2025-09-05T08:24:51","modified_gmt":"2025-09-05T11:24:51","slug":"claudio-castro-inaugura-obras-e-entrega-novas-viaturas-a-policia-militar-em-sao-goncalo","status":"publish","type":"post","link":"https:\/\/sgvaimudar.com.br\/index.php\/2025\/09\/05\/claudio-castro-inaugura-obras-e-entrega-novas-viaturas-a-policia-militar-em-sao-goncalo\/","title":{"rendered":"Cl\u00e1udio Castro inaugura obras e entrega novas viaturas ao 7\u00baBPM"},"content":{"rendered":"\n<p><em>O governador vai visitar tamb\u00e9m o corredor vi\u00e1rio Muvi<\/em><\/p>\n\n\n\n<p>O governador Cl\u00e1udio Castro vai estar em S\u00e3o Gon\u00e7alo nesta sexta-feira (05\/09) para uma s\u00e9rie de agendas, incluindo inaugura\u00e7\u00e3o do restauro da Fazenda Coluband\u00ea e entrega de 22 viaturas ao 7\u00b0 BPM. A Fazenda Coluband\u00ea \u00e9 um patrim\u00f4nio colonial restaurado com investimento estadual de R$ 11,2 milh\u00f5es.<\/p>\n\n\n\n<p>Al\u00e9m disso, o governador visita o Centro de Imagens e Especialidades, que conta com mais de 1,3 milh\u00e3o de atendimentos registrados, o Restaurante do Povo de S\u00e3o Gon\u00e7alo, que j\u00e1 serviu quase 2 milh\u00f5es de refei\u00e7\u00f5es desde 2022, e o corredor vi\u00e1rio Muvi.<\/p>\n\n\n\n<p><strong>Servi\u00e7o<\/strong><br><strong>9h \u2013 Inaugura\u00e7\u00e3o de restauro na Fazenda Coluband\u00ea e entrega de viaturas \u00e0 Pol\u00edcia Militar<\/strong><br>Rua Expedicion\u00e1rio Ari Rauen, s\/n \u2013 Coluband\u00ea, S\u00e3o Gon\u00e7alo<\/p>\n\n\n\n<p><strong>9h50 \u2013 Visita ao Centro de Imagens e Especialidades (CIESG)<\/strong><br>Rua Alagoas, 240 \u2013 Vila Tr\u00eas, S\u00e3o Gon\u00e7alo<\/p>\n\n\n\n<p><strong>10h30 \u2013 Visita ao Hospital do C\u00e2ncer e do Cora\u00e7\u00e3o (HCCor)<\/strong><br>Estrada do Pacheco, 216 A \u2013 Lagoinha, S\u00e3o Gon\u00e7alo<\/p>\n\n\n\n<p><strong>11h \u2013 Restaurante do Povo de S\u00e3o Gon\u00e7alo<\/strong><br>Rua S\u00e3o Pedro de Alc\u00e2ntara, 100. Alc\u00e2ntara. S\u00e3o Gon\u00e7alo<br><strong><br>11h45 &#8211; Visita ao MUVI &#8211; Infraestrutura vi\u00e1ria em \u00e1rea urbana para implanta\u00e7\u00e3o de corredor para \u00f4nibus<\/strong><br>Avenida Presidente kennedy, altura n\u00famero 2.967.<\/p>\n\n\n\n<p><strong><em>S\u00e3o Gon\u00e7alo vai mudar: Not\u00edcias de S\u00e3o Gon\u00e7alo e toda regi\u00e3o.<\/em><\/strong><\/p>\n\n\n\n<figure class=\"wp-block-image size-large\"><img fetchpriority=\"high\" decoding=\"async\" width=\"1024\" height=\"252\" src=\"https:\/\/sgvaimudar.com.br\/wp-content\/uploads\/2025\/03\/Anuncie-Aqui-Sao-Goncalo-vai-mudar-1024x252.jpg\" alt=\"\" class=\"wp-image-22693\" srcset=\"https:\/\/sgvaimudar.com.br\/wp-content\/uploads\/2025\/03\/Anuncie-Aqui-Sao-Goncalo-vai-mudar-1024x252.jpg 1024w, https:\/\/sgvaimudar.com.br\/wp-content\/uploads\/2025\/03\/Anuncie-Aqui-Sao-Goncalo-vai-mudar-300x74.jpg 300w, https:\/\/sgvaimudar.com.br\/wp-content\/uploads\/2025\/03\/Anuncie-Aqui-Sao-Goncalo-vai-mudar-768x189.jpg 768w, https:\/\/sgvaimudar.com.br\/wp-content\/uploads\/2025\/03\/Anuncie-Aqui-Sao-Goncalo-vai-mudar-1536x378.jpg 1536w, https:\/\/sgvaimudar.com.br\/wp-content\/uploads\/2025\/03\/Anuncie-Aqui-Sao-Goncalo-vai-mudar-2048x504.jpg 2048w\" sizes=\"(max-width: 1024px) 100vw, 1024px\" \/><\/figure>\n\n\n\n<p><\/p>\n","protected":false},"excerpt":{"rendered":"<p>O governador vai visitar tamb\u00e9m o corredor vi\u00e1rio Muvi O governador Cl\u00e1udio Castro vai estar em S\u00e3o Gon\u00e7alo nesta sexta-feira&hellip;<\/p>\n","protected":false},"author":5,"featured_media":30353,"comment_status":"open","ping_status":"open","sticky":false,"template":"","format":"standard","meta":{"fifu_image_url":"","fifu_image_alt":"","footnotes":""},"categories":[3],"tags":[47,75],"class_list":["post-30350","post","type-post","status-publish","format-standard","has-post-thumbnail","hentry","category-sao-goncalo","tag-rj","tag-sao-goncalo"],"_links":{"self":[{"href":"https:\/\/sgvaimudar.com.br\/index.php\/wp-json\/wp\/v2\/posts\/30350","targetHints":{"allow":["GET"]}}],"collection":[{"href":"https:\/\/sgvaimudar.com.br\/index.php\/wp-json\/wp\/v2\/posts"}],"about":[{"href":"https:\/\/sgvaimudar.com.br\/index.php\/wp-json\/wp\/v2\/types\/post"}],"author":[{"embeddable":true,"href":"https:\/\/sgvaimudar.com.br\/index.php\/wp-json\/wp\/v2\/users\/5"}],"replies":[{"embeddable":true,"href":"https:\/\/sgvaimudar.com.br\/index.php\/wp-json\/wp\/v2\/comments?post=30350"}],"version-history":[{"count":2,"href":"https:\/\/sgvaimudar.com.br\/index.php\/wp-json\/wp\/v2\/posts\/30350\/revisions"}],"predecessor-version":[{"id":30354,"href":"https:\/\/sgvaimudar.com.br\/index.php\/wp-json\/wp\/v2\/posts\/30350\/revisions\/30354"}],"wp:featuredmedia":[{"embeddable":true,"href":"https:\/\/sgvaimudar.com.br\/index.php\/wp-json\/wp\/v2\/media\/30353"}],"wp:attachment":[{"href":"https:\/\/sgvaimudar.com.br\/index.php\/wp-json\/wp\/v2\/media?parent=30350"}],"wp:term":[{"taxonomy":"category","embeddable":true,"href":"https:\/\/sgvaimudar.com.br\/index.php\/wp-json\/wp\/v2\/categories?post=30350"},{"taxonomy":"post_tag","embeddable":true,"href":"https:\/\/sgvaimudar.com.br\/index.php\/wp-json\/wp\/v2\/tags?post=30350"}],"curies":[{"name":"wp","href":"https:\/\/api.w.org\/{rel}","templated":true}]}}