{"id":30345,"date":"2025-09-05T09:59:00","date_gmt":"2025-09-05T12:59:00","guid":{"rendered":"https:\/\/sgvaimudar.com.br\/?p=30345"},"modified":"2025-09-05T08:47:48","modified_gmt":"2025-09-05T11:47:48","slug":"policiais-e-autoridades-de-sao-goncalo-se-reunem-para-aniversario-de-101-anos-do-7obpm","status":"publish","type":"post","link":"https:\/\/sgvaimudar.com.br\/index.php\/2025\/09\/05\/policiais-e-autoridades-de-sao-goncalo-se-reunem-para-aniversario-de-101-anos-do-7obpm\/","title":{"rendered":"Policiais e autoridades de S\u00e3o Gon\u00e7alo se re\u00fanem para anivers\u00e1rio de 101 anos do 7\u00baBPM"},"content":{"rendered":"\n<p><em>A festa foi realizada na sede do Batalh\u00e3o, no Alc\u00e2ntara<\/em><\/p>\n\n\n\n<p>O 7\u00b0BPM (S\u00e3o Gon\u00e7alo), com menos de uma semana ap\u00f3s a cerim\u00f4nia de troca de comando na \u00faltima sexta (29), voltou a sediar um evento nesta quinta-feira (04); policiais militares da unidade e convidados se reuniram para comemorar o anivers\u00e1rio do Batalh\u00e3o, que completou 101 anos de cria\u00e7\u00e3o no \u00faltimo s\u00e1bado (30).<\/p>\n\n\n\n<p>O evento contou com a presen\u00e7a de dezenas de convidados da sociedade civil. O prefeito Capit\u00e3o Nelson (PL), que \u00e9 policial militar reformado e serviu no 7\u00ba BPM durante os anos de atividade, esteve na cerim\u00f4nia junto do vice Jo\u00e3o Ventura (Uni\u00e3o) e destacou a import\u00e2ncia do centen\u00e1rio batalh\u00e3o na hist\u00f3ria da cidade.<\/p>\n\n\n\n<figure class=\"wp-block-image size-large is-resized\"><img fetchpriority=\"high\" decoding=\"async\" width=\"473\" height=\"1024\" src=\"https:\/\/sgvaimudar.com.br\/wp-content\/uploads\/2025\/09\/WhatsApp-Image-2025-09-05-at-08.03.02-473x1024.jpeg\" alt=\"\" class=\"wp-image-30347\" style=\"aspect-ratio:0.4619140625;width:693px;height:auto\" srcset=\"https:\/\/sgvaimudar.com.br\/wp-content\/uploads\/2025\/09\/WhatsApp-Image-2025-09-05-at-08.03.02-473x1024.jpeg 473w, https:\/\/sgvaimudar.com.br\/wp-content\/uploads\/2025\/09\/WhatsApp-Image-2025-09-05-at-08.03.02-139x300.jpeg 139w, https:\/\/sgvaimudar.com.br\/wp-content\/uploads\/2025\/09\/WhatsApp-Image-2025-09-05-at-08.03.02.jpeg 591w\" sizes=\"(max-width: 473px) 100vw, 473px\" \/><\/figure>\n\n\n\n<p>\u201c\u00c9 uma institui\u00e7\u00e3o importante &#8211; para mim em especial, \u00e9 important\u00edssima. O 7\u00ba Batalh\u00e3o est\u00e1 ligado com a minha hist\u00f3ria e \u00e9 um privil\u00e9gio comemorar esses 101 anos. A gente espera poder estar aqui nos pr\u00f3ximos anivers\u00e1rios e poder continuar colaborando da forma que for preciso para continuar com o bom trabalho que \u00e9 feito aqui\u201d, elogiou o prefeito.<\/p>\n\n\n\n<p>Ainda em sua primeira semana de comando, o coronel Lourival do Nascimento J\u00fanior, que substituiu o Cel. \u00c2ngelo Barbosa Castro na supervis\u00e3o das a\u00e7\u00f5es do Batalh\u00e3o, se disse feliz em assumir o comando de uma unidade com tanto tempo de hist\u00f3ria .\u201cA gente vem com muita vontade de trabalhar e, com certeza, vamos entregar um servi\u00e7o de qualidade \u00e0 popula\u00e7\u00e3o de S\u00e3o Gon\u00e7alo\u201d, destacou o policial.<\/p>\n\n\n\n<p><strong>PARCERIAS <\/strong>&#8211; Apesar da presen\u00e7a majorit\u00e1ria de policiais, uma boa parte dos presentes no churrasco de celebra\u00e7\u00e3o do anivers\u00e1rio do Batalh\u00e3o representavam a sociedade civil. Autoridades locais como o Secret\u00e1rio Municipal de Ordem P\u00fablica, M\u00e1rcio Ribeiro, destacaram a import\u00e2ncia do di\u00e1logo entre o Batalh\u00e3o e outras esferas de a\u00e7\u00e3o na cidade.<\/p>\n\n\n\n<p>\u201cA Prefeitura hoje tem muita demanda das secretarias que contam com o apoio do Batalh\u00e3o. Estou acompanhando o prefeito desde o primeiro mandato. Nesse tempo, o 7\u00ba [BPM] j\u00e1 trocou algumas vezes de comando e todos [os comandantes] contribu\u00edram muito para a Prefeitura. A gente tem a Guarda Municipal, a Secretaria de Posturas, Transporte, Meio Ambiente; com todas elas, rotineiramente, a gente faz a opera\u00e7\u00f5es em parceria com o 7\u00ba BPM\u201d, destacou o secret\u00e1rio.<\/p>\n\n\n\n<p>O Dr. Raphael Riodades, diretor-geral do Hospital Estadual Alberto Torres (Heat), no Coluband\u00ea, tamb\u00e9m comentou a import\u00e2ncia de uma integra\u00e7\u00e3o entre as a\u00e7\u00f5es policiais e o contexto local em \u00e1reas como a sa\u00fade p\u00fablica.<\/p>\n\n\n\n<p>\u201cA integra\u00e7\u00e3o entre a gente l\u00e1 no Hospital e a Pol\u00edcia \u00e9 important\u00edssima. Quando acontece alguma a\u00e7\u00e3o policial na rua, podem ocorrer les\u00f5es e problemas de sa\u00fade bem espec\u00edficos e as pessoas v\u00e3o precisar do hospital. Os policiais, quando s\u00e3o baleados, t\u00eam que ser atendidos no hospital. A gente tem que ter uma intera\u00e7\u00e3o; somos uma unidade de suporte de pacientes de alta complexidade e esse di\u00e1logo com a Pol\u00edcia \u00e9 de suma import\u00e2ncia\u201d, destacou o diretor-geral.<\/p>\n\n\n\n<p><strong><em>Fa\u00e7a sua den\u00fancia pelo nosso WhatsApp: (21) <\/em><\/strong><strong><em>99744 5345<\/em><\/strong><strong><em><\/em><\/strong><\/p>\n\n\n\n<p><strong><em>S\u00e3o Gon\u00e7alo vai mudar: Not\u00edcias de S\u00e3o Gon\u00e7alo e toda regi\u00e3o.<\/em><\/strong><\/p>\n\n\n\n<figure class=\"wp-block-image size-large\"><img decoding=\"async\" width=\"1024\" height=\"252\" src=\"https:\/\/sgvaimudar.com.br\/wp-content\/uploads\/2025\/03\/Anuncie-Aqui-Sao-Goncalo-vai-mudar-1024x252.jpg\" alt=\"\" class=\"wp-image-22693\" srcset=\"https:\/\/sgvaimudar.com.br\/wp-content\/uploads\/2025\/03\/Anuncie-Aqui-Sao-Goncalo-vai-mudar-1024x252.jpg 1024w, https:\/\/sgvaimudar.com.br\/wp-content\/uploads\/2025\/03\/Anuncie-Aqui-Sao-Goncalo-vai-mudar-300x74.jpg 300w, https:\/\/sgvaimudar.com.br\/wp-content\/uploads\/2025\/03\/Anuncie-Aqui-Sao-Goncalo-vai-mudar-768x189.jpg 768w, https:\/\/sgvaimudar.com.br\/wp-content\/uploads\/2025\/03\/Anuncie-Aqui-Sao-Goncalo-vai-mudar-1536x378.jpg 1536w, https:\/\/sgvaimudar.com.br\/wp-content\/uploads\/2025\/03\/Anuncie-Aqui-Sao-Goncalo-vai-mudar-2048x504.jpg 2048w\" sizes=\"(max-width: 1024px) 100vw, 1024px\" \/><\/figure>\n\n\n\n<p><\/p>\n\n\n\n<p><\/p>\n","protected":false},"excerpt":{"rendered":"<p>A festa foi realizada na sede do Batalh\u00e3o, no Alc\u00e2ntara O 7\u00b0BPM (S\u00e3o Gon\u00e7alo), com menos de uma semana ap\u00f3s&hellip;<\/p>\n","protected":false},"author":5,"featured_media":30346,"comment_status":"open","ping_status":"open","sticky":false,"template":"","format":"standard","meta":{"fifu_image_url":"","fifu_image_alt":"","footnotes":""},"categories":[32],"tags":[47,75],"class_list":["post-30345","post","type-post","status-publish","format-standard","has-post-thumbnail","hentry","category-casos-de-policia","tag-rj","tag-sao-goncalo"],"_links":{"self":[{"href":"https:\/\/sgvaimudar.com.br\/index.php\/wp-json\/wp\/v2\/posts\/30345","targetHints":{"allow":["GET"]}}],"collection":[{"href":"https:\/\/sgvaimudar.com.br\/index.php\/wp-json\/wp\/v2\/posts"}],"about":[{"href":"https:\/\/sgvaimudar.com.br\/index.php\/wp-json\/wp\/v2\/types\/post"}],"author":[{"embeddable":true,"href":"https:\/\/sgvaimudar.com.br\/index.php\/wp-json\/wp\/v2\/users\/5"}],"replies":[{"embeddable":true,"href":"https:\/\/sgvaimudar.com.br\/index.php\/wp-json\/wp\/v2\/comments?post=30345"}],"version-history":[{"count":3,"href":"https:\/\/sgvaimudar.com.br\/index.php\/wp-json\/wp\/v2\/posts\/30345\/revisions"}],"predecessor-version":[{"id":30365,"href":"https:\/\/sgvaimudar.com.br\/index.php\/wp-json\/wp\/v2\/posts\/30345\/revisions\/30365"}],"wp:featuredmedia":[{"embeddable":true,"href":"https:\/\/sgvaimudar.com.br\/index.php\/wp-json\/wp\/v2\/media\/30346"}],"wp:attachment":[{"href":"https:\/\/sgvaimudar.com.br\/index.php\/wp-json\/wp\/v2\/media?parent=30345"}],"wp:term":[{"taxonomy":"category","embeddable":true,"href":"https:\/\/sgvaimudar.com.br\/index.php\/wp-json\/wp\/v2\/categories?post=30345"},{"taxonomy":"post_tag","embeddable":true,"href":"https:\/\/sgvaimudar.com.br\/index.php\/wp-json\/wp\/v2\/tags?post=30345"}],"curies":[{"name":"wp","href":"https:\/\/api.w.org\/{rel}","templated":true}]}}