{"id":30336,"date":"2025-09-05T08:59:00","date_gmt":"2025-09-05T11:59:00","guid":{"rendered":"https:\/\/sgvaimudar.com.br\/?p=30336"},"modified":"2025-09-05T07:43:00","modified_gmt":"2025-09-05T10:43:00","slug":"patrulha-maria-da-penha-da-guarda-municipal-de-sao-goncalo-completa-um-ano-de-atuacao","status":"publish","type":"post","link":"https:\/\/sgvaimudar.com.br\/index.php\/2025\/09\/05\/patrulha-maria-da-penha-da-guarda-municipal-de-sao-goncalo-completa-um-ano-de-atuacao\/","title":{"rendered":"Patrulha Maria da Penha, da Guarda Municipal de S\u00e3o Gon\u00e7alo, completa um ano de atua\u00e7\u00e3o"},"content":{"rendered":"\n<p><em>Grupamento foi respons\u00e1vel por atuar e prestar apoio a 35 ocorr\u00eancias este ano<\/em><\/p>\n\n\n\n<p>O Grupamento Patrulha Maria da Penha, que faz parte da Guarda Municipal de S\u00e3o Gon\u00e7alo, celebrou um ano de atua\u00e7\u00e3o nesta quarta-feira (3). Composto por oito agentes da Guarda, o grupamento \u00e9 formado por quatro homens e quatro mulheres, que atuam em equipe, seguindo uma escala de plant\u00e3o. Neste um ano, o grupamento foi respons\u00e1vel por atuar e prestar apoio a 35 ocorr\u00eancias de viol\u00eancia dom\u00e9stica.<\/p>\n\n\n\n<p>O Grupamento atua diretamente em casos de agress\u00f5es e amea\u00e7as contra a integridade de mulheres. A Patrulha Maria da Penha contribui para prote\u00e7\u00e3o, monitoramento e acompanhamento das mulheres v\u00edtimas de viol\u00eancia dom\u00e9stica ou familiar que possuam medidas protetivas de urg\u00eancia, de forma integrada \u00e0s a\u00e7\u00f5es realizadas pela rede de atendimento que combatem a viol\u00eancia contra a mulher.<\/p>\n\n\n\n<figure class=\"wp-block-image size-full\"><img fetchpriority=\"high\" decoding=\"async\" width=\"1024\" height=\"681\" src=\"https:\/\/sgvaimudar.com.br\/wp-content\/uploads\/2025\/09\/unnamed-5-3.jpg\" alt=\"\" class=\"wp-image-30339\" srcset=\"https:\/\/sgvaimudar.com.br\/wp-content\/uploads\/2025\/09\/unnamed-5-3.jpg 1024w, https:\/\/sgvaimudar.com.br\/wp-content\/uploads\/2025\/09\/unnamed-5-3-300x200.jpg 300w, https:\/\/sgvaimudar.com.br\/wp-content\/uploads\/2025\/09\/unnamed-5-3-768x511.jpg 768w\" sizes=\"(max-width: 1024px) 100vw, 1024px\" \/><\/figure>\n\n\n\n<p>Das 35 ocorr\u00eancias de viol\u00eancia dom\u00e9stica nas quais esteve diretamente ligado, o grupamento obteve como resultado 13 acompanhamentos de v\u00edtimas a hospitais, 30 deslocamentos \u00e0 Delegacia Especializada de Atendimento \u00e0 Mulher (DEAM) para registros de ocorr\u00eancias, 15 pris\u00f5es, 14 encaminhamentos ao Instituto M\u00e9dico Legal da Pol\u00edcia Civil para realiza\u00e7\u00e3o de exames de corpo de delito na Sala Lil\u00e1s; sete apoios no recebimento da medidas protetivas; seis acompanhamentos ao Centro Especial de Orienta\u00e7\u00e3o a Mulher (CEOM); 19 condu\u00e7\u00f5es de v\u00edtimas at\u00e9 casa de familiares\/ou lugar seguro; sete condu\u00e7\u00f5es do autor suposto dos fatos at\u00e9 \u00e0 DEAM, entre outros.<\/p>\n\n\n\n<p>Dentre as diversas ocorr\u00eancias do grupamento, uma das ocorr\u00eancias de destaque aconteceu no dia 23 de novembro de 2024, quando o grupamento prendeu em flagrante um homem agredindo a sua companheira, que estava gr\u00e1vida. A ocorr\u00eancia foi captada pelas c\u00e2meras de monitoramento da Central de Seguran\u00e7a de S\u00e3o Gon\u00e7alo (CSSG), que alertou a equipe da Guarda. O agressor foi levado para a Delegacia Especial de Atendimento \u00e0 Mulher (Deam), junto com testemunhas. A mulher foi encaminhada para o Hospital Estadual Azevedo Lima (Heal), no Fonseca, onde recebeu atendimento m\u00e9dico e foi liberada.<\/p>\n\n\n\n<p>&#8220;O Grupamento Patrulha Maria da Penha atua sempre buscando combater a viol\u00eancia contra mulheres. Tamb\u00e9m atuamos juntamente com outras institui\u00e7\u00f5es para conscientizar as mulheres sobre os tipos de viol\u00eancia e como denunci\u00e1-las. \u00c9 um trabalho de extrema import\u00e2ncia! Todos os dias a gente v\u00ea como as mulheres aprendem conosco e tiram d\u00favidas. J\u00e1 conversei com uma senhora que entendeu que sofria viol\u00eancia psicol\u00f3gica do marido e a orientamos. \u00c9 algo que d\u00e1 resultado todos os dias e estamos a postos e prontos para a popula\u00e7\u00e3o&#8221;, disse Rejane Santos, uma das coordenadoras do projeto.<\/p>\n\n\n\n<p><strong>Eventos<\/strong>&nbsp;&#8211; A Guarda Municipal preparou eventos neste m\u00eas de setembro para reafirmar a import\u00e2ncia das a\u00e7\u00f5es e comemorar um ano de atua\u00e7\u00e3o do grupamento. No dia 16, agentes do grupamento estar\u00e3o em Unidades Municipal de Pronto Atendimento (UMPAs) em a\u00e7\u00f5es de conscientiza\u00e7\u00e3o contra a viol\u00eancia dom\u00e9stica. Nos dias 17 e 18, acontecer\u00e1 um curso de capacita\u00e7\u00e3o para agentes da Guarda no Teatro Municipal com temas ligados ao combate \u00e0 viol\u00eancia dom\u00e9stica. No dia 25 de setembro, os agentes estar\u00e3o em escolas da rede municipal falando sobre o grupamento. No dia 26, ser\u00e1 realizada uma a\u00e7\u00e3o social externa denominada &#8216;Vozes pela Vida&#8217;, das 9h \u00e0s 17h, nas proximidades do P\u00e1tio Alc\u00e2ntara, destacando a import\u00e2ncia das a\u00e7\u00f5es e acolhimento, com distribui\u00e7\u00e3o de panfletos.<\/p>\n\n\n\n<p><strong>Onde denunciar:<\/strong><\/p>\n\n\n\n<p>Disque 180 \u2013 Central de Atendimento \u00e0 Mulher<\/p>\n\n\n\n<p>Disque 190 \u2013 Em Situa\u00e7\u00e3o de flagrante<\/p>\n\n\n\n<p>Buscar a Delegacia de Atendimento \u00e0 Mulher (DEAM).<\/p>\n\n\n\n<p><strong>Servi\u00e7os:<\/strong><\/p>\n\n\n\n<p>CEOM \u2013 Centro Especial de Orienta\u00e7\u00e3o \u00e0 Mulher Zuzu Angel (21) 3758-5060 \/ (21) 96427-0012 \/ (21) 99607-0043<\/p>\n\n\n\n<p>Sala Lil\u00e1s \u2013 Atendimento especializado para mulheres v\u00edtimas de viol\u00eancia (21) 2701-5622 | (21) 3715-2155 \/ (21) 99960-6715<\/p>\n\n\n\n<p>Subsecretaria de Pol\u00edticas P\u00fablicas para Mulheres \u2013&nbsp;<a href=\"mailto:subsecretariademulheressg@gmail.com\" rel=\"noreferrer noopener\" target=\"_blank\">subsecretariademulheressg@gmail.com<\/a><\/p>\n\n\n\n<p><em>Fotos: Julio Dini<\/em>z<\/p>\n\n\n\n<p><strong><em>S\u00e3o Gon\u00e7alo vai mudar: Not\u00edcias de S\u00e3o Gon\u00e7alo e toda regi\u00e3o.<\/em><\/strong><\/p>\n\n\n\n<figure class=\"wp-block-image size-large\"><img decoding=\"async\" width=\"1024\" height=\"252\" src=\"https:\/\/sgvaimudar.com.br\/wp-content\/uploads\/2025\/03\/Anuncie-Aqui-Sao-Goncalo-vai-mudar-1024x252.jpg\" alt=\"\" class=\"wp-image-22693\" srcset=\"https:\/\/sgvaimudar.com.br\/wp-content\/uploads\/2025\/03\/Anuncie-Aqui-Sao-Goncalo-vai-mudar-1024x252.jpg 1024w, https:\/\/sgvaimudar.com.br\/wp-content\/uploads\/2025\/03\/Anuncie-Aqui-Sao-Goncalo-vai-mudar-300x74.jpg 300w, https:\/\/sgvaimudar.com.br\/wp-content\/uploads\/2025\/03\/Anuncie-Aqui-Sao-Goncalo-vai-mudar-768x189.jpg 768w, https:\/\/sgvaimudar.com.br\/wp-content\/uploads\/2025\/03\/Anuncie-Aqui-Sao-Goncalo-vai-mudar-1536x378.jpg 1536w, https:\/\/sgvaimudar.com.br\/wp-content\/uploads\/2025\/03\/Anuncie-Aqui-Sao-Goncalo-vai-mudar-2048x504.jpg 2048w\" sizes=\"(max-width: 1024px) 100vw, 1024px\" \/><\/figure>\n","protected":false},"excerpt":{"rendered":"<p>Grupamento foi respons\u00e1vel por atuar e prestar apoio a 35 ocorr\u00eancias este ano O Grupamento Patrulha Maria da Penha, que&hellip;<\/p>\n","protected":false},"author":5,"featured_media":30338,"comment_status":"open","ping_status":"open","sticky":false,"template":"","format":"standard","meta":{"fifu_image_url":"","fifu_image_alt":"","footnotes":""},"categories":[32],"tags":[39,41,40,47,75],"class_list":["post-30336","post","type-post","status-publish","format-standard","has-post-thumbnail","hentry","category-casos-de-policia","tag-ataque","tag-conflito","tag-guerra","tag-rj","tag-sao-goncalo"],"_links":{"self":[{"href":"https:\/\/sgvaimudar.com.br\/index.php\/wp-json\/wp\/v2\/posts\/30336","targetHints":{"allow":["GET"]}}],"collection":[{"href":"https:\/\/sgvaimudar.com.br\/index.php\/wp-json\/wp\/v2\/posts"}],"about":[{"href":"https:\/\/sgvaimudar.com.br\/index.php\/wp-json\/wp\/v2\/types\/post"}],"author":[{"embeddable":true,"href":"https:\/\/sgvaimudar.com.br\/index.php\/wp-json\/wp\/v2\/users\/5"}],"replies":[{"embeddable":true,"href":"https:\/\/sgvaimudar.com.br\/index.php\/wp-json\/wp\/v2\/comments?post=30336"}],"version-history":[{"count":1,"href":"https:\/\/sgvaimudar.com.br\/index.php\/wp-json\/wp\/v2\/posts\/30336\/revisions"}],"predecessor-version":[{"id":30340,"href":"https:\/\/sgvaimudar.com.br\/index.php\/wp-json\/wp\/v2\/posts\/30336\/revisions\/30340"}],"wp:featuredmedia":[{"embeddable":true,"href":"https:\/\/sgvaimudar.com.br\/index.php\/wp-json\/wp\/v2\/media\/30338"}],"wp:attachment":[{"href":"https:\/\/sgvaimudar.com.br\/index.php\/wp-json\/wp\/v2\/media?parent=30336"}],"wp:term":[{"taxonomy":"category","embeddable":true,"href":"https:\/\/sgvaimudar.com.br\/index.php\/wp-json\/wp\/v2\/categories?post=30336"},{"taxonomy":"post_tag","embeddable":true,"href":"https:\/\/sgvaimudar.com.br\/index.php\/wp-json\/wp\/v2\/tags?post=30336"}],"curies":[{"name":"wp","href":"https:\/\/api.w.org\/{rel}","templated":true}]}}