{"id":30319,"date":"2025-09-04T13:00:00","date_gmt":"2025-09-04T16:00:00","guid":{"rendered":"https:\/\/sgvaimudar.com.br\/?p=30319"},"modified":"2025-09-04T08:23:55","modified_gmt":"2025-09-04T11:23:55","slug":"ecoponto-do-ze-garoto-reciclou-mais-de-10-toneladas-de-materiais-em-menos-de-quatro-meses-de-funcionamento","status":"publish","type":"post","link":"https:\/\/sgvaimudar.com.br\/index.php\/2025\/09\/04\/ecoponto-do-ze-garoto-reciclou-mais-de-10-toneladas-de-materiais-em-menos-de-quatro-meses-de-funcionamento\/","title":{"rendered":"Ecoponto do Z\u00e9 Garoto reciclou mais de 10 toneladas de materiais em menos de quatro meses de funcionamento"},"content":{"rendered":"\n<p><em>Ao todo, j\u00e1 foram recicladas 500 toneladas nos tr\u00eas Ecopontos<\/em><\/p>\n\n\n\n<p>O Ecoponto do Z\u00e9 Garoto conseguiu, em quase quatro meses de funcionamento, reciclar mais de 10 toneladas de materiais. O Ecoponto do bairro foi pensado para funcionar em um local central da cidade, no qual todos pudessem ir e deixar seus res\u00edduos. Por isso, o equipamento foi instalado na Pra\u00e7a Esteph\u00e2nia de Carvalho, em meados de maio deste ano. Ao todo, foram recicladas 500 toneladas de materiais nos tr\u00eas Ecopontos, incluindo as unidades de Santa Luzia e do Barro Vermelho.<\/p>\n\n\n\n<p>\u00c9 nos Ecopontos que os gon\u00e7alenses podem trocar materiais recicl\u00e1veis por dinheiro digital. S\u00e3o aceitos pl\u00e1sticos (garrafas PET, potes, embalagens de pl\u00e1stico em geral), pap\u00e9is (jornais, revistas, folhetos, caixas de papel\u00e3o, embalagens de papel), vidros (potes de alimentos, garrafas, copos, cacos de vidro), metais (latas de alum\u00ednio, latas de a\u00e7o, pregos, tampas, panelas de alum\u00ednio, cobre, ferro), eletros (aparelhos de televis\u00e3o, computadores, celulares, eletrodom\u00e9sticos, r\u00e1dios, geladeira, microondas) e \u00f3leo de cozinha vegetal usado.<\/p>\n\n\n\n<figure class=\"wp-block-image size-large\"><img fetchpriority=\"high\" decoding=\"async\" width=\"1024\" height=\"684\" src=\"https:\/\/sgvaimudar.com.br\/wp-content\/uploads\/2025\/09\/unnamed-7-1-1024x684.jpg\" alt=\"\" class=\"wp-image-30320\" srcset=\"https:\/\/sgvaimudar.com.br\/wp-content\/uploads\/2025\/09\/unnamed-7-1-1024x684.jpg 1024w, https:\/\/sgvaimudar.com.br\/wp-content\/uploads\/2025\/09\/unnamed-7-1-300x200.jpg 300w, https:\/\/sgvaimudar.com.br\/wp-content\/uploads\/2025\/09\/unnamed-7-1-768x513.jpg 768w, https:\/\/sgvaimudar.com.br\/wp-content\/uploads\/2025\/09\/unnamed-7-1-1536x1027.jpg 1536w, https:\/\/sgvaimudar.com.br\/wp-content\/uploads\/2025\/09\/unnamed-7-1.jpg 1616w\" sizes=\"(max-width: 1024px) 100vw, 1024px\" \/><\/figure>\n\n\n\n<p>Apenas no m\u00eas de agosto, foram reciclados quase 3 toneladas de materiais no Ecoponto do Z\u00e9 Garoto, atingindo o n\u00famero de 10 toneladas de materiais recicl\u00e1veis desde sua inaugura\u00e7\u00e3o, em meados de maio deste ano. J\u00e1 no Ecoponto de Santa Luzia, foram reciclados mais de 6 toneladas de materiais no m\u00eas de agosto e mais de 121 toneladas desde sua inaugura\u00e7\u00e3o, em fevereiro de 2024. J\u00e1 o Ecoponto do Barro Vermelho reciclou mais de 18 toneladas em agosto, totalizando mais de 363 toneladas de materiais desde sua inaugura\u00e7\u00e3o, em junho de 2023.<\/p>\n\n\n\n<p>O projeto \u00e9 uma iniciativa da campanha \u201cLimpa S\u00e3o Gon\u00e7alo\u201d e foi desenvolvido pela Secretaria de Conserva\u00e7\u00e3o da Prefeitura de S\u00e3o Gon\u00e7alo, com o apoio da Eccos Sustent\u00e1vel. O Ecoponto surgiu a partir da Meta 18 do Plano Estrat\u00e9gico Novos Rumos, desenvolvido pela Secretaria de Gest\u00e3o Integrada e Projetos Especiais (Semgipe), que prev\u00ea a implanta\u00e7\u00e3o da coleta seletiva de lixo no munic\u00edpio.<\/p>\n\n\n\n<p>\u201cOs Ecopontos s\u00e3o uma iniciativa de extrema import\u00e2ncia na nossa cidade. Antes de instalarmos esse Ecoponto, tivemos a ideia de coloc\u00e1-lo no Z\u00e9 Garoto j\u00e1 que \u00e9 uma \u00e1rea central da nossa cidade, pr\u00f3ximo a hospitais e com\u00e9rcios, ent\u00e3o, muita gente transita por aqui, fazendo com que o descarte dos res\u00edduos nesse equipamento seja feito de forma mais f\u00e1cil, beneficiando a todos. Teremos mais Ecopontos em breve na nossa cidade, em novos bairros\u201d, afirmou o prefeito Capit\u00e3o Nelson.<\/p>\n\n\n\n<p>\u201cEstamos muito felizes e gratos de ver o sucesso do Ecoponto do Z\u00e9 Garoto e de todos os outros na nossa cidade. Os n\u00fameros de reciclagem nesses equipamentos acabam favorecendo muito o meio ambiente, j\u00e1 que a reciclagem evita, por exemplo, que os res\u00edduos acabem parando nos bueiros e nos nossos rios. Fora que as pessoas conseguem complementar sua renda quando trocam os materiais por dinheiro digital aqui nos Ecopontos. \u00c9 um projeto que me deixa muito feliz e realizado\u201d, disse o secret\u00e1rio de Conserva\u00e7\u00e3o, Edson Leal.<\/p>\n\n\n\n<p><strong>Servi\u00e7o:<\/strong><\/p>\n\n\n\n<p>Os tr\u00eas Ecopontos funcionam de segunda a sexta-feira, das 8h \u00e0s 17h, e aos s\u00e1bados, das 8h \u00e0s 12h.<\/p>\n\n\n\n<p>. Barro Vermelho \u2013 Rua L\u00facio Tom\u00e9 Feteira<\/p>\n\n\n\n<p>. Santa Luzia \u2013 Rua Visconde Seabra<\/p>\n\n\n\n<p>. Z\u00e9 Garoto \u2013 Pra\u00e7a Esteph\u00e2nia de Carvalho<\/p>\n\n\n\n<p><em>Fotos: Renan Otto<\/em><\/p>\n\n\n\n<p><strong><em>S\u00e3o Gon\u00e7alo vai mudar: Not\u00edcias de S\u00e3o Gon\u00e7alo e toda regi\u00e3o.<\/em><\/strong><\/p>\n\n\n\n<figure class=\"wp-block-image size-large\"><img decoding=\"async\" width=\"1024\" height=\"252\" src=\"https:\/\/sgvaimudar.com.br\/wp-content\/uploads\/2025\/03\/Anuncie-Aqui-Sao-Goncalo-vai-mudar-1024x252.jpg\" alt=\"\" class=\"wp-image-22693\" srcset=\"https:\/\/sgvaimudar.com.br\/wp-content\/uploads\/2025\/03\/Anuncie-Aqui-Sao-Goncalo-vai-mudar-1024x252.jpg 1024w, https:\/\/sgvaimudar.com.br\/wp-content\/uploads\/2025\/03\/Anuncie-Aqui-Sao-Goncalo-vai-mudar-300x74.jpg 300w, https:\/\/sgvaimudar.com.br\/wp-content\/uploads\/2025\/03\/Anuncie-Aqui-Sao-Goncalo-vai-mudar-768x189.jpg 768w, https:\/\/sgvaimudar.com.br\/wp-content\/uploads\/2025\/03\/Anuncie-Aqui-Sao-Goncalo-vai-mudar-1536x378.jpg 1536w, https:\/\/sgvaimudar.com.br\/wp-content\/uploads\/2025\/03\/Anuncie-Aqui-Sao-Goncalo-vai-mudar-2048x504.jpg 2048w\" sizes=\"(max-width: 1024px) 100vw, 1024px\" \/><\/figure>\n","protected":false},"excerpt":{"rendered":"<p>Ao todo, j\u00e1 foram recicladas 500 toneladas nos tr\u00eas Ecopontos O Ecoponto do Z\u00e9 Garoto conseguiu, em quase quatro meses&hellip;<\/p>\n","protected":false},"author":5,"featured_media":30321,"comment_status":"open","ping_status":"open","sticky":false,"template":"","format":"standard","meta":{"fifu_image_url":"","fifu_image_alt":"","footnotes":""},"categories":[3],"tags":[47,75],"class_list":["post-30319","post","type-post","status-publish","format-standard","has-post-thumbnail","hentry","category-sao-goncalo","tag-rj","tag-sao-goncalo"],"_links":{"self":[{"href":"https:\/\/sgvaimudar.com.br\/index.php\/wp-json\/wp\/v2\/posts\/30319","targetHints":{"allow":["GET"]}}],"collection":[{"href":"https:\/\/sgvaimudar.com.br\/index.php\/wp-json\/wp\/v2\/posts"}],"about":[{"href":"https:\/\/sgvaimudar.com.br\/index.php\/wp-json\/wp\/v2\/types\/post"}],"author":[{"embeddable":true,"href":"https:\/\/sgvaimudar.com.br\/index.php\/wp-json\/wp\/v2\/users\/5"}],"replies":[{"embeddable":true,"href":"https:\/\/sgvaimudar.com.br\/index.php\/wp-json\/wp\/v2\/comments?post=30319"}],"version-history":[{"count":1,"href":"https:\/\/sgvaimudar.com.br\/index.php\/wp-json\/wp\/v2\/posts\/30319\/revisions"}],"predecessor-version":[{"id":30322,"href":"https:\/\/sgvaimudar.com.br\/index.php\/wp-json\/wp\/v2\/posts\/30319\/revisions\/30322"}],"wp:featuredmedia":[{"embeddable":true,"href":"https:\/\/sgvaimudar.com.br\/index.php\/wp-json\/wp\/v2\/media\/30321"}],"wp:attachment":[{"href":"https:\/\/sgvaimudar.com.br\/index.php\/wp-json\/wp\/v2\/media?parent=30319"}],"wp:term":[{"taxonomy":"category","embeddable":true,"href":"https:\/\/sgvaimudar.com.br\/index.php\/wp-json\/wp\/v2\/categories?post=30319"},{"taxonomy":"post_tag","embeddable":true,"href":"https:\/\/sgvaimudar.com.br\/index.php\/wp-json\/wp\/v2\/tags?post=30319"}],"curies":[{"name":"wp","href":"https:\/\/api.w.org\/{rel}","templated":true}]}}