{"id":30306,"date":"2025-09-04T07:16:03","date_gmt":"2025-09-04T10:16:03","guid":{"rendered":"https:\/\/sgvaimudar.com.br\/?p=30306"},"modified":"2025-09-04T07:16:03","modified_gmt":"2025-09-04T10:16:03","slug":"policia-civil-do-rio-prende-terceiro-envolvido-em-roubo-a-familia-bolsonaro-em-resende","status":"publish","type":"post","link":"https:\/\/sgvaimudar.com.br\/index.php\/2025\/09\/04\/policia-civil-do-rio-prende-terceiro-envolvido-em-roubo-a-familia-bolsonaro-em-resende\/","title":{"rendered":"Pol\u00edcia Civil do Rio prende terceiro envolvido em roubo \u00e0 fam\u00edlia Bolsonaro em Resende"},"content":{"rendered":"\n<p><em>O criminoso foi localizado por policiais da\u00a089\u00aa DP (Resende)\u00a0no bairro Cabral, em Resende<\/em><\/p>\n\n\n\n<p>A\u00a0Pol\u00edcia Civil do Rio de Janeiro\u00a0prendeu, nesta quarta-feira (03), mais um envolvido no roubo a membros da fam\u00edlia Bolsonaro. Durante a abordagem, o assaltante tentou fugir, invadindo uma resid\u00eancia, mas foi capturado. Ele se feriu na tentativa de fuga e foi socorrido para uma unidade de sa\u00fade, onde permanece sob cust\u00f3dia. No local, a pol\u00edcia apreendeu drogas e muni\u00e7\u00f5es.<\/p>\n\n\n\n<p>O assalto \u00e0 resid\u00eancia da fam\u00edlia Bolsonaro no bairro Morada da Colina, em Resende (RJ), que ocorreu no domingo (24), ganhou novos desdobramentos com a pris\u00e3o de um terceiro suspeito nesta quarta-feira (03). O crime, que manteve a m\u00e3e e os av\u00f3s maternos do senador Fl\u00e1vio Bolsonaro ref\u00e9ns, chocou a todos e mobilizou as for\u00e7as de seguran\u00e7a do estado.<\/p>\n\n\n\n<p><strong>ASSALTO<\/strong> &#8211; O crime aconteceu na entrada da casa, quando a m\u00e3e do senador foi abordada pelos criminosos. A fam\u00edlia foi mantida ref\u00e9m por cerca de uma hora e meia. Os assaltantes fugiram levando o carro da fam\u00edlia, que foi recuperado horas depois pela Pol\u00edcia Militar na Estrada do Ipiranga.<\/p>\n\n\n\n<p>A Pol\u00edcia Civil do Rio de Janeiro iniciou a investiga\u00e7\u00e3o imediatamente, com per\u00edcia no local e an\u00e1lise das c\u00e2meras de seguran\u00e7a. O trabalho de intelig\u00eancia da 89\u00aa DP (Resende) resultou na pris\u00e3o do terceiro criminoso nesta quarta-feira. Durante a captura, ele tentou fugir, mas foi detido em um im\u00f3vel pr\u00f3ximo. A pol\u00edcia apreendeu com ele uma carga de drogas e muni\u00e7\u00f5es. As duas primeiras pris\u00f5es ocorreram na sexta-feira (29), tamb\u00e9m em Resende, quando os agentes recuperaram um rev\u00f3lver, muni\u00e7\u00e3o, simulacro de pistola, toucas ninjas e os celulares e roupas usadas no assalto.<\/p>\n\n\n\n<p><strong>Rea\u00e7\u00f5es e Declara\u00e7\u00f5es<\/strong><\/p>\n\n\n\n<p>Em suas redes sociais, o senador Fl\u00e1vio Bolsonaro afirmou na \u00e9poca que, apesar do susto e da viol\u00eancia, todos os seus familiares estavam bem. J\u00e1 o deputado Eduardo Bolsonaro, que vive nos Estados Unidos, fez declara\u00e7\u00f5es pol\u00eamicas, responsabilizando figuras p\u00fablicas pelo assalto e criticando as pol\u00edticas de bloqueio de contas nas redes sociais. \u201cVoc\u00eas que dizem que s\u00f3 est\u00e3o seguindo ordem, voc\u00eas a\u00ed da Pol\u00edcia Federal, voc\u00eas s\u00e3o os respons\u00e1veis por isso, por entrar nessa onda desse maluco do Alexandre Moraes\u2026\u201d, declarou o deputado, de forma emocional e direta.<\/p>\n\n\n\n<p><strong><em>Fa\u00e7a sua den\u00fancia pelo nosso WhatsApp: (21) <\/em><\/strong><strong><em>99744 5345<\/em><\/strong><strong><em><\/em><\/strong><\/p>\n\n\n\n<p><strong><em>S\u00e3o Gon\u00e7alo vai mudar: Not\u00edcias de S\u00e3o Gon\u00e7alo e toda regi\u00e3o.<\/em><\/strong><\/p>\n\n\n\n<figure class=\"wp-block-image size-large\"><img fetchpriority=\"high\" decoding=\"async\" width=\"1024\" height=\"252\" src=\"https:\/\/sgvaimudar.com.br\/wp-content\/uploads\/2025\/03\/Anuncie-Aqui-Sao-Goncalo-vai-mudar-1024x252.jpg\" alt=\"\" class=\"wp-image-22693\" srcset=\"https:\/\/sgvaimudar.com.br\/wp-content\/uploads\/2025\/03\/Anuncie-Aqui-Sao-Goncalo-vai-mudar-1024x252.jpg 1024w, https:\/\/sgvaimudar.com.br\/wp-content\/uploads\/2025\/03\/Anuncie-Aqui-Sao-Goncalo-vai-mudar-300x74.jpg 300w, https:\/\/sgvaimudar.com.br\/wp-content\/uploads\/2025\/03\/Anuncie-Aqui-Sao-Goncalo-vai-mudar-768x189.jpg 768w, https:\/\/sgvaimudar.com.br\/wp-content\/uploads\/2025\/03\/Anuncie-Aqui-Sao-Goncalo-vai-mudar-1536x378.jpg 1536w, https:\/\/sgvaimudar.com.br\/wp-content\/uploads\/2025\/03\/Anuncie-Aqui-Sao-Goncalo-vai-mudar-2048x504.jpg 2048w\" sizes=\"(max-width: 1024px) 100vw, 1024px\" \/><\/figure>\n","protected":false},"excerpt":{"rendered":"<p>O criminoso foi localizado por policiais da\u00a089\u00aa DP (Resende)\u00a0no bairro Cabral, em Resende A\u00a0Pol\u00edcia Civil do Rio de Janeiro\u00a0prendeu, nesta&hellip;<\/p>\n","protected":false},"author":5,"featured_media":30307,"comment_status":"open","ping_status":"open","sticky":false,"template":"","format":"standard","meta":{"fifu_image_url":"","fifu_image_alt":"","footnotes":""},"categories":[32],"tags":[39,41,47],"class_list":["post-30306","post","type-post","status-publish","format-standard","has-post-thumbnail","hentry","category-casos-de-policia","tag-ataque","tag-conflito","tag-rj"],"_links":{"self":[{"href":"https:\/\/sgvaimudar.com.br\/index.php\/wp-json\/wp\/v2\/posts\/30306","targetHints":{"allow":["GET"]}}],"collection":[{"href":"https:\/\/sgvaimudar.com.br\/index.php\/wp-json\/wp\/v2\/posts"}],"about":[{"href":"https:\/\/sgvaimudar.com.br\/index.php\/wp-json\/wp\/v2\/types\/post"}],"author":[{"embeddable":true,"href":"https:\/\/sgvaimudar.com.br\/index.php\/wp-json\/wp\/v2\/users\/5"}],"replies":[{"embeddable":true,"href":"https:\/\/sgvaimudar.com.br\/index.php\/wp-json\/wp\/v2\/comments?post=30306"}],"version-history":[{"count":1,"href":"https:\/\/sgvaimudar.com.br\/index.php\/wp-json\/wp\/v2\/posts\/30306\/revisions"}],"predecessor-version":[{"id":30308,"href":"https:\/\/sgvaimudar.com.br\/index.php\/wp-json\/wp\/v2\/posts\/30306\/revisions\/30308"}],"wp:featuredmedia":[{"embeddable":true,"href":"https:\/\/sgvaimudar.com.br\/index.php\/wp-json\/wp\/v2\/media\/30307"}],"wp:attachment":[{"href":"https:\/\/sgvaimudar.com.br\/index.php\/wp-json\/wp\/v2\/media?parent=30306"}],"wp:term":[{"taxonomy":"category","embeddable":true,"href":"https:\/\/sgvaimudar.com.br\/index.php\/wp-json\/wp\/v2\/categories?post=30306"},{"taxonomy":"post_tag","embeddable":true,"href":"https:\/\/sgvaimudar.com.br\/index.php\/wp-json\/wp\/v2\/tags?post=30306"}],"curies":[{"name":"wp","href":"https:\/\/api.w.org\/{rel}","templated":true}]}}