{"id":30285,"date":"2025-09-03T10:59:00","date_gmt":"2025-09-03T13:59:00","guid":{"rendered":"https:\/\/sgvaimudar.com.br\/?p=30285"},"modified":"2025-09-03T09:24:26","modified_gmt":"2025-09-03T12:24:26","slug":"foragido-da-justica-por-homicidio-e-preso-pelo-12o-bpm-no-badu-em-niteroi-video","status":"publish","type":"post","link":"https:\/\/sgvaimudar.com.br\/index.php\/2025\/09\/03\/foragido-da-justica-por-homicidio-e-preso-pelo-12o-bpm-no-badu-em-niteroi-video\/","title":{"rendered":"Foragido da Justi\u00e7a por homic\u00eddio \u00e9 preso pelo 12\u00ba BPM no Bad\u00fa, em Niter\u00f3i; V\u00eddeo"},"content":{"rendered":"\n<p><em>Acusado de vulgo <strong>Frango<\/strong> foi preso nas proximidades da Estrada da Fazendinha<\/em><\/p>\n\n\n\n<p>Um homem foragido da Justi\u00e7a conhecido pelo vulgo <strong><em>Frango<\/em><\/strong>, na comunidade do Bad\u00fa, em Niter\u00f3i foi preso nesta ter\u00e7a-feira (02\/09), pelos policiais militares do 12\u00baBPM. Segundo a Pol\u00edcia Militar, a pris\u00e3o aconteceu ap\u00f3s informa\u00e7\u00f5es repassadas pelo Disque-Den\u00fancia, que apontavam a localiza\u00e7\u00e3o do suspeito na Estrada da Fazendinha. <\/p>\n\n\n\n<p>Durante a a\u00e7\u00e3o, os agentes conseguiram localizar e identificar o <strong><em>Frango<\/em><\/strong> que se chama Matheus Katron Wanderley Marques, de 24 anos, e que tinha em aberto um mandado de pris\u00e3o preventiva expedido pela 3\u00aa Vara Criminal de Niter\u00f3i pelo crime de homic\u00eddio.<\/p>\n\n\n\n<figure class=\"wp-block-video\"><video height=\"480\" style=\"aspect-ratio: 848 \/ 480;\" width=\"848\" controls src=\"https:\/\/sgvaimudar.com.br\/wp-content\/uploads\/2025\/09\/VID-20250903-WA0025.mp4\"><\/video><\/figure>\n\n\n\n<p>O acusado j\u00e1 possui outras anota\u00e7\u00f5es criminais, incluindo tr\u00e1fico de drogas. Ele foi conduzido \u00e0 76\u00aa DP (Central de Flagrantes), onde permaneceu preso \u00e0 disposi\u00e7\u00e3o da Justi\u00e7a.<\/p>\n\n\n\n<p><strong><em>Fa\u00e7a sua den\u00fancia pelo nosso WhatsApp: (21) <\/em><\/strong><strong><em>99744 5345<\/em><\/strong><strong><em><\/em><\/strong><\/p>\n\n\n\n<p><strong><em>S\u00e3o Gon\u00e7alo vai mudar: Not\u00edcias de S\u00e3o Gon\u00e7alo e toda regi\u00e3o.<\/em><\/strong><\/p>\n\n\n\n<figure class=\"wp-block-image size-large\"><img fetchpriority=\"high\" decoding=\"async\" width=\"1024\" height=\"252\" src=\"https:\/\/sgvaimudar.com.br\/wp-content\/uploads\/2025\/03\/Anuncie-Aqui-Sao-Goncalo-vai-mudar-1024x252.jpg\" alt=\"\" class=\"wp-image-22693\" srcset=\"https:\/\/sgvaimudar.com.br\/wp-content\/uploads\/2025\/03\/Anuncie-Aqui-Sao-Goncalo-vai-mudar-1024x252.jpg 1024w, https:\/\/sgvaimudar.com.br\/wp-content\/uploads\/2025\/03\/Anuncie-Aqui-Sao-Goncalo-vai-mudar-300x74.jpg 300w, https:\/\/sgvaimudar.com.br\/wp-content\/uploads\/2025\/03\/Anuncie-Aqui-Sao-Goncalo-vai-mudar-768x189.jpg 768w, https:\/\/sgvaimudar.com.br\/wp-content\/uploads\/2025\/03\/Anuncie-Aqui-Sao-Goncalo-vai-mudar-1536x378.jpg 1536w, https:\/\/sgvaimudar.com.br\/wp-content\/uploads\/2025\/03\/Anuncie-Aqui-Sao-Goncalo-vai-mudar-2048x504.jpg 2048w\" sizes=\"(max-width: 1024px) 100vw, 1024px\" \/><\/figure>\n","protected":false},"excerpt":{"rendered":"<p>Acusado de vulgo Frango foi preso nas proximidades da Estrada da Fazendinha Um homem foragido da Justi\u00e7a conhecido pelo vulgo&hellip;<\/p>\n","protected":false},"author":5,"featured_media":30287,"comment_status":"open","ping_status":"open","sticky":false,"template":"","format":"standard","meta":{"fifu_image_url":"","fifu_image_alt":"","footnotes":""},"categories":[32],"tags":[39,41,40,47],"class_list":["post-30285","post","type-post","status-publish","format-standard","has-post-thumbnail","hentry","category-casos-de-policia","tag-ataque","tag-conflito","tag-guerra","tag-rj"],"_links":{"self":[{"href":"https:\/\/sgvaimudar.com.br\/index.php\/wp-json\/wp\/v2\/posts\/30285","targetHints":{"allow":["GET"]}}],"collection":[{"href":"https:\/\/sgvaimudar.com.br\/index.php\/wp-json\/wp\/v2\/posts"}],"about":[{"href":"https:\/\/sgvaimudar.com.br\/index.php\/wp-json\/wp\/v2\/types\/post"}],"author":[{"embeddable":true,"href":"https:\/\/sgvaimudar.com.br\/index.php\/wp-json\/wp\/v2\/users\/5"}],"replies":[{"embeddable":true,"href":"https:\/\/sgvaimudar.com.br\/index.php\/wp-json\/wp\/v2\/comments?post=30285"}],"version-history":[{"count":3,"href":"https:\/\/sgvaimudar.com.br\/index.php\/wp-json\/wp\/v2\/posts\/30285\/revisions"}],"predecessor-version":[{"id":30291,"href":"https:\/\/sgvaimudar.com.br\/index.php\/wp-json\/wp\/v2\/posts\/30285\/revisions\/30291"}],"wp:featuredmedia":[{"embeddable":true,"href":"https:\/\/sgvaimudar.com.br\/index.php\/wp-json\/wp\/v2\/media\/30287"}],"wp:attachment":[{"href":"https:\/\/sgvaimudar.com.br\/index.php\/wp-json\/wp\/v2\/media?parent=30285"}],"wp:term":[{"taxonomy":"category","embeddable":true,"href":"https:\/\/sgvaimudar.com.br\/index.php\/wp-json\/wp\/v2\/categories?post=30285"},{"taxonomy":"post_tag","embeddable":true,"href":"https:\/\/sgvaimudar.com.br\/index.php\/wp-json\/wp\/v2\/tags?post=30285"}],"curies":[{"name":"wp","href":"https:\/\/api.w.org\/{rel}","templated":true}]}}