{"id":30281,"date":"2025-09-03T11:00:00","date_gmt":"2025-09-03T14:00:00","guid":{"rendered":"https:\/\/sgvaimudar.com.br\/?p=30281"},"modified":"2025-09-03T10:01:03","modified_gmt":"2025-09-03T13:01:03","slug":"prefeitura-faz-evento-ligado-a-inclusao-para-profissionais-da-educacao","status":"publish","type":"post","link":"https:\/\/sgvaimudar.com.br\/index.php\/2025\/09\/03\/prefeitura-faz-evento-ligado-a-inclusao-para-profissionais-da-educacao\/","title":{"rendered":"Prefeitura faz evento ligado \u00e0 inclus\u00e3o para profissionais da Educa\u00e7\u00e3o"},"content":{"rendered":"\n<p><em>Jornada de aprendizado enfatiza a\u00e7\u00f5es em prol das pessoas com defici\u00eancia<\/em><\/p>\n\n\n\n<p>Em alus\u00e3o \u00e0 campanha \u201cSetembro Verde: visibilidade \u00e0 inclus\u00e3o social da pessoa com defici\u00eancia\u201d, a Subsecretaria de A\u00e7\u00f5es Pedag\u00f3gicas da Secretaria de Educa\u00e7\u00e3o da Prefeitura de S\u00e3o Gon\u00e7alo realizou, nesta ter\u00e7a-feira (2), a \u201c2\u00aa Jornada de Aprendizado e Inclus\u00e3o: a inclus\u00e3o depende de todos n\u00f3s\u201d, com professores que atuam com a Educa\u00e7\u00e3o Especial Inclusiva nas escolas. <\/p>\n\n\n\n<p>Nesta quarta-feira (3), o evento continua, com oficinas e palestras. Foram mais de 800 inscritos para os dois dias de evento.<\/p>\n\n\n\n<p>O evento contou com oficinas interativas e pr\u00e1ticas pedag\u00f3gicas inclusivas para professores de Apoio Especializado, de Braille, de Libras, de Atendimento Educacional Domicilar\/Hospitalar (AED\/H) e de Sala de Recursos. Os temas das oficinas envolveram sa\u00fade e bem-estar dos alunos e professores, gest\u00e3o de burnout e estresse, al\u00e9m de t\u00e9cnicas pedag\u00f3gicas para despertar a criatividade e a ludicidade dos docentes.<\/p>\n\n\n\n<figure class=\"wp-block-image size-large\"><img fetchpriority=\"high\" decoding=\"async\" width=\"1024\" height=\"684\" src=\"https:\/\/sgvaimudar.com.br\/wp-content\/uploads\/2025\/09\/unnamed-19-1024x684.jpg\" alt=\"\" class=\"wp-image-30282\" srcset=\"https:\/\/sgvaimudar.com.br\/wp-content\/uploads\/2025\/09\/unnamed-19-1024x684.jpg 1024w, https:\/\/sgvaimudar.com.br\/wp-content\/uploads\/2025\/09\/unnamed-19-300x200.jpg 300w, https:\/\/sgvaimudar.com.br\/wp-content\/uploads\/2025\/09\/unnamed-19-768x513.jpg 768w, https:\/\/sgvaimudar.com.br\/wp-content\/uploads\/2025\/09\/unnamed-19.jpg 1100w\" sizes=\"(max-width: 1024px) 100vw, 1024px\" \/><\/figure>\n\n\n\n<p>\u201cA forma\u00e7\u00f5es continuadas s\u00e3o importantes para transformar o olhar desse profissional mediante a esse mundo que precisa se tornar mais inclusivo. O intuito desse evento \u00e9 fazer com que a Secretaria de Educa\u00e7\u00e3o se aproxime e acolha esses profissionais, para que exista a escuta, a troca, com o foco em melhorar o atendimento nas escolas. Trouxemos n\u00e3o s\u00f3 as pr\u00e1ticas pedag\u00f3gicas, mas tamb\u00e9m palestras voltadas para a sa\u00fade mental dos professores\u201d, afirmou a coordenadora da Educa\u00e7\u00e3o Especial Inclusiva, Ver\u00f4nica Amorim.<\/p>\n\n\n\n<p>A professora de Sala de Recursos, Ta\u00eds Leal, da Umei Edn\u00e9a Mascarenhas de Ara\u00fajo, aprovou a iniciativa. \u201cA jornada de Aprendizado e Inclus\u00e3o trouxe a oportunidade de vivenciar uma experi\u00eancia bastante enriquecedora em um espa\u00e7o muito agrad\u00e1vel e acolhedor. O encontro nos oferece a troca de experi\u00eancias e reflex\u00f5es sobre nossas pr\u00e1ticas, impulsionando a\u00e7\u00f5es progressivas na perspectiva de uma educa\u00e7\u00e3o inclusiva, que atenda \u00e0s necessidades ou especificidades de todos os alunos, independentemente das suas diferen\u00e7as\u201d, disse.<\/p>\n\n\n\n<p><em>Fotos: Renan Otto<\/em><\/p>\n\n\n\n<p><strong><em>S\u00e3o Gon\u00e7alo vai mudar: Not\u00edcias de S\u00e3o Gon\u00e7alo e toda regi\u00e3o.<\/em><\/strong><\/p>\n\n\n\n<figure class=\"wp-block-image size-large\"><img decoding=\"async\" width=\"1024\" height=\"252\" src=\"https:\/\/sgvaimudar.com.br\/wp-content\/uploads\/2025\/03\/Anuncie-Aqui-Sao-Goncalo-vai-mudar-1024x252.jpg\" alt=\"\" class=\"wp-image-22693\" srcset=\"https:\/\/sgvaimudar.com.br\/wp-content\/uploads\/2025\/03\/Anuncie-Aqui-Sao-Goncalo-vai-mudar-1024x252.jpg 1024w, https:\/\/sgvaimudar.com.br\/wp-content\/uploads\/2025\/03\/Anuncie-Aqui-Sao-Goncalo-vai-mudar-300x74.jpg 300w, https:\/\/sgvaimudar.com.br\/wp-content\/uploads\/2025\/03\/Anuncie-Aqui-Sao-Goncalo-vai-mudar-768x189.jpg 768w, https:\/\/sgvaimudar.com.br\/wp-content\/uploads\/2025\/03\/Anuncie-Aqui-Sao-Goncalo-vai-mudar-1536x378.jpg 1536w, https:\/\/sgvaimudar.com.br\/wp-content\/uploads\/2025\/03\/Anuncie-Aqui-Sao-Goncalo-vai-mudar-2048x504.jpg 2048w\" sizes=\"(max-width: 1024px) 100vw, 1024px\" \/><\/figure>\n","protected":false},"excerpt":{"rendered":"<p>Jornada de aprendizado enfatiza a\u00e7\u00f5es em prol das pessoas com defici\u00eancia Em alus\u00e3o \u00e0 campanha \u201cSetembro Verde: visibilidade \u00e0 inclus\u00e3o&hellip;<\/p>\n","protected":false},"author":5,"featured_media":30283,"comment_status":"open","ping_status":"open","sticky":false,"template":"","format":"standard","meta":{"fifu_image_url":"","fifu_image_alt":"","footnotes":""},"categories":[3],"tags":[47,75],"class_list":["post-30281","post","type-post","status-publish","format-standard","has-post-thumbnail","hentry","category-sao-goncalo","tag-rj","tag-sao-goncalo"],"_links":{"self":[{"href":"https:\/\/sgvaimudar.com.br\/index.php\/wp-json\/wp\/v2\/posts\/30281","targetHints":{"allow":["GET"]}}],"collection":[{"href":"https:\/\/sgvaimudar.com.br\/index.php\/wp-json\/wp\/v2\/posts"}],"about":[{"href":"https:\/\/sgvaimudar.com.br\/index.php\/wp-json\/wp\/v2\/types\/post"}],"author":[{"embeddable":true,"href":"https:\/\/sgvaimudar.com.br\/index.php\/wp-json\/wp\/v2\/users\/5"}],"replies":[{"embeddable":true,"href":"https:\/\/sgvaimudar.com.br\/index.php\/wp-json\/wp\/v2\/comments?post=30281"}],"version-history":[{"count":1,"href":"https:\/\/sgvaimudar.com.br\/index.php\/wp-json\/wp\/v2\/posts\/30281\/revisions"}],"predecessor-version":[{"id":30284,"href":"https:\/\/sgvaimudar.com.br\/index.php\/wp-json\/wp\/v2\/posts\/30281\/revisions\/30284"}],"wp:featuredmedia":[{"embeddable":true,"href":"https:\/\/sgvaimudar.com.br\/index.php\/wp-json\/wp\/v2\/media\/30283"}],"wp:attachment":[{"href":"https:\/\/sgvaimudar.com.br\/index.php\/wp-json\/wp\/v2\/media?parent=30281"}],"wp:term":[{"taxonomy":"category","embeddable":true,"href":"https:\/\/sgvaimudar.com.br\/index.php\/wp-json\/wp\/v2\/categories?post=30281"},{"taxonomy":"post_tag","embeddable":true,"href":"https:\/\/sgvaimudar.com.br\/index.php\/wp-json\/wp\/v2\/tags?post=30281"}],"curies":[{"name":"wp","href":"https:\/\/api.w.org\/{rel}","templated":true}]}}