{"id":30256,"date":"2025-09-03T07:04:28","date_gmt":"2025-09-03T10:04:28","guid":{"rendered":"https:\/\/sgvaimudar.com.br\/?p=30256"},"modified":"2025-09-03T07:04:28","modified_gmt":"2025-09-03T10:04:28","slug":"seguranca-em-alta-guarda-municipal-de-sao-goncalo-realizou-26-prisoes-e-56-conducoes-em-agosto","status":"publish","type":"post","link":"https:\/\/sgvaimudar.com.br\/index.php\/2025\/09\/03\/seguranca-em-alta-guarda-municipal-de-sao-goncalo-realizou-26-prisoes-e-56-conducoes-em-agosto\/","title":{"rendered":"Seguran\u00e7a em alta: Guarda Municipal de S\u00e3o Gon\u00e7alo realizou 26 pris\u00f5es e 56 condu\u00e7\u00f5es em agosto"},"content":{"rendered":"\n<p><em>Desde janeiro deste ano, foram feitas 121 pris\u00f5es e 232 condu\u00e7\u00f5es<\/em><\/p>\n\n\n\n<p>A Guarda Municipal de S\u00e3o Gon\u00e7alo segue empenhada no combate \u00e0 criminalidade na cidade. S\u00f3 para se ter uma ideia, apenas no m\u00eas de agosto, os agentes realizaram 26 pris\u00f5es e 56 condu\u00e7\u00f5es, em sua maioria, por crimes ligados a furtos. <\/p>\n\n\n\n<p>Desde janeiro deste ano, foram feitas 121 pris\u00f5es e 232 condu\u00e7\u00f5es. O n\u00famero representa a pronta resposta frente \u00e0s diversas tipifica\u00e7\u00f5es criminais, contribuindo para a manuten\u00e7\u00e3o da ordem e da paz social.<\/p>\n\n\n\n<p>Os n\u00fameros deste ano j\u00e1 superam os de 2024, quando foram feitas 64 pris\u00f5es durante todo o ano, e os de 2023, quando ocorreram 26 pris\u00f5es. A maioria das ocorr\u00eancias foi em parceria com a Central de Seguran\u00e7a de S\u00e3o Gon\u00e7alo (CSSG), da Secretaria de Meio Ambiente e Transportes, respons\u00e1vel pelas 440 c\u00e2meras de monitoramento instaladas pela cidade.<\/p>\n\n\n\n<p>Durante o m\u00eas de agosto, a Guarda Municipal intensificou a\u00e7\u00f5es de patrulhamento<\/p>\n\n\n\n<p>preventivo em \u00e1reas estrat\u00e9gicas do munic\u00edpio. Al\u00e9m disso, foram realizadas abordagens t\u00e1ticas, fiscaliza\u00e7\u00f5es de rotina e interven\u00e7\u00f5es com base em den\u00fancias qualificadas. O n\u00famero expressivo de condu\u00e7\u00f5es e pris\u00f5es evidencia a efetividade da corpora\u00e7\u00e3o no enfrentamento \u00e0s pr\u00e1ticas delituosas que afetam a ordem p\u00fablica.<\/p>\n\n\n\n<p>&#8220;\u00c9 muito significativo contabilizar mais de 100 pris\u00f5es em apenas seis meses do ano. Esses n\u00fameros s\u00e3o resultados de muito trabalho, muita parceria com a CSSG e muito apoio do nosso prefeito Capit\u00e3o Nelson, que ressalta a import\u00e2ncia das nossas a\u00e7\u00f5es para a prote\u00e7\u00e3o do munic\u00edpio. A atua\u00e7\u00e3o da Guarda Municipal de S\u00e3o Gon\u00e7alo em agosto de 2025 reafirma o compromisso institucional com a seguran\u00e7a da popula\u00e7\u00e3o&#8221;, disse Ewerton Mendes, comandante da Guarda Municipal.<\/p>\n\n\n\n<p><em>Foto: Julio Diniz<\/em><\/p>\n\n\n\n<p><strong><em>Fa\u00e7a sua den\u00fancia pelo nosso WhatsApp: (21) <\/em><\/strong><strong><em>99744 5345<\/em><\/strong><strong><em><\/em><\/strong><\/p>\n\n\n\n<p><strong><em>S\u00e3o Gon\u00e7alo vai mudar: Not\u00edcias de S\u00e3o Gon\u00e7alo e toda regi\u00e3o.<\/em><\/strong><\/p>\n\n\n\n<figure class=\"wp-block-image size-large\"><img fetchpriority=\"high\" decoding=\"async\" width=\"1024\" height=\"252\" src=\"https:\/\/sgvaimudar.com.br\/wp-content\/uploads\/2025\/03\/Anuncie-Aqui-Sao-Goncalo-vai-mudar-1024x252.jpg\" alt=\"\" class=\"wp-image-22693\" srcset=\"https:\/\/sgvaimudar.com.br\/wp-content\/uploads\/2025\/03\/Anuncie-Aqui-Sao-Goncalo-vai-mudar-1024x252.jpg 1024w, https:\/\/sgvaimudar.com.br\/wp-content\/uploads\/2025\/03\/Anuncie-Aqui-Sao-Goncalo-vai-mudar-300x74.jpg 300w, https:\/\/sgvaimudar.com.br\/wp-content\/uploads\/2025\/03\/Anuncie-Aqui-Sao-Goncalo-vai-mudar-768x189.jpg 768w, https:\/\/sgvaimudar.com.br\/wp-content\/uploads\/2025\/03\/Anuncie-Aqui-Sao-Goncalo-vai-mudar-1536x378.jpg 1536w, https:\/\/sgvaimudar.com.br\/wp-content\/uploads\/2025\/03\/Anuncie-Aqui-Sao-Goncalo-vai-mudar-2048x504.jpg 2048w\" sizes=\"(max-width: 1024px) 100vw, 1024px\" \/><\/figure>\n","protected":false},"excerpt":{"rendered":"<p>Desde janeiro deste ano, foram feitas 121 pris\u00f5es e 232 condu\u00e7\u00f5es A Guarda Municipal de S\u00e3o Gon\u00e7alo segue empenhada no&hellip;<\/p>\n","protected":false},"author":5,"featured_media":30257,"comment_status":"open","ping_status":"open","sticky":false,"template":"","format":"standard","meta":{"fifu_image_url":"","fifu_image_alt":"","footnotes":""},"categories":[32],"tags":[39,41,40,47,75],"class_list":["post-30256","post","type-post","status-publish","format-standard","has-post-thumbnail","hentry","category-casos-de-policia","tag-ataque","tag-conflito","tag-guerra","tag-rj","tag-sao-goncalo"],"_links":{"self":[{"href":"https:\/\/sgvaimudar.com.br\/index.php\/wp-json\/wp\/v2\/posts\/30256","targetHints":{"allow":["GET"]}}],"collection":[{"href":"https:\/\/sgvaimudar.com.br\/index.php\/wp-json\/wp\/v2\/posts"}],"about":[{"href":"https:\/\/sgvaimudar.com.br\/index.php\/wp-json\/wp\/v2\/types\/post"}],"author":[{"embeddable":true,"href":"https:\/\/sgvaimudar.com.br\/index.php\/wp-json\/wp\/v2\/users\/5"}],"replies":[{"embeddable":true,"href":"https:\/\/sgvaimudar.com.br\/index.php\/wp-json\/wp\/v2\/comments?post=30256"}],"version-history":[{"count":1,"href":"https:\/\/sgvaimudar.com.br\/index.php\/wp-json\/wp\/v2\/posts\/30256\/revisions"}],"predecessor-version":[{"id":30258,"href":"https:\/\/sgvaimudar.com.br\/index.php\/wp-json\/wp\/v2\/posts\/30256\/revisions\/30258"}],"wp:featuredmedia":[{"embeddable":true,"href":"https:\/\/sgvaimudar.com.br\/index.php\/wp-json\/wp\/v2\/media\/30257"}],"wp:attachment":[{"href":"https:\/\/sgvaimudar.com.br\/index.php\/wp-json\/wp\/v2\/media?parent=30256"}],"wp:term":[{"taxonomy":"category","embeddable":true,"href":"https:\/\/sgvaimudar.com.br\/index.php\/wp-json\/wp\/v2\/categories?post=30256"},{"taxonomy":"post_tag","embeddable":true,"href":"https:\/\/sgvaimudar.com.br\/index.php\/wp-json\/wp\/v2\/tags?post=30256"}],"curies":[{"name":"wp","href":"https:\/\/api.w.org\/{rel}","templated":true}]}}