{"id":30247,"date":"2025-09-02T14:00:00","date_gmt":"2025-09-02T17:00:00","guid":{"rendered":"https:\/\/sgvaimudar.com.br\/?p=30247"},"modified":"2025-09-02T09:40:33","modified_gmt":"2025-09-02T12:40:33","slug":"mobilidade-em-alta-obras-do-trecho-4-do-muvi-avancam","status":"publish","type":"post","link":"https:\/\/sgvaimudar.com.br\/index.php\/2025\/09\/02\/mobilidade-em-alta-obras-do-trecho-4-do-muvi-avancam\/","title":{"rendered":"Mobilidade em alta: Obras do trecho 4 do Muvi avan\u00e7am"},"content":{"rendered":"\n<p><em>Nova ponte e baias de estacionamento est\u00e3o sendo constru\u00eddas<\/em><\/p>\n\n\n\n<p>As obras no trecho 4 do Mobilidade Urbana Verde Integrada (Muvi) seguem a todo vapor. Na \u00faltima sexta-feira (29), foi feito o i\u00e7amento e o assentamento de vigas de uma ponte de 16 metros de comprimento por 7,80 metros de largura. Nela, ir\u00e3o ser feitas duas pistas para carros no sentido Guaxindiba, interligando Ponte Seca ao bairro da Trindade.<\/p>\n\n\n\n<p>Na ponte, j\u00e1 foram realizadas tamb\u00e9m a execu\u00e7\u00e3o da estaca raiz e blocos de coroamento, formando a base do elevado. O trecho 4 vai do bairro Estrela do Norte \u00e0 Trindade.<\/p>\n\n\n\n<figure class=\"wp-block-image size-full\"><img fetchpriority=\"high\" decoding=\"async\" width=\"1024\" height=\"681\" src=\"https:\/\/sgvaimudar.com.br\/wp-content\/uploads\/2025\/09\/unnamed-9-1.jpg\" alt=\"\" class=\"wp-image-30249\" srcset=\"https:\/\/sgvaimudar.com.br\/wp-content\/uploads\/2025\/09\/unnamed-9-1.jpg 1024w, https:\/\/sgvaimudar.com.br\/wp-content\/uploads\/2025\/09\/unnamed-9-1-300x200.jpg 300w, https:\/\/sgvaimudar.com.br\/wp-content\/uploads\/2025\/09\/unnamed-9-1-768x511.jpg 768w\" sizes=\"(max-width: 1024px) 100vw, 1024px\" \/><\/figure>\n\n\n\n<p>O projeto Muvi \u00e9 uma parceria entre o Governo do Estado do Rio de Janeiro, atrav\u00e9s da Secretaria das Cidades, e a Prefeitura de S\u00e3o Gon\u00e7alo. Trata-se do maior projeto de mobilidade urbana j\u00e1 realizado na cidade de S\u00e3o Gon\u00e7alo, com um investimento de R$ 287 milh\u00f5es. O novo corredor vi\u00e1rio ter\u00e1 18 quil\u00f4metros de extens\u00e3o e vai ligar o bairro de Neves a Guaxindiba.<\/p>\n\n\n\n<p>Al\u00e9m disso, no trecho 4 est\u00e1 sendo executado o trabalho de constru\u00e7\u00e3o de cal\u00e7adas e de vagas de estacionamento, reordenando os carros que ficavam parados de forma irregular nas vias do trajeto do Muvi. No bairro Estrela do Norte, um estacionamento com dezenas de vagas foi conclu\u00eddo e o trabalho foi iniciado na regi\u00e3o de S\u00e3o Miguel.<\/p>\n\n\n\n<figure class=\"wp-block-image size-full\"><img decoding=\"async\" width=\"1024\" height=\"681\" src=\"https:\/\/sgvaimudar.com.br\/wp-content\/uploads\/2025\/09\/unnamed-8.jpg\" alt=\"\" class=\"wp-image-30250\" srcset=\"https:\/\/sgvaimudar.com.br\/wp-content\/uploads\/2025\/09\/unnamed-8.jpg 1024w, https:\/\/sgvaimudar.com.br\/wp-content\/uploads\/2025\/09\/unnamed-8-300x200.jpg 300w, https:\/\/sgvaimudar.com.br\/wp-content\/uploads\/2025\/09\/unnamed-8-768x511.jpg 768w\" sizes=\"(max-width: 1024px) 100vw, 1024px\" \/><\/figure>\n\n\n\n<p>O prefeito Capit\u00e3o Nelson celebrou o avan\u00e7o das interven\u00e7\u00f5es.<\/p>\n\n\n\n<p>\u201c\u00c9 muito bom ver a nossa cidade evoluindo! S\u00e3o Gon\u00e7alo est\u00e1 sendo transformada. O Muvi est\u00e1 renovando cal\u00e7adas, criando vagas de estacionamento nas vias, realizando servi\u00e7os de drenagem e pavimenta\u00e7\u00e3o, revitalizando diversos bairros. Agrade\u00e7o ao governador Cl\u00e1udio Castro e ao secret\u00e1rio das Cidades Douglas Ruas pela parceria e ao deputado federal Altineu C\u00f4rtes por todo o apoio ao munic\u00edpio\u201d, disse o prefeito Capit\u00e3o Nelson.<\/p>\n\n\n\n<p>\u201cAtendendo \u00e0 orienta\u00e7\u00e3o do governador Cl\u00e1udio Castro, as obras do Muvi avan\u00e7am com planejamento e foco em quem vai utilizar os espa\u00e7os. A instala\u00e7\u00e3o da ponte na Trindade e a implanta\u00e7\u00e3o de vagas de estacionamento organizadas s\u00e3o exemplos de interven\u00e7\u00f5es que melhoram a mobilidade, d\u00e3o mais fluidez ao tr\u00e2nsito e aumentam a seguran\u00e7a de motoristas e pedestres\u201d, afirmou o secret\u00e1rio de Estado das Cidades, Douglas Ruas.<\/p>\n\n\n\n<p>O vigilante Bruno Lima, de 43 anos, que nasceu e sempre viveu no bairro Estrela do Norte, aprovou as obras do projeto.<\/p>\n\n\n\n<p>\u201c\u00c9 melhoria para a nossa cidade, transforma\u00e7\u00e3o! A vida do gon\u00e7alense est\u00e1 ficando melhor. As novas cal\u00e7adas e novos estacionamentos s\u00e3o necess\u00e1rios. Os carros ficavam parados na rua antes, era pior, agora temos novas vagas de estacionamento e novas pistas\u201d, disse o vigilante.<\/p>\n\n\n\n<p>O Muvi j\u00e1 pode ser visualizado em bairros como Neves, Vila Lage, Porto Velho, Para\u00edso, Parada 40, Camar\u00e3o e Centro, entre outros. O projeto foi elaborado pela Secretaria Municipal de Gest\u00e3o Integrada e Projetos Especiais (Semgipe). Todo o percurso ser\u00e1 beneficiado com redes de drenagem, al\u00e9m da constru\u00e7\u00e3o de cal\u00e7adas, ciclovias, meios-fios, pavimenta\u00e7\u00e3o, paisagismo e pistas preferenciais para \u00f4nibus.<\/p>\n\n\n\n<p>Fotos: Luiz Carvalho\/ Fabio Guimar\u00e3es<\/p>\n\n\n\n<p><strong><em>S\u00e3o Gon\u00e7alo vai mudar: Not\u00edcias de S\u00e3o Gon\u00e7alo e toda regi\u00e3o.<\/em><\/strong><\/p>\n\n\n\n<figure class=\"wp-block-image size-large\"><img decoding=\"async\" width=\"1024\" height=\"252\" src=\"https:\/\/sgvaimudar.com.br\/wp-content\/uploads\/2025\/03\/Anuncie-Aqui-Sao-Goncalo-vai-mudar-1024x252.jpg\" alt=\"\" class=\"wp-image-22693\" srcset=\"https:\/\/sgvaimudar.com.br\/wp-content\/uploads\/2025\/03\/Anuncie-Aqui-Sao-Goncalo-vai-mudar-1024x252.jpg 1024w, https:\/\/sgvaimudar.com.br\/wp-content\/uploads\/2025\/03\/Anuncie-Aqui-Sao-Goncalo-vai-mudar-300x74.jpg 300w, https:\/\/sgvaimudar.com.br\/wp-content\/uploads\/2025\/03\/Anuncie-Aqui-Sao-Goncalo-vai-mudar-768x189.jpg 768w, https:\/\/sgvaimudar.com.br\/wp-content\/uploads\/2025\/03\/Anuncie-Aqui-Sao-Goncalo-vai-mudar-1536x378.jpg 1536w, https:\/\/sgvaimudar.com.br\/wp-content\/uploads\/2025\/03\/Anuncie-Aqui-Sao-Goncalo-vai-mudar-2048x504.jpg 2048w\" sizes=\"(max-width: 1024px) 100vw, 1024px\" \/><\/figure>\n","protected":false},"excerpt":{"rendered":"<p>Nova ponte e baias de estacionamento est\u00e3o sendo constru\u00eddas As obras no trecho 4 do Mobilidade Urbana Verde Integrada (Muvi)&hellip;<\/p>\n","protected":false},"author":5,"featured_media":30248,"comment_status":"open","ping_status":"open","sticky":false,"template":"","format":"standard","meta":{"fifu_image_url":"","fifu_image_alt":"","footnotes":""},"categories":[3],"tags":[47,75],"class_list":["post-30247","post","type-post","status-publish","format-standard","has-post-thumbnail","hentry","category-sao-goncalo","tag-rj","tag-sao-goncalo"],"_links":{"self":[{"href":"https:\/\/sgvaimudar.com.br\/index.php\/wp-json\/wp\/v2\/posts\/30247","targetHints":{"allow":["GET"]}}],"collection":[{"href":"https:\/\/sgvaimudar.com.br\/index.php\/wp-json\/wp\/v2\/posts"}],"about":[{"href":"https:\/\/sgvaimudar.com.br\/index.php\/wp-json\/wp\/v2\/types\/post"}],"author":[{"embeddable":true,"href":"https:\/\/sgvaimudar.com.br\/index.php\/wp-json\/wp\/v2\/users\/5"}],"replies":[{"embeddable":true,"href":"https:\/\/sgvaimudar.com.br\/index.php\/wp-json\/wp\/v2\/comments?post=30247"}],"version-history":[{"count":1,"href":"https:\/\/sgvaimudar.com.br\/index.php\/wp-json\/wp\/v2\/posts\/30247\/revisions"}],"predecessor-version":[{"id":30251,"href":"https:\/\/sgvaimudar.com.br\/index.php\/wp-json\/wp\/v2\/posts\/30247\/revisions\/30251"}],"wp:featuredmedia":[{"embeddable":true,"href":"https:\/\/sgvaimudar.com.br\/index.php\/wp-json\/wp\/v2\/media\/30248"}],"wp:attachment":[{"href":"https:\/\/sgvaimudar.com.br\/index.php\/wp-json\/wp\/v2\/media?parent=30247"}],"wp:term":[{"taxonomy":"category","embeddable":true,"href":"https:\/\/sgvaimudar.com.br\/index.php\/wp-json\/wp\/v2\/categories?post=30247"},{"taxonomy":"post_tag","embeddable":true,"href":"https:\/\/sgvaimudar.com.br\/index.php\/wp-json\/wp\/v2\/tags?post=30247"}],"curies":[{"name":"wp","href":"https:\/\/api.w.org\/{rel}","templated":true}]}}