{"id":30227,"date":"2025-09-02T09:00:00","date_gmt":"2025-09-02T12:00:00","guid":{"rendered":"https:\/\/sgvaimudar.com.br\/?p=30227"},"modified":"2025-09-02T08:03:00","modified_gmt":"2025-09-02T11:03:00","slug":"qualificacao-em-alta-projeto-lidera-mulher-abre-inscricoes-para-a-16a-turma","status":"publish","type":"post","link":"https:\/\/sgvaimudar.com.br\/index.php\/2025\/09\/02\/qualificacao-em-alta-projeto-lidera-mulher-abre-inscricoes-para-a-16a-turma\/","title":{"rendered":"Qualifica\u00e7\u00e3o em alta: Projeto Lidera Mulher abre inscri\u00e7\u00f5es para a 16\u00aa turma\u00a0"},"content":{"rendered":"\n<p><em>Capacita\u00e7\u00e3o em empreendedorismo come\u00e7a dia 25 de setembro<\/em><\/p>\n\n\n\n<p>Est\u00e3o abertas as inscri\u00e7\u00f5es para a 16\u00aa turma do projeto Lidera Mulher. A capacita\u00e7\u00e3o \u00e9 uma iniciativa da Subsecretaria de Pol\u00edticas P\u00fablicas para as Mulheres, em parceria com o Sebrae, com o intuito de qualificar mulheres no ramo do empreendedorismo.<\/p>\n\n\n\n<p>As inscri\u00e7\u00f5es podem ser realizadas at\u00e9 o dia 23 de setembro, pelo e-mail\u00a0inscricaolideramulher@gmail.com ou pelos equipamentos do Lidera Mulher, no Partage Shopping, e na Feira da Mulher Empreendedora, na Pra\u00e7a Dr. Luiz Palmier.\u00a0<\/p>\n\n\n\n<figure class=\"wp-block-image size-large\"><img fetchpriority=\"high\" decoding=\"async\" width=\"819\" height=\"1024\" src=\"https:\/\/sgvaimudar.com.br\/wp-content\/uploads\/2025\/09\/unnamed-2-819x1024.jpg\" alt=\"\" class=\"wp-image-30228\" srcset=\"https:\/\/sgvaimudar.com.br\/wp-content\/uploads\/2025\/09\/unnamed-2-819x1024.jpg 819w, https:\/\/sgvaimudar.com.br\/wp-content\/uploads\/2025\/09\/unnamed-2-240x300.jpg 240w, https:\/\/sgvaimudar.com.br\/wp-content\/uploads\/2025\/09\/unnamed-2-768x960.jpg 768w, https:\/\/sgvaimudar.com.br\/wp-content\/uploads\/2025\/09\/unnamed-2.jpg 1080w\" sizes=\"(max-width: 819px) 100vw, 819px\" \/><\/figure>\n\n\n\n<p>As aulas s\u00e3o ministradas \u00e0s quintas, das 13h \u00e0s 17h, no Espa\u00e7o Mais Conhecimento do Partage Shopping, no Centro. A pr\u00f3xima turma come\u00e7a no dia 25 de setembro. As aulas da capacita\u00e7\u00e3o trabalham temas como formaliza\u00e7\u00e3o, administra\u00e7\u00e3o e planejamento de neg\u00f3cios, t\u00e9cnicas de vendas e uso das m\u00eddias sociais.<\/p>\n\n\n\n<p><strong><em>S\u00e3o Gon\u00e7alo vai mudar: Not\u00edcias de S\u00e3o Gon\u00e7alo e toda regi\u00e3o.<\/em><\/strong><\/p>\n\n\n\n<figure class=\"wp-block-image size-large\"><img decoding=\"async\" width=\"1024\" height=\"252\" src=\"https:\/\/sgvaimudar.com.br\/wp-content\/uploads\/2025\/03\/Anuncie-Aqui-Sao-Goncalo-vai-mudar-1024x252.jpg\" alt=\"\" class=\"wp-image-22693\" srcset=\"https:\/\/sgvaimudar.com.br\/wp-content\/uploads\/2025\/03\/Anuncie-Aqui-Sao-Goncalo-vai-mudar-1024x252.jpg 1024w, https:\/\/sgvaimudar.com.br\/wp-content\/uploads\/2025\/03\/Anuncie-Aqui-Sao-Goncalo-vai-mudar-300x74.jpg 300w, https:\/\/sgvaimudar.com.br\/wp-content\/uploads\/2025\/03\/Anuncie-Aqui-Sao-Goncalo-vai-mudar-768x189.jpg 768w, https:\/\/sgvaimudar.com.br\/wp-content\/uploads\/2025\/03\/Anuncie-Aqui-Sao-Goncalo-vai-mudar-1536x378.jpg 1536w, https:\/\/sgvaimudar.com.br\/wp-content\/uploads\/2025\/03\/Anuncie-Aqui-Sao-Goncalo-vai-mudar-2048x504.jpg 2048w\" sizes=\"(max-width: 1024px) 100vw, 1024px\" \/><\/figure>\n","protected":false},"excerpt":{"rendered":"<p>Capacita\u00e7\u00e3o em empreendedorismo come\u00e7a dia 25 de setembro Est\u00e3o abertas as inscri\u00e7\u00f5es para a 16\u00aa turma do projeto Lidera Mulher.&hellip;<\/p>\n","protected":false},"author":5,"featured_media":5825,"comment_status":"open","ping_status":"open","sticky":false,"template":"","format":"standard","meta":{"fifu_image_url":"","fifu_image_alt":"","footnotes":""},"categories":[3],"tags":[47,75],"class_list":["post-30227","post","type-post","status-publish","format-standard","has-post-thumbnail","hentry","category-sao-goncalo","tag-rj","tag-sao-goncalo"],"_links":{"self":[{"href":"https:\/\/sgvaimudar.com.br\/index.php\/wp-json\/wp\/v2\/posts\/30227","targetHints":{"allow":["GET"]}}],"collection":[{"href":"https:\/\/sgvaimudar.com.br\/index.php\/wp-json\/wp\/v2\/posts"}],"about":[{"href":"https:\/\/sgvaimudar.com.br\/index.php\/wp-json\/wp\/v2\/types\/post"}],"author":[{"embeddable":true,"href":"https:\/\/sgvaimudar.com.br\/index.php\/wp-json\/wp\/v2\/users\/5"}],"replies":[{"embeddable":true,"href":"https:\/\/sgvaimudar.com.br\/index.php\/wp-json\/wp\/v2\/comments?post=30227"}],"version-history":[{"count":1,"href":"https:\/\/sgvaimudar.com.br\/index.php\/wp-json\/wp\/v2\/posts\/30227\/revisions"}],"predecessor-version":[{"id":30229,"href":"https:\/\/sgvaimudar.com.br\/index.php\/wp-json\/wp\/v2\/posts\/30227\/revisions\/30229"}],"wp:featuredmedia":[{"embeddable":true,"href":"https:\/\/sgvaimudar.com.br\/index.php\/wp-json\/wp\/v2\/media\/5825"}],"wp:attachment":[{"href":"https:\/\/sgvaimudar.com.br\/index.php\/wp-json\/wp\/v2\/media?parent=30227"}],"wp:term":[{"taxonomy":"category","embeddable":true,"href":"https:\/\/sgvaimudar.com.br\/index.php\/wp-json\/wp\/v2\/categories?post=30227"},{"taxonomy":"post_tag","embeddable":true,"href":"https:\/\/sgvaimudar.com.br\/index.php\/wp-json\/wp\/v2\/tags?post=30227"}],"curies":[{"name":"wp","href":"https:\/\/api.w.org\/{rel}","templated":true}]}}