{"id":30201,"date":"2025-09-01T13:00:00","date_gmt":"2025-09-01T16:00:00","guid":{"rendered":"https:\/\/sgvaimudar.com.br\/?p=30201"},"modified":"2025-09-01T10:07:45","modified_gmt":"2025-09-01T13:07:45","slug":"marcha-para-jesus-em-marica-arrasta-multidao-em-nome-da-fe-crista","status":"publish","type":"post","link":"https:\/\/sgvaimudar.com.br\/index.php\/2025\/09\/01\/marcha-para-jesus-em-marica-arrasta-multidao-em-nome-da-fe-crista\/","title":{"rendered":"Marcha para Jesus em Maric\u00e1 arrasta multid\u00e3o em nome da f\u00e9 crist\u00e3"},"content":{"rendered":"\n<p><em>Grandes nomes da m\u00fasica gospel, como Cassiane e Thalles Roberto, conduziram o p\u00fablico a momentos de louvor e adora\u00e7\u00e3o<br><\/em><br>A Prefeitura de Maric\u00e1 promoveu, no s\u00e1bado (30\/08), a 16\u00aa edi\u00e7\u00e3o da Marcha para Jesus, atraindo milhares de fi\u00e9is de diversas denomina\u00e7\u00f5es crist\u00e3s. Embalados por artistas da m\u00fasica gospel, os crist\u00e3os marcharam da Avenida Vereador Francisco Sabino da Costa at\u00e9 a Pra\u00e7a Orlando de Barros Pimentel.<\/p>\n\n\n\n<p>A Marcha para Jesus contou com grandes nomes da m\u00fasica gospel, como Cassiane, Thalles Roberto, Maria Pita e Paulo Neto, que conduziram o p\u00fablico em momentos de louvor e adora\u00e7\u00e3o.<\/p>\n\n\n\n<figure class=\"wp-block-image size-full\"><img fetchpriority=\"high\" decoding=\"async\" width=\"1024\" height=\"683\" src=\"https:\/\/sgvaimudar.com.br\/wp-content\/uploads\/2025\/09\/marica.jpg\" alt=\"\" class=\"wp-image-30202\" srcset=\"https:\/\/sgvaimudar.com.br\/wp-content\/uploads\/2025\/09\/marica.jpg 1024w, https:\/\/sgvaimudar.com.br\/wp-content\/uploads\/2025\/09\/marica-300x200.jpg 300w, https:\/\/sgvaimudar.com.br\/wp-content\/uploads\/2025\/09\/marica-768x512.jpg 768w\" sizes=\"(max-width: 1024px) 100vw, 1024px\" \/><\/figure>\n\n\n\n<p>\u201cNosso munic\u00edpio tem uma forte tradi\u00e7\u00e3o religiosa e plural, e a secretaria foi criada justamente para atender \u00e0s necessidades das igrejas e templos de todas as cren\u00e7as. \u00c9 uma alegria ver o povo de Maric\u00e1 ocupando novamente a Pra\u00e7a, que sempre foi palco de grandes festas e de momentos de adora\u00e7\u00e3o a Deus\u201d, celebrou o secret\u00e1rio de Assuntos Religiosos, pastor S\u00e9rgio Luiz.<\/p>\n\n\n\n<p>A edi\u00e7\u00e3o tamb\u00e9m contou com apresenta\u00e7\u00f5es de Luan Ribeiro, Pra. Amanda Dantas, Ess\u00eancia Music, Ana Maura, Fabricio Toledo e DJ Nald\u00e3o, garantindo uma programa\u00e7\u00e3o que deixou o clima de f\u00e9 e adora\u00e7\u00e3o sempre aquecidos.<\/p>\n\n\n\n<p>&#8220;A determina\u00e7\u00e3o do prefeito Washington Quaqu\u00e1 \u00e9 recuperar a tradi\u00e7\u00e3o da Pra\u00e7a como palco principal das festas religiosas, trazendo as fam\u00edlias de Maric\u00e1 e turistas para um ambiente de f\u00e9 e conviv\u00eancia. Queremos que Maric\u00e1 seja reconhecida como uma cidade de paz, onde a f\u00e9 e o respeito \u00e0 diversidade caminham juntos\u201d, afirmou Rony Peterson, secret\u00e1rio de Promo\u00e7\u00e3o de Eventos.<\/p>\n\n\n\n<p>Consagra\u00e7\u00e3o e f\u00e9<br>Os fi\u00e9is que marcharam na 16\u00aa edi\u00e7\u00e3o do evento celebraram o momento inspirados e fizeram preces em prol do futuro de Maric\u00e1.<\/p>\n\n\n\n<p>&#8220;Ver diferentes igrejas unidas em adora\u00e7\u00e3o fortalece minha convic\u00e7\u00e3o de que nossa for\u00e7a est\u00e1 na comunh\u00e3o. Este evento \u00e9 um marco de renova\u00e7\u00e3o do prop\u00f3sito crist\u00e3o na vida de cada um&#8221;, acredita Ana Lima, moradora de Ara\u00e7atiba.<\/p>\n\n\n\n<p>A estudante de Psicologia Maria Eduarda Souza, moradora do Parque Nanci, \u00e9 presen\u00e7a certa na celebra\u00e7\u00e3o crist\u00e3. \u201cVenho todos os anos com minha fam\u00edlia para louvar e clamar por paz em nossa cidade. A Marcha para Jesus \u00e9 um momento de renova\u00e7\u00e3o espiritual\u201d, contou.<\/p>\n\n\n\n<p>A 16\u00aa Marcha para Jesus foi realizada pelas Secretarias de Assuntos Religiosos, Promo\u00e7\u00e3o de Eventos e Turismo, Com\u00e9rcio, Ind\u00fastria e Mercado Interno, em parceria com a Associa\u00e7\u00e3o de Ministros Evang\u00e9licos (AME) e o Conselho de Ministros Evang\u00e9licos de Maric\u00e1 (COMEM).<\/p>\n\n\n\n<p><strong><em>S\u00e3o Gon\u00e7alo vai mudar: Not\u00edcias de S\u00e3o Gon\u00e7alo e toda regi\u00e3o.<\/em><\/strong><\/p>\n\n\n\n<figure class=\"wp-block-image size-large\"><img decoding=\"async\" width=\"1024\" height=\"252\" src=\"https:\/\/sgvaimudar.com.br\/wp-content\/uploads\/2025\/03\/Anuncie-Aqui-Sao-Goncalo-vai-mudar-1024x252.jpg\" alt=\"\" class=\"wp-image-22693\" srcset=\"https:\/\/sgvaimudar.com.br\/wp-content\/uploads\/2025\/03\/Anuncie-Aqui-Sao-Goncalo-vai-mudar-1024x252.jpg 1024w, https:\/\/sgvaimudar.com.br\/wp-content\/uploads\/2025\/03\/Anuncie-Aqui-Sao-Goncalo-vai-mudar-300x74.jpg 300w, https:\/\/sgvaimudar.com.br\/wp-content\/uploads\/2025\/03\/Anuncie-Aqui-Sao-Goncalo-vai-mudar-768x189.jpg 768w, https:\/\/sgvaimudar.com.br\/wp-content\/uploads\/2025\/03\/Anuncie-Aqui-Sao-Goncalo-vai-mudar-1536x378.jpg 1536w, https:\/\/sgvaimudar.com.br\/wp-content\/uploads\/2025\/03\/Anuncie-Aqui-Sao-Goncalo-vai-mudar-2048x504.jpg 2048w\" sizes=\"(max-width: 1024px) 100vw, 1024px\" \/><\/figure>\n","protected":false},"excerpt":{"rendered":"<p>Grandes nomes da m\u00fasica gospel, como Cassiane e Thalles Roberto, conduziram o p\u00fablico a momentos de louvor e adora\u00e7\u00e3oA Prefeitura&hellip;<\/p>\n","protected":false},"author":5,"featured_media":30203,"comment_status":"open","ping_status":"open","sticky":false,"template":"","format":"standard","meta":{"fifu_image_url":"","fifu_image_alt":"","footnotes":""},"categories":[6],"tags":[47],"class_list":["post-30201","post","type-post","status-publish","format-standard","has-post-thumbnail","hentry","category-entretenimento","tag-rj"],"_links":{"self":[{"href":"https:\/\/sgvaimudar.com.br\/index.php\/wp-json\/wp\/v2\/posts\/30201","targetHints":{"allow":["GET"]}}],"collection":[{"href":"https:\/\/sgvaimudar.com.br\/index.php\/wp-json\/wp\/v2\/posts"}],"about":[{"href":"https:\/\/sgvaimudar.com.br\/index.php\/wp-json\/wp\/v2\/types\/post"}],"author":[{"embeddable":true,"href":"https:\/\/sgvaimudar.com.br\/index.php\/wp-json\/wp\/v2\/users\/5"}],"replies":[{"embeddable":true,"href":"https:\/\/sgvaimudar.com.br\/index.php\/wp-json\/wp\/v2\/comments?post=30201"}],"version-history":[{"count":1,"href":"https:\/\/sgvaimudar.com.br\/index.php\/wp-json\/wp\/v2\/posts\/30201\/revisions"}],"predecessor-version":[{"id":30204,"href":"https:\/\/sgvaimudar.com.br\/index.php\/wp-json\/wp\/v2\/posts\/30201\/revisions\/30204"}],"wp:featuredmedia":[{"embeddable":true,"href":"https:\/\/sgvaimudar.com.br\/index.php\/wp-json\/wp\/v2\/media\/30203"}],"wp:attachment":[{"href":"https:\/\/sgvaimudar.com.br\/index.php\/wp-json\/wp\/v2\/media?parent=30201"}],"wp:term":[{"taxonomy":"category","embeddable":true,"href":"https:\/\/sgvaimudar.com.br\/index.php\/wp-json\/wp\/v2\/categories?post=30201"},{"taxonomy":"post_tag","embeddable":true,"href":"https:\/\/sgvaimudar.com.br\/index.php\/wp-json\/wp\/v2\/tags?post=30201"}],"curies":[{"name":"wp","href":"https:\/\/api.w.org\/{rel}","templated":true}]}}