{"id":30167,"date":"2025-08-31T11:00:00","date_gmt":"2025-08-31T14:00:00","guid":{"rendered":"https:\/\/sgvaimudar.com.br\/?p=30167"},"modified":"2025-08-31T05:37:35","modified_gmt":"2025-08-31T08:37:35","slug":"sao-goncalo-tem-onda-verde-em-homenagem-ao-profissional-de-educacao-fisica","status":"publish","type":"post","link":"https:\/\/sgvaimudar.com.br\/index.php\/2025\/08\/31\/sao-goncalo-tem-onda-verde-em-homenagem-ao-profissional-de-educacao-fisica\/","title":{"rendered":"S\u00e3o Gon\u00e7alo tem &#8220;Onda Verde&#8221; em homenagem ao profissional de Educa\u00e7\u00e3o F\u00edsica"},"content":{"rendered":"\n<p><em>Evento recebeu apoio da Secretaria de Esporte e Lazer<\/em><\/p>\n\n\n\n<p>O in\u00edcio da manh\u00e3 deste s\u00e1bado (30) foi de muita representatividade para o esporte em S\u00e3o Gon\u00e7alo. A Secretaria de Esporte e Lazer (Semel) apoiou a caminhada chamada \u201cOnda Verde\u201d, que teve in\u00edcio na entrada do bairro Porto da Pedra, na Rua Jaime Figueiredo, e seguiu at\u00e9 a Pra\u00e7a dos Ex-Combatentes, no Patronato, reunindo mais de 700 pessoas.\u00a0<\/p>\n\n\n\n<p>A caminhada \u201cOnda Verde\u201d \u00e9 em alus\u00e3o ao Dia do Profissional de Educa\u00e7\u00e3o F\u00edsica, comemorado no dia 1\u00ba de setembro. A iniciativa \u00e9 do Conselho Regional de Educa\u00e7\u00e3o F\u00edsica (Cref) e tem como objetivo destacar o exerc\u00edcio como pr\u00e1tica essencial \u00e0 sa\u00fade e valorizar os profissionais de educa\u00e7\u00e3o f\u00edsica.\u00a0<\/p>\n\n\n\n<figure class=\"wp-block-image size-large\"><img fetchpriority=\"high\" decoding=\"async\" width=\"1024\" height=\"768\" src=\"https:\/\/sgvaimudar.com.br\/wp-content\/uploads\/2025\/08\/unnamed-8-14-1024x768.jpg\" alt=\"\" class=\"wp-image-30168\" srcset=\"https:\/\/sgvaimudar.com.br\/wp-content\/uploads\/2025\/08\/unnamed-8-14-1024x768.jpg 1024w, https:\/\/sgvaimudar.com.br\/wp-content\/uploads\/2025\/08\/unnamed-8-14-300x225.jpg 300w, https:\/\/sgvaimudar.com.br\/wp-content\/uploads\/2025\/08\/unnamed-8-14-768x576.jpg 768w, https:\/\/sgvaimudar.com.br\/wp-content\/uploads\/2025\/08\/unnamed-8-14-1536x1152.jpg 1536w, https:\/\/sgvaimudar.com.br\/wp-content\/uploads\/2025\/08\/unnamed-8-14.jpg 1600w\" sizes=\"(max-width: 1024px) 100vw, 1024px\" \/><\/figure>\n\n\n\n<p>O secret\u00e1rio de Esporte e Lazer da Prefeitura de S\u00e3o Gon\u00e7alo, Bruno Porto, participou da caminhada. \u201cO contexto \u00e9 mostrar a import\u00e2ncia do profissional de educa\u00e7\u00e3o f\u00edsica na vida de quem pratica atividade f\u00edsica. A pr\u00e1tica de exerc\u00edcios \u00e9 muito importante para uma vida saud\u00e1vel e com qualidade, assim como ser acompanhado por um profissional\u201d, finalizou o secret\u00e1rio.\u00a0<\/p>\n\n\n\n<p>No fim da caminhada, os participantes fizeram atividades na pra\u00e7a, incentivando tamb\u00e9m quem passava.<\/p>\n\n\n\n<p><strong><em>S\u00e3o Gon\u00e7alo vai mudar: Not\u00edcias de S\u00e3o Gon\u00e7alo e toda regi\u00e3o.<\/em><\/strong><\/p>\n\n\n\n<figure class=\"wp-block-image size-large\"><img decoding=\"async\" width=\"1024\" height=\"252\" src=\"https:\/\/sgvaimudar.com.br\/wp-content\/uploads\/2025\/03\/Anuncie-Aqui-Sao-Goncalo-vai-mudar-1024x252.jpg\" alt=\"\" class=\"wp-image-22693\" srcset=\"https:\/\/sgvaimudar.com.br\/wp-content\/uploads\/2025\/03\/Anuncie-Aqui-Sao-Goncalo-vai-mudar-1024x252.jpg 1024w, https:\/\/sgvaimudar.com.br\/wp-content\/uploads\/2025\/03\/Anuncie-Aqui-Sao-Goncalo-vai-mudar-300x74.jpg 300w, https:\/\/sgvaimudar.com.br\/wp-content\/uploads\/2025\/03\/Anuncie-Aqui-Sao-Goncalo-vai-mudar-768x189.jpg 768w, https:\/\/sgvaimudar.com.br\/wp-content\/uploads\/2025\/03\/Anuncie-Aqui-Sao-Goncalo-vai-mudar-1536x378.jpg 1536w, https:\/\/sgvaimudar.com.br\/wp-content\/uploads\/2025\/03\/Anuncie-Aqui-Sao-Goncalo-vai-mudar-2048x504.jpg 2048w\" sizes=\"(max-width: 1024px) 100vw, 1024px\" \/><\/figure>\n","protected":false},"excerpt":{"rendered":"<p>Evento recebeu apoio da Secretaria de Esporte e Lazer O in\u00edcio da manh\u00e3 deste s\u00e1bado (30) foi de muita representatividade&hellip;<\/p>\n","protected":false},"author":5,"featured_media":30169,"comment_status":"open","ping_status":"open","sticky":false,"template":"","format":"standard","meta":{"fifu_image_url":"","fifu_image_alt":"","footnotes":""},"categories":[5],"tags":[47,75],"class_list":["post-30167","post","type-post","status-publish","format-standard","has-post-thumbnail","hentry","category-esportes","tag-rj","tag-sao-goncalo"],"_links":{"self":[{"href":"https:\/\/sgvaimudar.com.br\/index.php\/wp-json\/wp\/v2\/posts\/30167","targetHints":{"allow":["GET"]}}],"collection":[{"href":"https:\/\/sgvaimudar.com.br\/index.php\/wp-json\/wp\/v2\/posts"}],"about":[{"href":"https:\/\/sgvaimudar.com.br\/index.php\/wp-json\/wp\/v2\/types\/post"}],"author":[{"embeddable":true,"href":"https:\/\/sgvaimudar.com.br\/index.php\/wp-json\/wp\/v2\/users\/5"}],"replies":[{"embeddable":true,"href":"https:\/\/sgvaimudar.com.br\/index.php\/wp-json\/wp\/v2\/comments?post=30167"}],"version-history":[{"count":1,"href":"https:\/\/sgvaimudar.com.br\/index.php\/wp-json\/wp\/v2\/posts\/30167\/revisions"}],"predecessor-version":[{"id":30170,"href":"https:\/\/sgvaimudar.com.br\/index.php\/wp-json\/wp\/v2\/posts\/30167\/revisions\/30170"}],"wp:featuredmedia":[{"embeddable":true,"href":"https:\/\/sgvaimudar.com.br\/index.php\/wp-json\/wp\/v2\/media\/30169"}],"wp:attachment":[{"href":"https:\/\/sgvaimudar.com.br\/index.php\/wp-json\/wp\/v2\/media?parent=30167"}],"wp:term":[{"taxonomy":"category","embeddable":true,"href":"https:\/\/sgvaimudar.com.br\/index.php\/wp-json\/wp\/v2\/categories?post=30167"},{"taxonomy":"post_tag","embeddable":true,"href":"https:\/\/sgvaimudar.com.br\/index.php\/wp-json\/wp\/v2\/tags?post=30167"}],"curies":[{"name":"wp","href":"https:\/\/api.w.org\/{rel}","templated":true}]}}