{"id":30150,"date":"2025-08-31T09:00:00","date_gmt":"2025-08-31T12:00:00","guid":{"rendered":"https:\/\/sgvaimudar.com.br\/?p=30150"},"modified":"2025-08-31T05:21:55","modified_gmt":"2025-08-31T08:21:55","slug":"venda-da-cruz-em-festa-com-a-caravana-de-arte-e-lazer","status":"publish","type":"post","link":"https:\/\/sgvaimudar.com.br\/index.php\/2025\/08\/31\/venda-da-cruz-em-festa-com-a-caravana-de-arte-e-lazer\/","title":{"rendered":"Em S\u00e3o Gon\u00e7alo, Venda da Cruz ficou em festa com a Caravana de Arte e Lazer"},"content":{"rendered":"\n<p><em>Iniciativa \u00e9 da Faelsg e segue neste domingo para o Para\u00edso<\/em><\/p>\n\n\n\n<p>A Caravana de Arte e Lazer alegrou as crian\u00e7as da pra\u00e7a do antigo 3\u00ba BI, na Venda da Cruz, na manh\u00e3 deste s\u00e1bado (30). O dia foi de muita brincadeira, divers\u00e3o e lanche para mais de cem crian\u00e7as. Neste domingo (31), os moradores do bairro Para\u00edso poder\u00e3o aproveitar as atividades recreativas no Campo do Feij\u00e3o (Rua Oscar Maldonado, 683), das 9h \u00e0s 13h.<\/p>\n\n\n\n<p>Na Venda da Cruz, o dia foi marcado com muita alegria pelo projeto desenvolvido pela Funda\u00e7\u00e3o de Artes, Esporte e Lazer (Faelsg) da Prefeitura de S\u00e3o Gon\u00e7alo. A crian\u00e7ada aproveitou a Caravana de Arte e Lazer com as brincadeiras dos personagens infantis e animadores e com os brinquedos infl\u00e1veis (pula-pula, escorrega e outros), al\u00e9m da cama el\u00e1stica, piscina de bolinhas e jogos de tabuleiro.<\/p>\n\n\n\n<figure class=\"wp-block-image size-large\"><img fetchpriority=\"high\" decoding=\"async\" width=\"1024\" height=\"768\" src=\"https:\/\/sgvaimudar.com.br\/wp-content\/uploads\/2025\/08\/unnamed-1-19-1024x768.jpg\" alt=\"\" class=\"wp-image-30151\" srcset=\"https:\/\/sgvaimudar.com.br\/wp-content\/uploads\/2025\/08\/unnamed-1-19-1024x768.jpg 1024w, https:\/\/sgvaimudar.com.br\/wp-content\/uploads\/2025\/08\/unnamed-1-19-300x225.jpg 300w, https:\/\/sgvaimudar.com.br\/wp-content\/uploads\/2025\/08\/unnamed-1-19-768x576.jpg 768w, https:\/\/sgvaimudar.com.br\/wp-content\/uploads\/2025\/08\/unnamed-1-19-1536x1152.jpg 1536w, https:\/\/sgvaimudar.com.br\/wp-content\/uploads\/2025\/08\/unnamed-1-19.jpg 1600w\" sizes=\"(max-width: 1024px) 100vw, 1024px\" \/><\/figure>\n\n\n\n<p>No dia de pura divers\u00e3o, houve brincadeiras l\u00fadicas, guerra de cotonetes, atividades art\u00edsticas e esportivas, dan\u00e7a, oficinas de pintura e desenhos, pintura facial e aulas de dan\u00e7a com muita m\u00fasica infantil para a garotada. Al\u00e9m das brincadeiras, os pequenos receberam \u00e1gua, guaran\u00e1 natural e picol\u00e9. E, para ficar ainda melhor, ainda teve cachorro-quente, pipoca e algod\u00e3o doce \u2013 tudo distribu\u00eddo gratuitamente.<\/p>\n\n\n\n<p>A Caravana de Arte e Lazer foi criada, em outubro de 2022, com o objetivo de percorrer as principais \u00e1reas de vulnerabilidade social da cidade, levando pr\u00e1ticas sociais, esportivas e recreativas \u00e0s crian\u00e7as. Ela j\u00e1 passou por dezenas de bairros de S\u00e3o Gon\u00e7alo, atendendo milhares de crian\u00e7as.<\/p>\n\n\n\n<p>A Prefeitura de S\u00e3o Gon\u00e7alo divulga, regularmente em seus canais de comunica\u00e7\u00e3o, os dias e locais por onde a Caravana de Arte e Lazer vai passar.<\/p>\n\n\n\n<p><strong><em>S\u00e3o Gon\u00e7alo vai mudar: Not\u00edcias de S\u00e3o Gon\u00e7alo e toda regi\u00e3o.<\/em><\/strong><\/p>\n\n\n\n<figure class=\"wp-block-image size-large\"><img decoding=\"async\" width=\"1024\" height=\"252\" src=\"https:\/\/sgvaimudar.com.br\/wp-content\/uploads\/2025\/03\/Anuncie-Aqui-Sao-Goncalo-vai-mudar-1024x252.jpg\" alt=\"\" class=\"wp-image-22693\" srcset=\"https:\/\/sgvaimudar.com.br\/wp-content\/uploads\/2025\/03\/Anuncie-Aqui-Sao-Goncalo-vai-mudar-1024x252.jpg 1024w, https:\/\/sgvaimudar.com.br\/wp-content\/uploads\/2025\/03\/Anuncie-Aqui-Sao-Goncalo-vai-mudar-300x74.jpg 300w, https:\/\/sgvaimudar.com.br\/wp-content\/uploads\/2025\/03\/Anuncie-Aqui-Sao-Goncalo-vai-mudar-768x189.jpg 768w, https:\/\/sgvaimudar.com.br\/wp-content\/uploads\/2025\/03\/Anuncie-Aqui-Sao-Goncalo-vai-mudar-1536x378.jpg 1536w, https:\/\/sgvaimudar.com.br\/wp-content\/uploads\/2025\/03\/Anuncie-Aqui-Sao-Goncalo-vai-mudar-2048x504.jpg 2048w\" sizes=\"(max-width: 1024px) 100vw, 1024px\" \/><\/figure>\n","protected":false},"excerpt":{"rendered":"<p>Iniciativa \u00e9 da Faelsg e segue neste domingo para o Para\u00edso A Caravana de Arte e Lazer alegrou as crian\u00e7as&hellip;<\/p>\n","protected":false},"author":5,"featured_media":30153,"comment_status":"open","ping_status":"open","sticky":false,"template":"","format":"standard","meta":{"fifu_image_url":"","fifu_image_alt":"","footnotes":""},"categories":[6],"tags":[47,75],"class_list":["post-30150","post","type-post","status-publish","format-standard","has-post-thumbnail","hentry","category-entretenimento","tag-rj","tag-sao-goncalo"],"_links":{"self":[{"href":"https:\/\/sgvaimudar.com.br\/index.php\/wp-json\/wp\/v2\/posts\/30150","targetHints":{"allow":["GET"]}}],"collection":[{"href":"https:\/\/sgvaimudar.com.br\/index.php\/wp-json\/wp\/v2\/posts"}],"about":[{"href":"https:\/\/sgvaimudar.com.br\/index.php\/wp-json\/wp\/v2\/types\/post"}],"author":[{"embeddable":true,"href":"https:\/\/sgvaimudar.com.br\/index.php\/wp-json\/wp\/v2\/users\/5"}],"replies":[{"embeddable":true,"href":"https:\/\/sgvaimudar.com.br\/index.php\/wp-json\/wp\/v2\/comments?post=30150"}],"version-history":[{"count":3,"href":"https:\/\/sgvaimudar.com.br\/index.php\/wp-json\/wp\/v2\/posts\/30150\/revisions"}],"predecessor-version":[{"id":30155,"href":"https:\/\/sgvaimudar.com.br\/index.php\/wp-json\/wp\/v2\/posts\/30150\/revisions\/30155"}],"wp:featuredmedia":[{"embeddable":true,"href":"https:\/\/sgvaimudar.com.br\/index.php\/wp-json\/wp\/v2\/media\/30153"}],"wp:attachment":[{"href":"https:\/\/sgvaimudar.com.br\/index.php\/wp-json\/wp\/v2\/media?parent=30150"}],"wp:term":[{"taxonomy":"category","embeddable":true,"href":"https:\/\/sgvaimudar.com.br\/index.php\/wp-json\/wp\/v2\/categories?post=30150"},{"taxonomy":"post_tag","embeddable":true,"href":"https:\/\/sgvaimudar.com.br\/index.php\/wp-json\/wp\/v2\/tags?post=30150"}],"curies":[{"name":"wp","href":"https:\/\/api.w.org\/{rel}","templated":true}]}}