{"id":30146,"date":"2025-08-30T20:00:00","date_gmt":"2025-08-30T23:00:00","guid":{"rendered":"https:\/\/sgvaimudar.com.br\/?p=30146"},"modified":"2025-08-30T09:22:24","modified_gmt":"2025-08-30T12:22:24","slug":"alunos-da-rede-municipal-aprendem-sobre-meio-ambiente-em-circuito-interativo","status":"publish","type":"post","link":"https:\/\/sgvaimudar.com.br\/index.php\/2025\/08\/30\/alunos-da-rede-municipal-aprendem-sobre-meio-ambiente-em-circuito-interativo\/","title":{"rendered":"Alunos da rede municipal aprendem sobre meio ambiente em circuito interativo"},"content":{"rendered":"\n<p><em>Projeto \u00e9 desenvolvido pela Secretaria de Meio Ambiente e Transportes<\/em><\/p>\n\n\n\n<p>Alunos do Pr\u00e9 II da Umei Margarida Maria Garcia de Ara\u00fajo, na Venda da Cruz, participaram de uma aula do Projeto Meu Ambiente, desenvolvido pela Secretaria de Meio Ambiente e Transportes da Prefeitura de S\u00e3o Gon\u00e7alo, nesta tarde de quinta-feira (28). Desenvolvido em parceria com a Secretaria de Educa\u00e7\u00e3o, o projeto tem como objetivo levar \u00e0s escolas p\u00fablicas de S\u00e3o Gon\u00e7alo pr\u00e1ticas educativas que valorizem a sustentabilidade e a preserva\u00e7\u00e3o ambiental, preparando as novas gera\u00e7\u00f5es para cuidarem do meio em que vivem.<\/p>\n\n\n\n<p>Durante a aula foi desenvolvido o jogo \u2018Circuito do Ar Limpo: A Aventura do Sabi\u00e1 Laranjinha\u2019 com o objetivo de apresentar, de forma l\u00fadica e sensorial, a diferen\u00e7a entre ambientes com ar puro e ar polu\u00eddo. Por meio de um circuito interativo, as crian\u00e7as acompanharam o personagem Sabi\u00e1 Laranjinha em uma jornada educativa, vivenciando situa\u00e7\u00f5es que representavam a\u00e7\u00f5es positivas, como plantar \u00e1rvores e andar de bicicleta, associadas \u00e0 facilidade de respirar, e a\u00e7\u00f5es negativas, como a emiss\u00e3o de fuma\u00e7a de carros, relacionadas \u00e0 dificuldade respirat\u00f3ria.<\/p>\n\n\n\n<p>\u201cA proposta de hoje possibilitou que os alunos compreendessem, de forma concreta e divertida, os impactos das atitudes humanas sobre a qualidade do ar e o bem-estar, desenvolvendo a sensibiliza\u00e7\u00e3o ambiental desde a inf\u00e2ncia. Com as aulas do projeto Meu Ambiente, conscientizamos nossas crian\u00e7as e as transformamos em seres humanos mais conscientes com a natureza ao seu redor. Eles ser\u00e3o os adultos de amanh\u00e3 e ir\u00e3o cuidar da nossa cidade com respeito e carinho, como deve ser\u201d, disse o secret\u00e1rio de Meio Ambiente e Transportes, F\u00e1bio Lemos.<\/p>\n\n\n\n<p>A a\u00e7\u00e3o tamb\u00e9m est\u00e1 integrada ao Programa Municipal de Educa\u00e7\u00e3o Ambiental (ProMEA S\u00e3o Gon\u00e7alo), incentivando atividades permanentes nas escolas p\u00fablicas do munic\u00edpio, com \u00eanfase em sustentabilidade, educa\u00e7\u00e3o ambiental e forma\u00e7\u00e3o cidad\u00e3.<\/p>\n\n\n\n<p>Dafine Maria Nascimento dos Reis, de 6 anos, participou da aula do Meu Ambiente. Ela gostou de conhecer mais sobre a natureza.<\/p>\n\n\n\n<p>\u201cEu achei a aula muito divertida e linda! Conheci sobre a natureza e a parte que eu mais gostei foi ver a foto da natureza bonita e cheia de bichinhos. Vou contar aos meus pais sobre o que aprendi\u201d, disse.<\/p>\n\n\n\n<p><em>Fotos: Fabio Guimar\u00e3es<\/em><\/p>\n\n\n\n<p><strong><em>S\u00e3o Gon\u00e7alo vai mudar: Not\u00edcias de S\u00e3o Gon\u00e7alo e toda regi\u00e3o.<\/em><\/strong><\/p>\n\n\n\n<figure class=\"wp-block-image size-large\"><img fetchpriority=\"high\" decoding=\"async\" width=\"1024\" height=\"252\" src=\"https:\/\/sgvaimudar.com.br\/wp-content\/uploads\/2025\/03\/Anuncie-Aqui-Sao-Goncalo-vai-mudar-1024x252.jpg\" alt=\"\" class=\"wp-image-22693\" srcset=\"https:\/\/sgvaimudar.com.br\/wp-content\/uploads\/2025\/03\/Anuncie-Aqui-Sao-Goncalo-vai-mudar-1024x252.jpg 1024w, https:\/\/sgvaimudar.com.br\/wp-content\/uploads\/2025\/03\/Anuncie-Aqui-Sao-Goncalo-vai-mudar-300x74.jpg 300w, https:\/\/sgvaimudar.com.br\/wp-content\/uploads\/2025\/03\/Anuncie-Aqui-Sao-Goncalo-vai-mudar-768x189.jpg 768w, https:\/\/sgvaimudar.com.br\/wp-content\/uploads\/2025\/03\/Anuncie-Aqui-Sao-Goncalo-vai-mudar-1536x378.jpg 1536w, https:\/\/sgvaimudar.com.br\/wp-content\/uploads\/2025\/03\/Anuncie-Aqui-Sao-Goncalo-vai-mudar-2048x504.jpg 2048w\" sizes=\"(max-width: 1024px) 100vw, 1024px\" \/><\/figure>\n","protected":false},"excerpt":{"rendered":"<p>Projeto \u00e9 desenvolvido pela Secretaria de Meio Ambiente e Transportes Alunos do Pr\u00e9 II da Umei Margarida Maria Garcia de&hellip;<\/p>\n","protected":false},"author":5,"featured_media":30147,"comment_status":"open","ping_status":"open","sticky":false,"template":"","format":"standard","meta":{"fifu_image_url":"","fifu_image_alt":"","footnotes":""},"categories":[3],"tags":[47,75],"class_list":["post-30146","post","type-post","status-publish","format-standard","has-post-thumbnail","hentry","category-sao-goncalo","tag-rj","tag-sao-goncalo"],"_links":{"self":[{"href":"https:\/\/sgvaimudar.com.br\/index.php\/wp-json\/wp\/v2\/posts\/30146","targetHints":{"allow":["GET"]}}],"collection":[{"href":"https:\/\/sgvaimudar.com.br\/index.php\/wp-json\/wp\/v2\/posts"}],"about":[{"href":"https:\/\/sgvaimudar.com.br\/index.php\/wp-json\/wp\/v2\/types\/post"}],"author":[{"embeddable":true,"href":"https:\/\/sgvaimudar.com.br\/index.php\/wp-json\/wp\/v2\/users\/5"}],"replies":[{"embeddable":true,"href":"https:\/\/sgvaimudar.com.br\/index.php\/wp-json\/wp\/v2\/comments?post=30146"}],"version-history":[{"count":1,"href":"https:\/\/sgvaimudar.com.br\/index.php\/wp-json\/wp\/v2\/posts\/30146\/revisions"}],"predecessor-version":[{"id":30148,"href":"https:\/\/sgvaimudar.com.br\/index.php\/wp-json\/wp\/v2\/posts\/30146\/revisions\/30148"}],"wp:featuredmedia":[{"embeddable":true,"href":"https:\/\/sgvaimudar.com.br\/index.php\/wp-json\/wp\/v2\/media\/30147"}],"wp:attachment":[{"href":"https:\/\/sgvaimudar.com.br\/index.php\/wp-json\/wp\/v2\/media?parent=30146"}],"wp:term":[{"taxonomy":"category","embeddable":true,"href":"https:\/\/sgvaimudar.com.br\/index.php\/wp-json\/wp\/v2\/categories?post=30146"},{"taxonomy":"post_tag","embeddable":true,"href":"https:\/\/sgvaimudar.com.br\/index.php\/wp-json\/wp\/v2\/tags?post=30146"}],"curies":[{"name":"wp","href":"https:\/\/api.w.org\/{rel}","templated":true}]}}