{"id":30142,"date":"2025-08-30T18:00:00","date_gmt":"2025-08-30T21:00:00","guid":{"rendered":"https:\/\/sgvaimudar.com.br\/?p=30142"},"modified":"2025-08-30T09:20:01","modified_gmt":"2025-08-30T12:20:01","slug":"professores-goncalenses-se-reunem-em-capacitacao-voltada-a-educacao-infantil","status":"publish","type":"post","link":"https:\/\/sgvaimudar.com.br\/index.php\/2025\/08\/30\/professores-goncalenses-se-reunem-em-capacitacao-voltada-a-educacao-infantil\/","title":{"rendered":"Professores gon\u00e7alenses se re\u00fanem em capacita\u00e7\u00e3o voltada \u00e0 educa\u00e7\u00e3o infantil"},"content":{"rendered":"\n<p><em>Participantes conheceram novas pr\u00e1ticas educacionais, l\u00fadicas e criativas<\/em><\/p>\n\n\n\n<p>A Subsecretaria de A\u00e7\u00f5es Pedag\u00f3gicas da Secretaria de Educa\u00e7\u00e3o da Prefeitura de de S\u00e3o Gon\u00e7alo realizou, nesta sexta-feira (29), o 1\u00ba Encontro de Pr\u00e1ticas Educativas da Educa\u00e7\u00e3o Infantil, com o tema \u201cAprendizagens significativas atrav\u00e9s do brincar e do cuidar\u201d. O evento, que teve mais de 260 professores inscritos, aconteceu no espa\u00e7o Ares, na Ilha das Flores.<\/p>\n\n\n\n<p>A tem\u00e1tica desenvolvida tem como objetivo promover reflex\u00f5es, ampliar e disseminar conhecimento e pr\u00e1ticas educacionais, de forma a inspirar e contribuir no processo de aprendizagem na Educa\u00e7\u00e3o Infantil. O Encontro foi composto por oficinas que trouxeram pr\u00e1ticas l\u00fadicas e criativas.<\/p>\n\n\n\n<figure class=\"wp-block-image size-full\"><img fetchpriority=\"high\" decoding=\"async\" width=\"1024\" height=\"683\" src=\"https:\/\/sgvaimudar.com.br\/wp-content\/uploads\/2025\/08\/unnamed-13-3.jpg\" alt=\"\" class=\"wp-image-30143\" srcset=\"https:\/\/sgvaimudar.com.br\/wp-content\/uploads\/2025\/08\/unnamed-13-3.jpg 1024w, https:\/\/sgvaimudar.com.br\/wp-content\/uploads\/2025\/08\/unnamed-13-3-300x200.jpg 300w, https:\/\/sgvaimudar.com.br\/wp-content\/uploads\/2025\/08\/unnamed-13-3-768x512.jpg 768w\" sizes=\"(max-width: 1024px) 100vw, 1024px\" \/><\/figure>\n\n\n\n<p>\u201cEstamos trabalhando com a parte pr\u00e1tica, fazendo um movimento de tirar os professores das salas de aula para dar novas ideias a serem trabalhadas com os alunos, para trazer um despertar de ludicidade para esses professores. S\u00e3o oficinas voltadas para a musicaliza\u00e7\u00e3o, a conta\u00e7\u00e3o de hist\u00f3ria, o trabalho com o corpo, para que eles possam levar para suas aulas\u201d, afirmou a coordenadora da Educa\u00e7\u00e3o Infantil, Karine Calixto.<\/p>\n\n\n\n<p>A professora da Escola Estadual Municipalizada Itaitindiba, Nidia Mendes, se inscreveu na oficina \u201cBrincadeiras e Brinquedos Ind\u00edgenas: Aprendendo com o corpo e a Cultura na Educa\u00e7\u00e3o Infantil\u201d e aprovou a iniciativa.<\/p>\n\n\n\n<p>\u201cEssas trocas s\u00e3o muito boas e a forma como o evento foi constru\u00eddo foi muito interessante para que a gente consiga levar essas pr\u00e1ticas para a nossa realidade. N\u00e3o existe aprendizagem sem o l\u00fadico, ent\u00e3o essas oficinas trazem a import\u00e2ncia das brincadeiras e dos jogos como ferramenta did\u00e1tica pedag\u00f3gica\u201d, disse a professora.&nbsp;&nbsp;<\/p>\n\n\n\n<p><em>Fotos: Fabio Guimar\u00e3es<\/em><\/p>\n\n\n\n<p><strong><em>S\u00e3o Gon\u00e7alo vai mudar: Not\u00edcias de S\u00e3o Gon\u00e7alo e toda regi\u00e3o.<\/em><\/strong><\/p>\n\n\n\n<figure class=\"wp-block-image size-large\"><img decoding=\"async\" width=\"1024\" height=\"252\" src=\"https:\/\/sgvaimudar.com.br\/wp-content\/uploads\/2023\/10\/Anuncie-Aqui-Sao-Goncalo-vai-mudar-1024x252.jpg\" alt=\"\" class=\"wp-image-3619\" srcset=\"https:\/\/sgvaimudar.com.br\/wp-content\/uploads\/2023\/10\/Anuncie-Aqui-Sao-Goncalo-vai-mudar-1024x252.jpg 1024w, https:\/\/sgvaimudar.com.br\/wp-content\/uploads\/2023\/10\/Anuncie-Aqui-Sao-Goncalo-vai-mudar-300x74.jpg 300w, https:\/\/sgvaimudar.com.br\/wp-content\/uploads\/2023\/10\/Anuncie-Aqui-Sao-Goncalo-vai-mudar-768x189.jpg 768w, https:\/\/sgvaimudar.com.br\/wp-content\/uploads\/2023\/10\/Anuncie-Aqui-Sao-Goncalo-vai-mudar-1536x378.jpg 1536w, https:\/\/sgvaimudar.com.br\/wp-content\/uploads\/2023\/10\/Anuncie-Aqui-Sao-Goncalo-vai-mudar-2048x504.jpg 2048w\" sizes=\"(max-width: 1024px) 100vw, 1024px\" \/><\/figure>\n","protected":false},"excerpt":{"rendered":"<p>Participantes conheceram novas pr\u00e1ticas educacionais, l\u00fadicas e criativas A Subsecretaria de A\u00e7\u00f5es Pedag\u00f3gicas da Secretaria de Educa\u00e7\u00e3o da Prefeitura de&hellip;<\/p>\n","protected":false},"author":5,"featured_media":30144,"comment_status":"open","ping_status":"open","sticky":false,"template":"","format":"standard","meta":{"fifu_image_url":"","fifu_image_alt":"","footnotes":""},"categories":[3],"tags":[47,75],"class_list":["post-30142","post","type-post","status-publish","format-standard","has-post-thumbnail","hentry","category-sao-goncalo","tag-rj","tag-sao-goncalo"],"_links":{"self":[{"href":"https:\/\/sgvaimudar.com.br\/index.php\/wp-json\/wp\/v2\/posts\/30142","targetHints":{"allow":["GET"]}}],"collection":[{"href":"https:\/\/sgvaimudar.com.br\/index.php\/wp-json\/wp\/v2\/posts"}],"about":[{"href":"https:\/\/sgvaimudar.com.br\/index.php\/wp-json\/wp\/v2\/types\/post"}],"author":[{"embeddable":true,"href":"https:\/\/sgvaimudar.com.br\/index.php\/wp-json\/wp\/v2\/users\/5"}],"replies":[{"embeddable":true,"href":"https:\/\/sgvaimudar.com.br\/index.php\/wp-json\/wp\/v2\/comments?post=30142"}],"version-history":[{"count":1,"href":"https:\/\/sgvaimudar.com.br\/index.php\/wp-json\/wp\/v2\/posts\/30142\/revisions"}],"predecessor-version":[{"id":30145,"href":"https:\/\/sgvaimudar.com.br\/index.php\/wp-json\/wp\/v2\/posts\/30142\/revisions\/30145"}],"wp:featuredmedia":[{"embeddable":true,"href":"https:\/\/sgvaimudar.com.br\/index.php\/wp-json\/wp\/v2\/media\/30144"}],"wp:attachment":[{"href":"https:\/\/sgvaimudar.com.br\/index.php\/wp-json\/wp\/v2\/media?parent=30142"}],"wp:term":[{"taxonomy":"category","embeddable":true,"href":"https:\/\/sgvaimudar.com.br\/index.php\/wp-json\/wp\/v2\/categories?post=30142"},{"taxonomy":"post_tag","embeddable":true,"href":"https:\/\/sgvaimudar.com.br\/index.php\/wp-json\/wp\/v2\/tags?post=30142"}],"curies":[{"name":"wp","href":"https:\/\/api.w.org\/{rel}","templated":true}]}}