{"id":30130,"date":"2025-08-30T14:00:00","date_gmt":"2025-08-30T17:00:00","guid":{"rendered":"https:\/\/sgvaimudar.com.br\/?p=30130"},"modified":"2025-08-30T08:43:09","modified_gmt":"2025-08-30T11:43:09","slug":"goncalenses-participam-de-curso-gratuito-de-suporte-basico-de-vida-no-camarao","status":"publish","type":"post","link":"https:\/\/sgvaimudar.com.br\/index.php\/2025\/08\/30\/goncalenses-participam-de-curso-gratuito-de-suporte-basico-de-vida-no-camarao\/","title":{"rendered":"Gon\u00e7alenses participam de curso gratuito de Suporte B\u00e1sico de Vida, no Camar\u00e3o"},"content":{"rendered":"\n<p><em>Iniciativa \u00e9 da Secretaria de Esporte e Lazer da Prefeitura de S\u00e3o Gon\u00e7alo e Cruz Vermelha Brasileira<\/em><\/p>\n\n\n\n<p>Dezenas de pessoas participaram, nesta sexta-feira (29), do curso gratuito de Suporte B\u00e1sico de Vida, no Embaixadores Social Clube, localizado no bairro Camar\u00e3o. A capacita\u00e7\u00e3o, que teve in\u00edcio pela manh\u00e3 e segue at\u00e9 o fim da tarde, \u00e9 uma iniciativa da Cruz Vermelha Brasileira e da Secretaria de Esporte e Lazer da Prefeitura de S\u00e3o Gon\u00e7alo.<\/p>\n\n\n\n<p>Com ensinamentos te\u00f3ricos e pr\u00e1ticos, o curso buscou fornecer conhecimentos em rela\u00e7\u00e3o a primeiros socorros b\u00e1sicos, com o objetivo de ensinar habilidades que podem salvar vidas, fortalecendo as comunidades com a confian\u00e7a para agir, tornando-as mais seguras e resilientes.<\/p>\n\n\n\n<figure class=\"wp-block-image size-full\"><img fetchpriority=\"high\" decoding=\"async\" width=\"1024\" height=\"681\" src=\"https:\/\/sgvaimudar.com.br\/wp-content\/uploads\/2025\/08\/unnamed-9-14.jpg\" alt=\"\" class=\"wp-image-30131\" srcset=\"https:\/\/sgvaimudar.com.br\/wp-content\/uploads\/2025\/08\/unnamed-9-14.jpg 1024w, https:\/\/sgvaimudar.com.br\/wp-content\/uploads\/2025\/08\/unnamed-9-14-300x200.jpg 300w, https:\/\/sgvaimudar.com.br\/wp-content\/uploads\/2025\/08\/unnamed-9-14-768x511.jpg 768w\" sizes=\"(max-width: 1024px) 100vw, 1024px\" \/><\/figure>\n\n\n\n<p>&#8220;O curso \u00e9 uma obrigatoriedade para profissionais de educa\u00e7\u00e3o f\u00edsica. Pensando nisso, a Secretaria de Esporte e Lazer facilitou o processo, em parceria com a Cruz Vermelha Brasileira. No entanto, mesmo com foco em profissionais da educa\u00e7\u00e3o f\u00edsica, outras pessoas se inscreveram e est\u00e3o participando. Vamos fornecer outra etapa do curso posteriormente, em parceria com o Conselho de Educa\u00e7\u00e3o F\u00edsica, focando nesses profissionais&#8221;, disse o secret\u00e1rio municipal de Esporte e Lazer, Bruno Porto.<\/p>\n\n\n\n<p>O conte\u00fado do curso envolvia temas como conceitos b\u00e1sicos e aplicabilidade de primeiros socorros; primeira a\u00e7\u00e3o do prestador de primeiros socorros; defini\u00e7\u00e3o de sinais vitais e sintomas; v\u00edtimas cl\u00ednicas e v\u00edtimas de trauma; como identificar e socorrer uma parada cardiorrespirat\u00f3ria, ferimentos, hemorragia, desmaio, convuls\u00e3o; emerg\u00eancias traum\u00e1ticas; acidentes e outros.<\/p>\n\n\n\n<p>Saulo Daniel Peres, secret\u00e1rio-geral da Cruz Vermelha Brasileira, filial S\u00e3o Gon\u00e7alo, explicou a import\u00e2ncia do curso.<\/p>\n\n\n\n<p>&#8220;Primeiro socorros \u00e9 um tema muito importante para toda a popula\u00e7\u00e3o. Todo mundo deve saber! \u00c9 a primeira vez que realizamos esse evento e vamos ensinar sobre suporte b\u00e1sico de vida, envolvendo massagem card\u00edaca, desobstru\u00e7\u00e3o de vias a\u00e9reas, atendimento b\u00e1sico para desmaio, queimaduras e convuls\u00e3o, por exemplo&#8221;, disse.<\/p>\n\n\n\n<p>Leandro Pimentel, de 34 anos, \u00e9 instrutor de zumba do projeto Qualidade de Vida e Longevidade e participou da capacita\u00e7\u00e3o desta sexta.<\/p>\n\n\n\n<p>&#8220;Eu me inscrevi porque acho importante ter este conhecimento. Posso ajudar algu\u00e9m durante a aula, por exemplo. Estou aqui ansioso para aprender sobre todos os temas, tendo mais suporte e ampliando minha vis\u00e3o. Nunca \u00e9 demais ter conhecimentos como esses que agregam&#8221;, afirmou.<\/p>\n\n\n\n<p><em>Foto: Luiz Carvalho<\/em><\/p>\n\n\n\n<p><strong><em>S\u00e3o Gon\u00e7alo vai mudar: Not\u00edcias de S\u00e3o Gon\u00e7alo e toda regi\u00e3o.<\/em><\/strong><\/p>\n\n\n\n<figure class=\"wp-block-image size-large\"><img decoding=\"async\" width=\"1024\" height=\"252\" src=\"https:\/\/sgvaimudar.com.br\/wp-content\/uploads\/2025\/03\/Anuncie-Aqui-Sao-Goncalo-vai-mudar-1024x252.jpg\" alt=\"\" class=\"wp-image-22693\" srcset=\"https:\/\/sgvaimudar.com.br\/wp-content\/uploads\/2025\/03\/Anuncie-Aqui-Sao-Goncalo-vai-mudar-1024x252.jpg 1024w, https:\/\/sgvaimudar.com.br\/wp-content\/uploads\/2025\/03\/Anuncie-Aqui-Sao-Goncalo-vai-mudar-300x74.jpg 300w, https:\/\/sgvaimudar.com.br\/wp-content\/uploads\/2025\/03\/Anuncie-Aqui-Sao-Goncalo-vai-mudar-768x189.jpg 768w, https:\/\/sgvaimudar.com.br\/wp-content\/uploads\/2025\/03\/Anuncie-Aqui-Sao-Goncalo-vai-mudar-1536x378.jpg 1536w, https:\/\/sgvaimudar.com.br\/wp-content\/uploads\/2025\/03\/Anuncie-Aqui-Sao-Goncalo-vai-mudar-2048x504.jpg 2048w\" sizes=\"(max-width: 1024px) 100vw, 1024px\" \/><\/figure>\n","protected":false},"excerpt":{"rendered":"<p>Iniciativa \u00e9 da Secretaria de Esporte e Lazer da Prefeitura de S\u00e3o Gon\u00e7alo e Cruz Vermelha Brasileira Dezenas de pessoas&hellip;<\/p>\n","protected":false},"author":5,"featured_media":30132,"comment_status":"open","ping_status":"open","sticky":false,"template":"","format":"standard","meta":{"fifu_image_url":"","fifu_image_alt":"","footnotes":""},"categories":[3],"tags":[47,75],"class_list":["post-30130","post","type-post","status-publish","format-standard","has-post-thumbnail","hentry","category-sao-goncalo","tag-rj","tag-sao-goncalo"],"_links":{"self":[{"href":"https:\/\/sgvaimudar.com.br\/index.php\/wp-json\/wp\/v2\/posts\/30130","targetHints":{"allow":["GET"]}}],"collection":[{"href":"https:\/\/sgvaimudar.com.br\/index.php\/wp-json\/wp\/v2\/posts"}],"about":[{"href":"https:\/\/sgvaimudar.com.br\/index.php\/wp-json\/wp\/v2\/types\/post"}],"author":[{"embeddable":true,"href":"https:\/\/sgvaimudar.com.br\/index.php\/wp-json\/wp\/v2\/users\/5"}],"replies":[{"embeddable":true,"href":"https:\/\/sgvaimudar.com.br\/index.php\/wp-json\/wp\/v2\/comments?post=30130"}],"version-history":[{"count":1,"href":"https:\/\/sgvaimudar.com.br\/index.php\/wp-json\/wp\/v2\/posts\/30130\/revisions"}],"predecessor-version":[{"id":30133,"href":"https:\/\/sgvaimudar.com.br\/index.php\/wp-json\/wp\/v2\/posts\/30130\/revisions\/30133"}],"wp:featuredmedia":[{"embeddable":true,"href":"https:\/\/sgvaimudar.com.br\/index.php\/wp-json\/wp\/v2\/media\/30132"}],"wp:attachment":[{"href":"https:\/\/sgvaimudar.com.br\/index.php\/wp-json\/wp\/v2\/media?parent=30130"}],"wp:term":[{"taxonomy":"category","embeddable":true,"href":"https:\/\/sgvaimudar.com.br\/index.php\/wp-json\/wp\/v2\/categories?post=30130"},{"taxonomy":"post_tag","embeddable":true,"href":"https:\/\/sgvaimudar.com.br\/index.php\/wp-json\/wp\/v2\/tags?post=30130"}],"curies":[{"name":"wp","href":"https:\/\/api.w.org\/{rel}","templated":true}]}}