{"id":30123,"date":"2025-08-30T09:59:00","date_gmt":"2025-08-30T12:59:00","guid":{"rendered":"https:\/\/sgvaimudar.com.br\/?p=30123"},"modified":"2025-08-30T08:34:03","modified_gmt":"2025-08-30T11:34:03","slug":"homem-negro-e-morto-por-funcionario-apos-entrar-com-cao-em-supermercado","status":"publish","type":"post","link":"https:\/\/sgvaimudar.com.br\/index.php\/2025\/08\/30\/homem-negro-e-morto-por-funcionario-apos-entrar-com-cao-em-supermercado\/","title":{"rendered":"Homem negro \u00e9 morto por funcion\u00e1rio ap\u00f3s entrar com c\u00e3o em supermercado"},"content":{"rendered":"\n<p><em>V\u00eddeo mostra o momento em que Felipe Moraes, de 29 anos, foi assassinado depois de uma discuss\u00e3o em Santo Andr\u00e9 (SP)<\/em><\/p>\n\n\n\n<p>O jovem negro Felipe Moraes, de 29 anos,\u00a0foi morto a tiros por um funcion\u00e1rio do Supermercado Loyola, em Santo Andr\u00e9, na Grande S\u00e3o Paulo. O crime ocorreu na \u00faltima ter\u00e7a-feira (26), ap\u00f3s uma discuss\u00e3o motivada pela tentativa do cliente de entrar com o cachorro no local.<\/p>\n\n\n\n<p>De acordo com as informa\u00e7\u00f5es, Felipe teria entrado no estabelecimento para comprar p\u00e3o e discutido com o seguran\u00e7a de l\u00e1, que impediu a entrada do jovem com o animal de estima\u00e7\u00e3o.<\/p>\n\n\n\n<figure class=\"wp-block-video\"><video height=\"850\" style=\"aspect-ratio: 478 \/ 850;\" width=\"478\" controls src=\"https:\/\/sgvaimudar.com.br\/wp-content\/uploads\/2025\/08\/WhatsApp-Video-2025-08-29-at-17.07.44.mp4\"><\/video><\/figure>\n\n\n\n<p>Em nota, a SSP (Secretaria de Seguran\u00e7a P\u00fablica de S\u00e3o Paulo) afirmou que o autor do crime foi identificado pelo SHPP (Setor de Homic\u00eddios e Prote\u00e7\u00e3o \u00e0 Pessoa) de Santo Andr\u00e9 e permanece em pris\u00e3o tempor\u00e1ria.<\/p>\n\n\n\n<p>Uma perfil foi criado nas redes sociais para organizar movimentos de protesto em busca de justi\u00e7a por Felipe. &#8220;Reivindicamos o direito \u00e0 narrativa verdadeira. Exigimos justi\u00e7a por nosso irm\u00e3o, companheiro, amigo e filho da periferia&#8221;, diz a legenda de uma das postagens.<\/p>\n\n\n\n<p>Segundo as informa\u00e7\u00f5es da p\u00e1gina, o jovem era artista visual, m\u00fasico, artes\u00e3o, percussionista e capoeirista. &#8220;Felipe n\u00e3o era criminoso. Acordava todos os dias para trabalhar, criar e inspirar. Era reconhecido e querido por sua comunidade e por sua fam\u00edlia&#8221;, menciona o post.<\/p>\n\n\n\n<p>A Pol\u00edcia Civil afirmou que o autor do crime n\u00e3o possui qualquer v\u00ednculo com nenhuma for\u00e7a de seguran\u00e7a. As investiga\u00e7\u00f5es prosseguem para o esclarecimento dos fatos.<\/p>\n\n\n\n<p>Procurado, o Supermercado Loyola preferiu o sil\u00eancio.<\/p>\n\n\n\n<p><em>Fonte: CNN<\/em><\/p>\n\n\n\n<p><strong><em>Fa\u00e7a sua den\u00fancia pelo nosso WhatsApp: (21) <\/em><\/strong><strong><em>99744 5345<\/em><\/strong><strong><em><\/em><\/strong><\/p>\n\n\n\n<p><strong><em>S\u00e3o Gon\u00e7alo vai mudar: Not\u00edcias de S\u00e3o Gon\u00e7alo e toda regi\u00e3o.<\/em><\/strong><\/p>\n\n\n\n<figure class=\"wp-block-image size-large\"><img fetchpriority=\"high\" decoding=\"async\" width=\"1024\" height=\"252\" src=\"https:\/\/sgvaimudar.com.br\/wp-content\/uploads\/2025\/03\/Anuncie-Aqui-Sao-Goncalo-vai-mudar-1024x252.jpg\" alt=\"\" class=\"wp-image-22693\" srcset=\"https:\/\/sgvaimudar.com.br\/wp-content\/uploads\/2025\/03\/Anuncie-Aqui-Sao-Goncalo-vai-mudar-1024x252.jpg 1024w, https:\/\/sgvaimudar.com.br\/wp-content\/uploads\/2025\/03\/Anuncie-Aqui-Sao-Goncalo-vai-mudar-300x74.jpg 300w, https:\/\/sgvaimudar.com.br\/wp-content\/uploads\/2025\/03\/Anuncie-Aqui-Sao-Goncalo-vai-mudar-768x189.jpg 768w, https:\/\/sgvaimudar.com.br\/wp-content\/uploads\/2025\/03\/Anuncie-Aqui-Sao-Goncalo-vai-mudar-1536x378.jpg 1536w, https:\/\/sgvaimudar.com.br\/wp-content\/uploads\/2025\/03\/Anuncie-Aqui-Sao-Goncalo-vai-mudar-2048x504.jpg 2048w\" sizes=\"(max-width: 1024px) 100vw, 1024px\" \/><\/figure>\n","protected":false},"excerpt":{"rendered":"<p>V\u00eddeo mostra o momento em que Felipe Moraes, de 29 anos, foi assassinado depois de uma discuss\u00e3o em Santo Andr\u00e9&hellip;<\/p>\n","protected":false},"author":5,"featured_media":30125,"comment_status":"open","ping_status":"open","sticky":false,"template":"","format":"standard","meta":{"fifu_image_url":"","fifu_image_alt":"","footnotes":""},"categories":[32],"tags":[39,41],"class_list":["post-30123","post","type-post","status-publish","format-standard","has-post-thumbnail","hentry","category-casos-de-policia","tag-ataque","tag-conflito"],"_links":{"self":[{"href":"https:\/\/sgvaimudar.com.br\/index.php\/wp-json\/wp\/v2\/posts\/30123","targetHints":{"allow":["GET"]}}],"collection":[{"href":"https:\/\/sgvaimudar.com.br\/index.php\/wp-json\/wp\/v2\/posts"}],"about":[{"href":"https:\/\/sgvaimudar.com.br\/index.php\/wp-json\/wp\/v2\/types\/post"}],"author":[{"embeddable":true,"href":"https:\/\/sgvaimudar.com.br\/index.php\/wp-json\/wp\/v2\/users\/5"}],"replies":[{"embeddable":true,"href":"https:\/\/sgvaimudar.com.br\/index.php\/wp-json\/wp\/v2\/comments?post=30123"}],"version-history":[{"count":1,"href":"https:\/\/sgvaimudar.com.br\/index.php\/wp-json\/wp\/v2\/posts\/30123\/revisions"}],"predecessor-version":[{"id":30126,"href":"https:\/\/sgvaimudar.com.br\/index.php\/wp-json\/wp\/v2\/posts\/30123\/revisions\/30126"}],"wp:featuredmedia":[{"embeddable":true,"href":"https:\/\/sgvaimudar.com.br\/index.php\/wp-json\/wp\/v2\/media\/30125"}],"wp:attachment":[{"href":"https:\/\/sgvaimudar.com.br\/index.php\/wp-json\/wp\/v2\/media?parent=30123"}],"wp:term":[{"taxonomy":"category","embeddable":true,"href":"https:\/\/sgvaimudar.com.br\/index.php\/wp-json\/wp\/v2\/categories?post=30123"},{"taxonomy":"post_tag","embeddable":true,"href":"https:\/\/sgvaimudar.com.br\/index.php\/wp-json\/wp\/v2\/tags?post=30123"}],"curies":[{"name":"wp","href":"https:\/\/api.w.org\/{rel}","templated":true}]}}