{"id":30120,"date":"2025-08-30T08:59:00","date_gmt":"2025-08-30T11:59:00","guid":{"rendered":"https:\/\/sgvaimudar.com.br\/?p=30120"},"modified":"2025-08-30T09:58:24","modified_gmt":"2025-08-30T12:58:24","slug":"policia-faz-operacao-no-salgueiro-para-prender-suspeito-de-ataque-a-investigador-no-rj","status":"publish","type":"post","link":"https:\/\/sgvaimudar.com.br\/index.php\/2025\/08\/30\/policia-faz-operacao-no-salgueiro-para-prender-suspeito-de-ataque-a-investigador-no-rj\/","title":{"rendered":"Pol\u00edcia faz opera\u00e7\u00e3o no Salgueiro para prender suspeito de ataque a investigador em SG"},"content":{"rendered":"\n<p><em>A\u00e7\u00e3o conjunta buscou suspeito de latroc\u00ednio em S\u00e3o Gon\u00e7alo; Escolas e unidades de sa\u00fade tiveram que ficar fechadas<\/em><\/p>\n\n\n\n<p>A Pol\u00edcia Civil realizou nesta sexta-feira (29) uma&nbsp;opera\u00e7\u00e3o no Complexo do Salgueiro, em S\u00e3o Gon\u00e7alo, para tentar prender um dos homens envolvidos na&nbsp;tentativa de latroc\u00ednio contra o investigador&nbsp;Lucas Lopes Mour\u00e3o, que ocorreu no \u00faltimo m\u00eas de junho na Estrada do Pacheco, nas imedia\u00e7\u00f5es da Pra\u00e7a do Bandeirantes, no Amendoeira.<\/p>\n\n\n\n<p>A a\u00e7\u00e3o foi conduzida pela Delegacia de Homic\u00eddios de S\u00e3o Gon\u00e7alo (DHSG), pela Coordenadoria de Recursos Especiais (Core) e pela 40\u00aa DP (Hon\u00f3rio Gurgel). Moradores relataram intensa&nbsp;movimenta\u00e7\u00e3o policial na regi\u00e3o,&nbsp;al\u00e9m de tiros&nbsp;e a chegada de ve\u00edculos blindados. <\/p>\n\n\n\n<p>Na a\u00e7\u00e3o dois homens foram presos: um deles tinha mandado de pris\u00e3o em aberto e o outro foi detido em flagrante por tr\u00e1fico de drogas. Nenhum deles possui liga\u00e7\u00e3o com o ataque ao policial, segundo investigadores.<\/p>\n\n\n\n<p>Por conta da opera\u00e7\u00e3o, a Secretaria Municipal de Sa\u00fade informou que as Unidades de Sa\u00fade da Fam\u00edlia (USFs) David Capistrano, Carlos Chagas e Albert Sabin&nbsp;ficaram  fechadas durante a manh\u00e3.<\/p>\n\n\n\n<p>A Secretaria de Assist\u00eancia Social tamb\u00e9m disse que ficou fechado os locais de atendimento nos bairros do&nbsp;Salgueiro,&nbsp;Luiz Ca\u00e7ador,&nbsp;Itaoca&nbsp;e&nbsp;Catarina.<\/p>\n\n\n\n<p>Na rede municipal de ensino,&nbsp;sete unidades de ensino foram impactadas. A Secretaria de Educa\u00e7\u00e3o confirmou que as Escolas Municipais Pastor Haroldo Gomes, Professora Niuma Goulart Brand\u00e3o, Carlos Drummond de Andrade, Salgado Filho, al\u00e9m da Umei Professora Natalina Muniz de Oliveira, no Salgueiro, n\u00e3o abriram nesta sexta. Tamb\u00e9m permanecem fechados a Umei Augusto de Freitas Lessa e o Ciep 051 Anita Garibaldi, no Jardim Catarina.<\/p>\n\n\n\n<p><strong><em>Fa\u00e7a sua den\u00fancia pelo nosso WhatsApp: (21) <\/em><\/strong><strong><em>99744 5345<\/em><\/strong><strong><em><\/em><\/strong><\/p>\n\n\n\n<p><strong><em>S\u00e3o Gon\u00e7alo vai mudar: Not\u00edcias de S\u00e3o Gon\u00e7alo e toda regi\u00e3o.<\/em><\/strong><\/p>\n\n\n\n<figure class=\"wp-block-image size-large\"><img fetchpriority=\"high\" decoding=\"async\" width=\"1024\" height=\"252\" src=\"https:\/\/sgvaimudar.com.br\/wp-content\/uploads\/2025\/03\/Anuncie-Aqui-Sao-Goncalo-vai-mudar-1024x252.jpg\" alt=\"\" class=\"wp-image-22693\" srcset=\"https:\/\/sgvaimudar.com.br\/wp-content\/uploads\/2025\/03\/Anuncie-Aqui-Sao-Goncalo-vai-mudar-1024x252.jpg 1024w, https:\/\/sgvaimudar.com.br\/wp-content\/uploads\/2025\/03\/Anuncie-Aqui-Sao-Goncalo-vai-mudar-300x74.jpg 300w, https:\/\/sgvaimudar.com.br\/wp-content\/uploads\/2025\/03\/Anuncie-Aqui-Sao-Goncalo-vai-mudar-768x189.jpg 768w, https:\/\/sgvaimudar.com.br\/wp-content\/uploads\/2025\/03\/Anuncie-Aqui-Sao-Goncalo-vai-mudar-1536x378.jpg 1536w, https:\/\/sgvaimudar.com.br\/wp-content\/uploads\/2025\/03\/Anuncie-Aqui-Sao-Goncalo-vai-mudar-2048x504.jpg 2048w\" sizes=\"(max-width: 1024px) 100vw, 1024px\" \/><\/figure>\n","protected":false},"excerpt":{"rendered":"<p>A\u00e7\u00e3o conjunta buscou suspeito de latroc\u00ednio em S\u00e3o Gon\u00e7alo; Escolas e unidades de sa\u00fade tiveram que ficar fechadas A Pol\u00edcia&hellip;<\/p>\n","protected":false},"author":5,"featured_media":30121,"comment_status":"open","ping_status":"open","sticky":false,"template":"","format":"standard","meta":{"fifu_image_url":"","fifu_image_alt":"","footnotes":""},"categories":[32],"tags":[39,41,40,47,75],"class_list":["post-30120","post","type-post","status-publish","format-standard","has-post-thumbnail","hentry","category-casos-de-policia","tag-ataque","tag-conflito","tag-guerra","tag-rj","tag-sao-goncalo"],"_links":{"self":[{"href":"https:\/\/sgvaimudar.com.br\/index.php\/wp-json\/wp\/v2\/posts\/30120","targetHints":{"allow":["GET"]}}],"collection":[{"href":"https:\/\/sgvaimudar.com.br\/index.php\/wp-json\/wp\/v2\/posts"}],"about":[{"href":"https:\/\/sgvaimudar.com.br\/index.php\/wp-json\/wp\/v2\/types\/post"}],"author":[{"embeddable":true,"href":"https:\/\/sgvaimudar.com.br\/index.php\/wp-json\/wp\/v2\/users\/5"}],"replies":[{"embeddable":true,"href":"https:\/\/sgvaimudar.com.br\/index.php\/wp-json\/wp\/v2\/comments?post=30120"}],"version-history":[{"count":2,"href":"https:\/\/sgvaimudar.com.br\/index.php\/wp-json\/wp\/v2\/posts\/30120\/revisions"}],"predecessor-version":[{"id":30149,"href":"https:\/\/sgvaimudar.com.br\/index.php\/wp-json\/wp\/v2\/posts\/30120\/revisions\/30149"}],"wp:featuredmedia":[{"embeddable":true,"href":"https:\/\/sgvaimudar.com.br\/index.php\/wp-json\/wp\/v2\/media\/30121"}],"wp:attachment":[{"href":"https:\/\/sgvaimudar.com.br\/index.php\/wp-json\/wp\/v2\/media?parent=30120"}],"wp:term":[{"taxonomy":"category","embeddable":true,"href":"https:\/\/sgvaimudar.com.br\/index.php\/wp-json\/wp\/v2\/categories?post=30120"},{"taxonomy":"post_tag","embeddable":true,"href":"https:\/\/sgvaimudar.com.br\/index.php\/wp-json\/wp\/v2\/tags?post=30120"}],"curies":[{"name":"wp","href":"https:\/\/api.w.org\/{rel}","templated":true}]}}