{"id":30114,"date":"2025-08-30T09:00:00","date_gmt":"2025-08-30T12:00:00","guid":{"rendered":"https:\/\/sgvaimudar.com.br\/?p=30114"},"modified":"2025-08-30T08:10:13","modified_gmt":"2025-08-30T11:10:13","slug":"milhares-de-goncalenses-se-reunem-em-caminhada-pelo-fim-da-violencia-contra-a-mulher","status":"publish","type":"post","link":"https:\/\/sgvaimudar.com.br\/index.php\/2025\/08\/30\/milhares-de-goncalenses-se-reunem-em-caminhada-pelo-fim-da-violencia-contra-a-mulher\/","title":{"rendered":"Milhares de gon\u00e7alenses se re\u00fanem em caminhada pelo fim da viol\u00eancia contra a mulher"},"content":{"rendered":"\n<p><em>Ato de conscientiza\u00e7\u00e3o aconteceu nesta sexta-feira, no Centro<\/em><\/p>\n\n\n\n<p>Milhares de gon\u00e7alenses se reuniram, na manh\u00e3 desta sexta-feira (29), em uma caminhada de conscientiza\u00e7\u00e3o pelo fim da viol\u00eancia contra a mulher, no Centro. A iniciativa finaliza o Agosto Lil\u00e1s na cidade, campanha que refor\u00e7a o enfrentamento \u00e0 viol\u00eancia e celebra os 19 anos da Lei Maria da Penha.<\/p>\n\n\n\n<p>A a\u00e7\u00e3o foi realizada pela Secretaria de Assist\u00eancia Social da Prefeitura de S\u00e3o Gon\u00e7alo, atrav\u00e9s da Subsecretaria de Pol\u00edticas P\u00fablicas para as Mulheres. Com diversos cartazes com frases de impacto em prol dos direitos das mulheres, os participantes sa\u00edram da Pra\u00e7a Z\u00e9 Garoto e caminharam at\u00e9 a Pra\u00e7a Dr. Luiz Palmier, no Centro.<\/p>\n\n\n\n<figure class=\"wp-block-image size-large\"><img fetchpriority=\"high\" decoding=\"async\" width=\"1024\" height=\"684\" src=\"https:\/\/sgvaimudar.com.br\/wp-content\/uploads\/2025\/08\/unnamed-4-18-1024x684.jpg\" alt=\"\" class=\"wp-image-30115\" srcset=\"https:\/\/sgvaimudar.com.br\/wp-content\/uploads\/2025\/08\/unnamed-4-18-1024x684.jpg 1024w, https:\/\/sgvaimudar.com.br\/wp-content\/uploads\/2025\/08\/unnamed-4-18-300x200.jpg 300w, https:\/\/sgvaimudar.com.br\/wp-content\/uploads\/2025\/08\/unnamed-4-18-768x513.jpg 768w, https:\/\/sgvaimudar.com.br\/wp-content\/uploads\/2025\/08\/unnamed-4-18-1536x1027.jpg 1536w, https:\/\/sgvaimudar.com.br\/wp-content\/uploads\/2025\/08\/unnamed-4-18.jpg 1616w\" sizes=\"(max-width: 1024px) 100vw, 1024px\" \/><\/figure>\n\n\n\n<p>O prefeito Capit\u00e3o Nelson esteve presente, ao lado da primeira-dama Marinete Ruas, e do vice-prefeito Jo\u00e3o Ventura.&nbsp;<\/p>\n\n\n\n<p>\u201cFico muito feliz pela presen\u00e7a da popula\u00e7\u00e3o nessa a\u00e7\u00e3o. Todas as mulheres merecem respeito e dignidade. Espero que essa caminhada ajude a conscientizar as pessoas que qualquer tipo de viol\u00eancia n\u00e3o pode ser aceita,\u201d afirmou o prefeito.<\/p>\n\n\n\n<p>De janeiro a julho deste ano, nos equipamentos municipais foram realizados 4.194 registros de viol\u00eancia no Centro Especial de Orienta\u00e7\u00e3o \u00e0 Mulher (CEOM) Zuzu Angel, em Neves e 1.148 na Sala Lil\u00e1s.<\/p>\n\n\n\n<figure class=\"wp-block-image size-large\"><img decoding=\"async\" width=\"1024\" height=\"684\" src=\"https:\/\/sgvaimudar.com.br\/wp-content\/uploads\/2025\/08\/unnamed-6-15-1024x684.jpg\" alt=\"\" class=\"wp-image-30116\" srcset=\"https:\/\/sgvaimudar.com.br\/wp-content\/uploads\/2025\/08\/unnamed-6-15-1024x684.jpg 1024w, https:\/\/sgvaimudar.com.br\/wp-content\/uploads\/2025\/08\/unnamed-6-15-300x200.jpg 300w, https:\/\/sgvaimudar.com.br\/wp-content\/uploads\/2025\/08\/unnamed-6-15-768x513.jpg 768w, https:\/\/sgvaimudar.com.br\/wp-content\/uploads\/2025\/08\/unnamed-6-15-1536x1027.jpg 1536w, https:\/\/sgvaimudar.com.br\/wp-content\/uploads\/2025\/08\/unnamed-6-15.jpg 1616w\" sizes=\"(max-width: 1024px) 100vw, 1024px\" \/><\/figure>\n\n\n\n<p>Em um carro de som, a subsecret\u00e1ria de Pol\u00edticas P\u00fablicas para as Mulheres, Ana Cristina da Silva, destacou os servi\u00e7os de apoio \u00e0 mulher da cidade e refor\u00e7ou a import\u00e2ncia da caminhada.<\/p>\n\n\n\n<p>\u201cA caminhada \u00e9 um momento de uni\u00e3o, reflex\u00e3o e mobiliza\u00e7\u00e3o por uma cidade mais segura e justa para todas as mulheres. O Agosto Lil\u00e1s nos lembra que viol\u00eancia contra a mulher n\u00e3o tem desculpa, tem lei! Refor\u00e7o nosso compromisso da Subsecretaria da Mulher na promo\u00e7\u00e3o da igualdade, da dignidade e do respeito em todos os espa\u00e7os da sociedade,\u201d disse.<\/p>\n\n\n\n<p>A caminhada contou com a presen\u00e7a de integrantes dos projetos sociais esportivos da cidade, como o Qualidade de Vida e Longevidade, da Secretaria de Esporte e Lazer, o Sa\u00fade em Movimento e Esporte em A\u00e7\u00e3o, da Funda\u00e7\u00e3o de Artes, Esporte e Lazer de S\u00e3o Gon\u00e7alo (Faelsg). Tamb\u00e9m estiveram presentes no ato representantes do Legislativo municipal, secret\u00e1rios do governo Capit\u00e3o Nelson e a delegada Ana Carla Rodrigues, da Delegacia de Atendimento \u00e0 Mulher de S\u00e3o Gon\u00e7alo (Deam).<\/p>\n\n\n\n<p>A moradora do Amendoeira, Leliane Silva, de 39 anos, participa de um projeto de esporte da Prefeitura e fez quest\u00e3o de participar do ato nesta sexta.<\/p>\n\n\n\n<p>\u201cEssa a\u00e7\u00e3o \u00e9 muito importante, pois impulsiona a mulher a dar um basta no sofrimento, a dizer um n\u00e3o para quem a prejudica. Al\u00e9m disso, \u00e9 bom que todas saibam onde procurar ajuda ou indicar ajuda para uma mulher que sofre viol\u00eancia\u201d, disse a gon\u00e7alense.<\/p>\n\n\n\n<p>No ponto final da caminhada, foram oferecidos servi\u00e7os como aferi\u00e7\u00e3o de press\u00e3o e distribui\u00e7\u00e3o de preservativos, pela Secretaria Municipal de Sa\u00fade e Defesa Civil. A Subsecretaria de Pol\u00edticas P\u00fablicas para as Mulheres distribuiu panfletos com os endere\u00e7os dos locais de apoio \u00e0 mulher e orienta\u00e7\u00f5es e a Secretaria de Conserva\u00e7\u00e3o distribuiu mudas de plantas para os participantes.<\/p>\n\n\n\n<p>O evento teve apoio da Guarda Municipal e de agentes da Secretaria de Meio Ambiente e Transportes, para garantir a ordem no tr\u00e2nsito. Al\u00e9m disso, a Secretaria de Sa\u00fade e Defesa Civil forneceu uma ambul\u00e2ncia para casos de urg\u00eancia m\u00e9dica e a Concession\u00e1ria \u00c1guas do Rio forneceu um aguadeiro para hidrata\u00e7\u00e3o de todos os membros da caminhada.<\/p>\n\n\n\n<p><em>Fotos: Renan Otto<\/em><\/p>\n\n\n\n<p><strong><em>S\u00e3o Gon\u00e7alo vai mudar: Not\u00edcias de S\u00e3o Gon\u00e7alo e toda regi\u00e3o.<\/em><\/strong><\/p>\n\n\n\n<figure class=\"wp-block-image size-large\"><img decoding=\"async\" width=\"1024\" height=\"252\" src=\"https:\/\/sgvaimudar.com.br\/wp-content\/uploads\/2025\/03\/Anuncie-Aqui-Sao-Goncalo-vai-mudar-1024x252.jpg\" alt=\"\" class=\"wp-image-22693\" srcset=\"https:\/\/sgvaimudar.com.br\/wp-content\/uploads\/2025\/03\/Anuncie-Aqui-Sao-Goncalo-vai-mudar-1024x252.jpg 1024w, https:\/\/sgvaimudar.com.br\/wp-content\/uploads\/2025\/03\/Anuncie-Aqui-Sao-Goncalo-vai-mudar-300x74.jpg 300w, https:\/\/sgvaimudar.com.br\/wp-content\/uploads\/2025\/03\/Anuncie-Aqui-Sao-Goncalo-vai-mudar-768x189.jpg 768w, https:\/\/sgvaimudar.com.br\/wp-content\/uploads\/2025\/03\/Anuncie-Aqui-Sao-Goncalo-vai-mudar-1536x378.jpg 1536w, https:\/\/sgvaimudar.com.br\/wp-content\/uploads\/2025\/03\/Anuncie-Aqui-Sao-Goncalo-vai-mudar-2048x504.jpg 2048w\" sizes=\"(max-width: 1024px) 100vw, 1024px\" \/><\/figure>\n","protected":false},"excerpt":{"rendered":"<p>Ato de conscientiza\u00e7\u00e3o aconteceu nesta sexta-feira, no Centro Milhares de gon\u00e7alenses se reuniram, na manh\u00e3 desta sexta-feira (29), em uma&hellip;<\/p>\n","protected":false},"author":5,"featured_media":30117,"comment_status":"open","ping_status":"open","sticky":false,"template":"","format":"standard","meta":{"fifu_image_url":"","fifu_image_alt":"","footnotes":""},"categories":[3],"tags":[47,75],"class_list":["post-30114","post","type-post","status-publish","format-standard","has-post-thumbnail","hentry","category-sao-goncalo","tag-rj","tag-sao-goncalo"],"_links":{"self":[{"href":"https:\/\/sgvaimudar.com.br\/index.php\/wp-json\/wp\/v2\/posts\/30114","targetHints":{"allow":["GET"]}}],"collection":[{"href":"https:\/\/sgvaimudar.com.br\/index.php\/wp-json\/wp\/v2\/posts"}],"about":[{"href":"https:\/\/sgvaimudar.com.br\/index.php\/wp-json\/wp\/v2\/types\/post"}],"author":[{"embeddable":true,"href":"https:\/\/sgvaimudar.com.br\/index.php\/wp-json\/wp\/v2\/users\/5"}],"replies":[{"embeddable":true,"href":"https:\/\/sgvaimudar.com.br\/index.php\/wp-json\/wp\/v2\/comments?post=30114"}],"version-history":[{"count":1,"href":"https:\/\/sgvaimudar.com.br\/index.php\/wp-json\/wp\/v2\/posts\/30114\/revisions"}],"predecessor-version":[{"id":30118,"href":"https:\/\/sgvaimudar.com.br\/index.php\/wp-json\/wp\/v2\/posts\/30114\/revisions\/30118"}],"wp:featuredmedia":[{"embeddable":true,"href":"https:\/\/sgvaimudar.com.br\/index.php\/wp-json\/wp\/v2\/media\/30117"}],"wp:attachment":[{"href":"https:\/\/sgvaimudar.com.br\/index.php\/wp-json\/wp\/v2\/media?parent=30114"}],"wp:term":[{"taxonomy":"category","embeddable":true,"href":"https:\/\/sgvaimudar.com.br\/index.php\/wp-json\/wp\/v2\/categories?post=30114"},{"taxonomy":"post_tag","embeddable":true,"href":"https:\/\/sgvaimudar.com.br\/index.php\/wp-json\/wp\/v2\/tags?post=30114"}],"curies":[{"name":"wp","href":"https:\/\/api.w.org\/{rel}","templated":true}]}}