{"id":30110,"date":"2025-08-30T10:00:00","date_gmt":"2025-08-30T13:00:00","guid":{"rendered":"https:\/\/sgvaimudar.com.br\/?p=30110"},"modified":"2025-08-30T08:11:16","modified_gmt":"2025-08-30T11:11:16","slug":"sao-goncalo-prorroga-prazo-para-interposicao-de-recurso-do-edital-cultura-viva","status":"publish","type":"post","link":"https:\/\/sgvaimudar.com.br\/index.php\/2025\/08\/30\/sao-goncalo-prorroga-prazo-para-interposicao-de-recurso-do-edital-cultura-viva\/","title":{"rendered":"S\u00e3o Gon\u00e7alo prorroga prazo para interposi\u00e7\u00e3o de recurso do Edital Cultura Viva\u00a0"},"content":{"rendered":"\n<p><em>Participantes t\u00eam at\u00e9 o dia 1 de setembro para encaminhar recurso por email<\/em><\/p>\n\n\n\n<p>A Secretaria de Turismo e Cultura da Prefeitura de S\u00e3o Gon\u00e7alo, por meio do Fundo Municipal de Cultura, anunciou a prorroga\u00e7\u00e3o do prazo para interposi\u00e7\u00e3o de recurso do Edital&nbsp;Cultura Viva \u2013 Funcultura N\u00ba 01\/2025, voltado para reconhecer e premiar coletivos e entidades sem fins lucrativos que promovem a\u00e7\u00f5es culturais como Pontos de Cultura. <\/p>\n\n\n\n<p>O&nbsp;prazo foi prorrogado at\u00e9 \u00e0s 23h59 da segunda-feira (1\u00ba\/09), exclusivamente atrav\u00e9s do e-mail&nbsp;<a rel=\"noreferrer noopener\" href=\"mailto:culturavivasg@gmail.com\" target=\"_blank\"><u>culturavivasg@gmail.com<\/u><\/a>;<\/p>\n\n\n\n<p>O edital segue as diretrizes estabelecidas pela Lei N\u00ba 14.399\/2022 (Pol\u00edtica Nacional Aldir Blanc \u2013 PNAB) e Lei N\u00ba 13.018\/2014 (Pol\u00edtica Nacional de Cultura Viva) bem como os regulamentos do Decreto N\u00ba 11.740\/2023 e Portaria MinC N\u00ba 80\/2023, al\u00e9m de outras normativas pertinentes \u00e0 PNCV e PNAB.<\/p>\n\n\n\n<figure class=\"wp-block-image size-large\"><img fetchpriority=\"high\" decoding=\"async\" width=\"819\" height=\"1024\" src=\"https:\/\/sgvaimudar.com.br\/wp-content\/uploads\/2025\/08\/unnamed-3-18-819x1024.jpg\" alt=\"\" class=\"wp-image-30111\" srcset=\"https:\/\/sgvaimudar.com.br\/wp-content\/uploads\/2025\/08\/unnamed-3-18-819x1024.jpg 819w, https:\/\/sgvaimudar.com.br\/wp-content\/uploads\/2025\/08\/unnamed-3-18-240x300.jpg 240w, https:\/\/sgvaimudar.com.br\/wp-content\/uploads\/2025\/08\/unnamed-3-18-768x960.jpg 768w, https:\/\/sgvaimudar.com.br\/wp-content\/uploads\/2025\/08\/unnamed-3-18.jpg 1080w\" sizes=\"(max-width: 819px) 100vw, 819px\" \/><\/figure>\n\n\n\n<p>O Chamamento P\u00fablico N\u00ba 001\/2025 Pr\u00eamio Cultura Viva: Territ\u00f3rios Gon\u00e7alenses \u00e9 um incentivo do Governo Federal aos entes federativos, possibilitando \u00e0 Secretaria Municipal de Turismo e Cultura (SMTC) e ao Fundo Municipal de Cultura (FUNCULTURA) desenvolver a Rede Municipal de Pontos de Cultura de S\u00e3o Gon\u00e7alo.<\/p>\n\n\n\n<p>Com recursos da PNAB, ser\u00e3o contemplados 46 pr\u00eamios, divididos em duas categorias: 23 pr\u00eamios para Coletivos Informais (identificados pelo CPF) e 23 pr\u00eamios para Entidades Culturais sem fins lucrativos (CNPJ). <\/p>\n\n\n\n<p>Os Coletivos Informais receber\u00e3o R$ 20.000,00 cada, enquanto as Entidades sem fins lucrativos ser\u00e3o premiadas com R$ 40.000,00 cada, totalizando um investimento de R$ 1.380.000,00 no setor cultural do munic\u00edpio.<\/p>\n\n\n\n<p><strong><em>S\u00e3o Gon\u00e7alo vai mudar: Not\u00edcias de S\u00e3o Gon\u00e7alo e toda regi\u00e3o.<\/em><\/strong><\/p>\n\n\n\n<figure class=\"wp-block-image size-large\"><img decoding=\"async\" width=\"1024\" height=\"252\" src=\"https:\/\/sgvaimudar.com.br\/wp-content\/uploads\/2025\/03\/Anuncie-Aqui-Sao-Goncalo-vai-mudar-1024x252.jpg\" alt=\"\" class=\"wp-image-22693\" srcset=\"https:\/\/sgvaimudar.com.br\/wp-content\/uploads\/2025\/03\/Anuncie-Aqui-Sao-Goncalo-vai-mudar-1024x252.jpg 1024w, https:\/\/sgvaimudar.com.br\/wp-content\/uploads\/2025\/03\/Anuncie-Aqui-Sao-Goncalo-vai-mudar-300x74.jpg 300w, https:\/\/sgvaimudar.com.br\/wp-content\/uploads\/2025\/03\/Anuncie-Aqui-Sao-Goncalo-vai-mudar-768x189.jpg 768w, https:\/\/sgvaimudar.com.br\/wp-content\/uploads\/2025\/03\/Anuncie-Aqui-Sao-Goncalo-vai-mudar-1536x378.jpg 1536w, https:\/\/sgvaimudar.com.br\/wp-content\/uploads\/2025\/03\/Anuncie-Aqui-Sao-Goncalo-vai-mudar-2048x504.jpg 2048w\" sizes=\"(max-width: 1024px) 100vw, 1024px\" \/><\/figure>\n","protected":false},"excerpt":{"rendered":"<p>Participantes t\u00eam at\u00e9 o dia 1 de setembro para encaminhar recurso por email A Secretaria de Turismo e Cultura da&hellip;<\/p>\n","protected":false},"author":5,"featured_media":30112,"comment_status":"open","ping_status":"open","sticky":false,"template":"","format":"standard","meta":{"fifu_image_url":"","fifu_image_alt":"","footnotes":""},"categories":[6],"tags":[47,75],"class_list":["post-30110","post","type-post","status-publish","format-standard","has-post-thumbnail","hentry","category-entretenimento","tag-rj","tag-sao-goncalo"],"_links":{"self":[{"href":"https:\/\/sgvaimudar.com.br\/index.php\/wp-json\/wp\/v2\/posts\/30110","targetHints":{"allow":["GET"]}}],"collection":[{"href":"https:\/\/sgvaimudar.com.br\/index.php\/wp-json\/wp\/v2\/posts"}],"about":[{"href":"https:\/\/sgvaimudar.com.br\/index.php\/wp-json\/wp\/v2\/types\/post"}],"author":[{"embeddable":true,"href":"https:\/\/sgvaimudar.com.br\/index.php\/wp-json\/wp\/v2\/users\/5"}],"replies":[{"embeddable":true,"href":"https:\/\/sgvaimudar.com.br\/index.php\/wp-json\/wp\/v2\/comments?post=30110"}],"version-history":[{"count":2,"href":"https:\/\/sgvaimudar.com.br\/index.php\/wp-json\/wp\/v2\/posts\/30110\/revisions"}],"predecessor-version":[{"id":30119,"href":"https:\/\/sgvaimudar.com.br\/index.php\/wp-json\/wp\/v2\/posts\/30110\/revisions\/30119"}],"wp:featuredmedia":[{"embeddable":true,"href":"https:\/\/sgvaimudar.com.br\/index.php\/wp-json\/wp\/v2\/media\/30112"}],"wp:attachment":[{"href":"https:\/\/sgvaimudar.com.br\/index.php\/wp-json\/wp\/v2\/media?parent=30110"}],"wp:term":[{"taxonomy":"category","embeddable":true,"href":"https:\/\/sgvaimudar.com.br\/index.php\/wp-json\/wp\/v2\/categories?post=30110"},{"taxonomy":"post_tag","embeddable":true,"href":"https:\/\/sgvaimudar.com.br\/index.php\/wp-json\/wp\/v2\/tags?post=30110"}],"curies":[{"name":"wp","href":"https:\/\/api.w.org\/{rel}","templated":true}]}}