{"id":30098,"date":"2025-08-30T07:45:20","date_gmt":"2025-08-30T10:45:20","guid":{"rendered":"https:\/\/sgvaimudar.com.br\/?p=30098"},"modified":"2025-08-30T07:45:20","modified_gmt":"2025-08-30T10:45:20","slug":"em-sao-goncalo-projeto-esporte-em-acao-vai-promover-mais-um-torneio-entre-nucleos-neste-sabado","status":"publish","type":"post","link":"https:\/\/sgvaimudar.com.br\/index.php\/2025\/08\/30\/em-sao-goncalo-projeto-esporte-em-acao-vai-promover-mais-um-torneio-entre-nucleos-neste-sabado\/","title":{"rendered":"Em S\u00e3o Gon\u00e7alo, Projeto Esporte em A\u00e7\u00e3o vai promover mais um torneio entre n\u00facleos neste s\u00e1bado"},"content":{"rendered":"\n<p><em>Alunos de basquete, handebol e futsal v\u00e3o competir no Sest Senat, em Tribob\u00f3&nbsp;<\/em><\/p>\n\n\n\n<p>Neste s\u00e1bado (30), a partir das 8h, cerca de 200 alunos dos n\u00facleos de basquete, handebol e futsal do projeto Esporte em A\u00e7\u00e3o v\u00e3o participar de uma divertida competi\u00e7\u00e3o. O torneio promovido pelo projeto vai acontecer no Sest Senat, em Tribob\u00f3.<\/p>\n\n\n\n<p>A competi\u00e7\u00e3o entre os n\u00facleos visa integrar os participantes do Esporte em A\u00e7\u00e3o e garantir um dia de divers\u00e3o e competi\u00e7\u00e3o, que une familiares e amigos dos alunos. Por ser aberto ao p\u00fablico, diversos gon\u00e7alenses podem presenciar a disputa e conhecer mais sobre o projeto. Nos \u00faltimos dois meses, foram realizados torneios entre alunos de futebol society, v\u00f4lei e futebol de campo.\u00a0<\/p>\n\n\n\n<figure class=\"wp-block-image size-large\"><img fetchpriority=\"high\" decoding=\"async\" width=\"1024\" height=\"1024\" src=\"https:\/\/sgvaimudar.com.br\/wp-content\/uploads\/2025\/08\/unnamed-2-1024x1024.png\" alt=\"\" class=\"wp-image-30100\" srcset=\"https:\/\/sgvaimudar.com.br\/wp-content\/uploads\/2025\/08\/unnamed-2-1024x1024.png 1024w, https:\/\/sgvaimudar.com.br\/wp-content\/uploads\/2025\/08\/unnamed-2-300x300.png 300w, https:\/\/sgvaimudar.com.br\/wp-content\/uploads\/2025\/08\/unnamed-2-150x150.png 150w, https:\/\/sgvaimudar.com.br\/wp-content\/uploads\/2025\/08\/unnamed-2-768x768.png 768w, https:\/\/sgvaimudar.com.br\/wp-content\/uploads\/2025\/08\/unnamed-2.png 1080w\" sizes=\"(max-width: 1024px) 100vw, 1024px\" \/><\/figure>\n\n\n\n<p>O Projeto \u201cEsporte em A\u00e7\u00e3o\u201d acontece desde outubro de 2024, em 20 n\u00facleos do munic\u00edpio, com mais de 10 modalidades esportivas gratuitas. A a\u00e7\u00e3o \u00e9 uma parceria da Funda\u00e7\u00e3o de Artes, Esporte e Lazer de S\u00e3o Gon\u00e7alo (Faelsg) com o Minist\u00e9rio do Esporte. Confira todos os n\u00facleos atrav\u00e9s do link:\u00a0<a rel=\"noreferrer noopener\" href=\"https:\/\/click.cse360.com.br\/Click\/AddCampaignEmailClick\/8d3ca599-14b5-48f4-7216-08dde67228db\/https%253a%252f%252fwww.saogoncalo.rj.gov.br%252ffundacao-de-artes-esporte-e-lazer%252fnucleos-do-esporte-em-acao%252f\/ac66966e-2b55-4484-fb2c-08dc491eed5f\/jornalistaws@gmail.com\/False\" target=\"_blank\">https:\/\/www.saogoncalo.rj.gov.br\/fundacao-de-artes-esporte-e-lazer\/nucleos-do-esporte-em-acao\/<\/a>.\u00a0<\/p>\n\n\n\n<p><strong><em>S\u00e3o Gon\u00e7alo vai mudar: Not\u00edcias de S\u00e3o Gon\u00e7alo e toda regi\u00e3o.<\/em><\/strong><\/p>\n\n\n\n<figure class=\"wp-block-image size-large\"><img decoding=\"async\" width=\"1024\" height=\"252\" src=\"https:\/\/sgvaimudar.com.br\/wp-content\/uploads\/2025\/03\/Anuncie-Aqui-Sao-Goncalo-vai-mudar-1024x252.jpg\" alt=\"\" class=\"wp-image-22693\" srcset=\"https:\/\/sgvaimudar.com.br\/wp-content\/uploads\/2025\/03\/Anuncie-Aqui-Sao-Goncalo-vai-mudar-1024x252.jpg 1024w, https:\/\/sgvaimudar.com.br\/wp-content\/uploads\/2025\/03\/Anuncie-Aqui-Sao-Goncalo-vai-mudar-300x74.jpg 300w, https:\/\/sgvaimudar.com.br\/wp-content\/uploads\/2025\/03\/Anuncie-Aqui-Sao-Goncalo-vai-mudar-768x189.jpg 768w, https:\/\/sgvaimudar.com.br\/wp-content\/uploads\/2025\/03\/Anuncie-Aqui-Sao-Goncalo-vai-mudar-1536x378.jpg 1536w, https:\/\/sgvaimudar.com.br\/wp-content\/uploads\/2025\/03\/Anuncie-Aqui-Sao-Goncalo-vai-mudar-2048x504.jpg 2048w\" sizes=\"(max-width: 1024px) 100vw, 1024px\" \/><\/figure>\n","protected":false},"excerpt":{"rendered":"<p>Alunos de basquete, handebol e futsal v\u00e3o competir no Sest Senat, em Tribob\u00f3&nbsp; Neste s\u00e1bado (30), a partir das 8h,&hellip;<\/p>\n","protected":false},"author":5,"featured_media":30101,"comment_status":"open","ping_status":"open","sticky":false,"template":"","format":"standard","meta":{"fifu_image_url":"","fifu_image_alt":"","footnotes":""},"categories":[5],"tags":[47,75],"class_list":["post-30098","post","type-post","status-publish","format-standard","has-post-thumbnail","hentry","category-esportes","tag-rj","tag-sao-goncalo"],"_links":{"self":[{"href":"https:\/\/sgvaimudar.com.br\/index.php\/wp-json\/wp\/v2\/posts\/30098","targetHints":{"allow":["GET"]}}],"collection":[{"href":"https:\/\/sgvaimudar.com.br\/index.php\/wp-json\/wp\/v2\/posts"}],"about":[{"href":"https:\/\/sgvaimudar.com.br\/index.php\/wp-json\/wp\/v2\/types\/post"}],"author":[{"embeddable":true,"href":"https:\/\/sgvaimudar.com.br\/index.php\/wp-json\/wp\/v2\/users\/5"}],"replies":[{"embeddable":true,"href":"https:\/\/sgvaimudar.com.br\/index.php\/wp-json\/wp\/v2\/comments?post=30098"}],"version-history":[{"count":1,"href":"https:\/\/sgvaimudar.com.br\/index.php\/wp-json\/wp\/v2\/posts\/30098\/revisions"}],"predecessor-version":[{"id":30102,"href":"https:\/\/sgvaimudar.com.br\/index.php\/wp-json\/wp\/v2\/posts\/30098\/revisions\/30102"}],"wp:featuredmedia":[{"embeddable":true,"href":"https:\/\/sgvaimudar.com.br\/index.php\/wp-json\/wp\/v2\/media\/30101"}],"wp:attachment":[{"href":"https:\/\/sgvaimudar.com.br\/index.php\/wp-json\/wp\/v2\/media?parent=30098"}],"wp:term":[{"taxonomy":"category","embeddable":true,"href":"https:\/\/sgvaimudar.com.br\/index.php\/wp-json\/wp\/v2\/categories?post=30098"},{"taxonomy":"post_tag","embeddable":true,"href":"https:\/\/sgvaimudar.com.br\/index.php\/wp-json\/wp\/v2\/tags?post=30098"}],"curies":[{"name":"wp","href":"https:\/\/api.w.org\/{rel}","templated":true}]}}