{"id":30095,"date":"2025-08-29T21:00:00","date_gmt":"2025-08-30T00:00:00","guid":{"rendered":"https:\/\/sgvaimudar.com.br\/?p=30095"},"modified":"2025-08-29T11:41:07","modified_gmt":"2025-08-29T14:41:07","slug":"governador-claudio-castro-entrega-novo-traje-ao-esquadrao-antibomba-da-core","status":"publish","type":"post","link":"https:\/\/sgvaimudar.com.br\/index.php\/2025\/08\/29\/governador-claudio-castro-entrega-novo-traje-ao-esquadrao-antibomba-da-core\/","title":{"rendered":"Governador Cl\u00e1udio Castro entrega novo traje ao Esquadr\u00e3o Antibomba da Core"},"content":{"rendered":"\n<p><em>Equipamento de \u00faltima gera\u00e7\u00e3o garante mais seguran\u00e7a e mobilidade aos agentes<\/em><\/p>\n\n\n\n<p>O governador Cl\u00e1udio Castro entregou, nesta quinta-feira (28\/08), o novo traje que ser\u00e1 usado pelo Esquadr\u00e3o Antibomba da Coordenadoria de Recursos Especiais (Core) da Pol\u00edcia Civil. O evento foi realizado na Cidade da Pol\u00edcia.<\/p>\n\n\n\n<p>\u2014 Foi uma semana muito importante para a Pol\u00edcia Civil do Rio. Al\u00e9m da entrega destes equipamentos, tivemos a formatura de 770 novos investigadores que j\u00e1 est\u00e3o atuando. Os equipamentos representam mais prote\u00e7\u00e3o \u00e0 vida dos agentes que est\u00e3o na linha de frente. Estamos investindo para qualificar e garantir a seguran\u00e7a de cada um desses homens e mulheres que est\u00e3o nas ruas. A institui\u00e7\u00e3o precisa do melhor e, atualmente, os itens da pol\u00edcia est\u00e3o entre os melhores \u2014 afirmou Castro.<\/p>\n\n\n\n<p>O novo traje, produzido no Canad\u00e1, \u00e9 considerado o mais moderno e tecnol\u00f3gico do mercado. Ele garante maior mobilidade e prote\u00e7\u00e3o aos agentes, com resist\u00eancia contra fragmenta\u00e7\u00e3o, ondas de choque e altas temperaturas. Al\u00e9m disso, conta com um sistema de comunica\u00e7\u00e3o remota, possibilitando a comunica\u00e7\u00e3o em tempo real entre o agente em campo e a equipe de apoio. A vida \u00fatil do equipamento \u00e9 de 10 anos.<\/p>\n\n\n\n<p>\u2014 A Pol\u00edcia Civil vive um bom momento, com investimentos, chegada de novos policiais, aquisi\u00e7\u00e3o de novos equipamentos de tecnologia de ponta, como esse traje, e inaugura\u00e7\u00f5es de delegacias importantes e estrat\u00e9gicas. Hoje n\u00f3s podemos afirmar que vivemos uma nova Pol\u00edcia Civil. Esse equipamento que estamos recebendo \u00e9 de ponta e aumenta a seguran\u00e7a e mobilidade do operador, al\u00e9m de favorecer sua comunica\u00e7\u00e3o \u2014 refor\u00e7ou o secret\u00e1rio estadual de Pol\u00edcia Civil, delegado Felipe Cury.<\/p>\n\n\n\n<p>O equipamento, que custou cerca de R$ 500 mil, foi adquirido para o Rio de Janeiro por meio de verba parlamentar do senador Fl\u00e1vio Bolsonaro.<\/p>\n\n\n\n<p>\u2014 Mais uma vez mostrando a import\u00e2ncia dessa aproxima\u00e7\u00e3o entre o Senado Federal e o governo estadual. A gente sabe que pode fazer muito mais pela nossa pol\u00edcia. N\u00e3o \u00e9 s\u00f3 chegar e comprar o equipamento, mas tamb\u00e9m ouvir e entender qual equipamento \u00e9 importante para o momento \u2014 disse o senador.<\/p>\n\n\n\n<p>Dados da Core, segundo o secret\u00e1rio de Pol\u00edcia Civil, mostram que o Esquadr\u00e3o Antibomba \u00e9 acionado cerca de duas mil vezes por ano, uma m\u00e9dia de seis a sete vezes por dia para a\u00e7\u00f5es envolvendo artefatos explosivos. Ainda segundo o secret\u00e1rio, em alguns acionamentos os agentes s\u00e3o obrigados a descartar mais de um artefato.<\/p>\n\n\n\n<p><strong><em>Fa\u00e7a sua den\u00fancia pelo nosso WhatsApp: (21) <\/em><\/strong><strong><em>99744 5345<\/em><\/strong><strong><em><\/em><\/strong><\/p>\n\n\n\n<p><strong><em>S\u00e3o Gon\u00e7alo vai mudar: Not\u00edcias de S\u00e3o Gon\u00e7alo e toda regi\u00e3o.<\/em><\/strong><\/p>\n\n\n\n<figure class=\"wp-block-image size-large\"><img fetchpriority=\"high\" decoding=\"async\" width=\"1024\" height=\"252\" src=\"https:\/\/sgvaimudar.com.br\/wp-content\/uploads\/2025\/03\/Anuncie-Aqui-Sao-Goncalo-vai-mudar-1024x252.jpg\" alt=\"\" class=\"wp-image-22693\" srcset=\"https:\/\/sgvaimudar.com.br\/wp-content\/uploads\/2025\/03\/Anuncie-Aqui-Sao-Goncalo-vai-mudar-1024x252.jpg 1024w, https:\/\/sgvaimudar.com.br\/wp-content\/uploads\/2025\/03\/Anuncie-Aqui-Sao-Goncalo-vai-mudar-300x74.jpg 300w, https:\/\/sgvaimudar.com.br\/wp-content\/uploads\/2025\/03\/Anuncie-Aqui-Sao-Goncalo-vai-mudar-768x189.jpg 768w, https:\/\/sgvaimudar.com.br\/wp-content\/uploads\/2025\/03\/Anuncie-Aqui-Sao-Goncalo-vai-mudar-1536x378.jpg 1536w, https:\/\/sgvaimudar.com.br\/wp-content\/uploads\/2025\/03\/Anuncie-Aqui-Sao-Goncalo-vai-mudar-2048x504.jpg 2048w\" sizes=\"(max-width: 1024px) 100vw, 1024px\" \/><\/figure>\n","protected":false},"excerpt":{"rendered":"<p>Equipamento de \u00faltima gera\u00e7\u00e3o garante mais seguran\u00e7a e mobilidade aos agentes O governador Cl\u00e1udio Castro entregou, nesta quinta-feira (28\/08), o&hellip;<\/p>\n","protected":false},"author":5,"featured_media":30096,"comment_status":"open","ping_status":"open","sticky":false,"template":"","format":"standard","meta":{"fifu_image_url":"","fifu_image_alt":"","footnotes":""},"categories":[32],"tags":[39,41,40,47],"class_list":["post-30095","post","type-post","status-publish","format-standard","has-post-thumbnail","hentry","category-casos-de-policia","tag-ataque","tag-conflito","tag-guerra","tag-rj"],"_links":{"self":[{"href":"https:\/\/sgvaimudar.com.br\/index.php\/wp-json\/wp\/v2\/posts\/30095","targetHints":{"allow":["GET"]}}],"collection":[{"href":"https:\/\/sgvaimudar.com.br\/index.php\/wp-json\/wp\/v2\/posts"}],"about":[{"href":"https:\/\/sgvaimudar.com.br\/index.php\/wp-json\/wp\/v2\/types\/post"}],"author":[{"embeddable":true,"href":"https:\/\/sgvaimudar.com.br\/index.php\/wp-json\/wp\/v2\/users\/5"}],"replies":[{"embeddable":true,"href":"https:\/\/sgvaimudar.com.br\/index.php\/wp-json\/wp\/v2\/comments?post=30095"}],"version-history":[{"count":1,"href":"https:\/\/sgvaimudar.com.br\/index.php\/wp-json\/wp\/v2\/posts\/30095\/revisions"}],"predecessor-version":[{"id":30097,"href":"https:\/\/sgvaimudar.com.br\/index.php\/wp-json\/wp\/v2\/posts\/30095\/revisions\/30097"}],"wp:featuredmedia":[{"embeddable":true,"href":"https:\/\/sgvaimudar.com.br\/index.php\/wp-json\/wp\/v2\/media\/30096"}],"wp:attachment":[{"href":"https:\/\/sgvaimudar.com.br\/index.php\/wp-json\/wp\/v2\/media?parent=30095"}],"wp:term":[{"taxonomy":"category","embeddable":true,"href":"https:\/\/sgvaimudar.com.br\/index.php\/wp-json\/wp\/v2\/categories?post=30095"},{"taxonomy":"post_tag","embeddable":true,"href":"https:\/\/sgvaimudar.com.br\/index.php\/wp-json\/wp\/v2\/tags?post=30095"}],"curies":[{"name":"wp","href":"https:\/\/api.w.org\/{rel}","templated":true}]}}