{"id":30091,"date":"2025-08-29T19:00:00","date_gmt":"2025-08-29T22:00:00","guid":{"rendered":"https:\/\/sgvaimudar.com.br\/?p=30091"},"modified":"2025-08-29T11:35:05","modified_gmt":"2025-08-29T14:35:05","slug":"oab-niteroiense-promove-acao-social-na-praca-sao-joao","status":"publish","type":"post","link":"https:\/\/sgvaimudar.com.br\/index.php\/2025\/08\/29\/oab-niteroiense-promove-acao-social-na-praca-sao-joao\/","title":{"rendered":"OAB niteroiense promove A\u00e7\u00e3o Social na Pra\u00e7a S\u00e3o Jo\u00e3o"},"content":{"rendered":"\n<p><em>Iniciativa de solidariedade com resultados concretos transformou vidas<\/em><\/p>\n\n\n\n<p>A OAB Niter\u00f3i realizou importante A\u00e7\u00e3o Social na Pra\u00e7a S\u00e3o Jo\u00e3o, no Centro, na \u00faltima quarta-feira, dia (27\/08), com a presen\u00e7a de seu presidente Pedro Gomes e a participa\u00e7\u00e3o de integrantes de sete Comiss\u00f5es da entidade, que ofereceram orienta\u00e7\u00e3o jur\u00eddica gratuita \u00e0 popula\u00e7\u00e3o, em um gesto de empatia e cidadania.<\/p>\n\n\n\n<p>Importante iniciativa, realizada com sucesso pela Comiss\u00e3o de A\u00e7\u00e3o Social e Integra\u00e7\u00e3o Comunit\u00e1ria da OAB Niter\u00f3i, presidida por Jeane Viviani, contou com a participa\u00e7\u00e3o das seguintes comiss\u00f5es: Assist\u00eancia \u00e0s V\u00edtimas de Viol\u00eancia Dom\u00e9stica, por Danielle Velasco; Direito de Fam\u00edlia, M\u00e1rcia Vidal; Previd\u00eancia e Assist\u00eancia Social, L\u00edcia Azevedo; OAB Jovem, Gabriel Nogueira; OAB Mulher, Andrea Coutinho, e Defesa do Consumidor e Prote\u00e7\u00e3o de Dados, Marta Menezes. \u00a0<\/p>\n\n\n\n<figure class=\"wp-block-image size-large\"><img fetchpriority=\"high\" decoding=\"async\" width=\"1024\" height=\"724\" src=\"https:\/\/sgvaimudar.com.br\/wp-content\/uploads\/2025\/08\/Pedro-Gomes-OAB-Niteroi-Valendo-1024x724.jpg\" alt=\"\" class=\"wp-image-30092\" srcset=\"https:\/\/sgvaimudar.com.br\/wp-content\/uploads\/2025\/08\/Pedro-Gomes-OAB-Niteroi-Valendo-1024x724.jpg 1024w, https:\/\/sgvaimudar.com.br\/wp-content\/uploads\/2025\/08\/Pedro-Gomes-OAB-Niteroi-Valendo-300x212.jpg 300w, https:\/\/sgvaimudar.com.br\/wp-content\/uploads\/2025\/08\/Pedro-Gomes-OAB-Niteroi-Valendo-768x543.jpg 768w, https:\/\/sgvaimudar.com.br\/wp-content\/uploads\/2025\/08\/Pedro-Gomes-OAB-Niteroi-Valendo-1536x1087.jpg 1536w, https:\/\/sgvaimudar.com.br\/wp-content\/uploads\/2025\/08\/Pedro-Gomes-OAB-Niteroi-Valendo-2048x1449.jpg 2048w\" sizes=\"(max-width: 1024px) 100vw, 1024px\" \/><\/figure>\n\n\n\n<p>A\u00e7\u00e3o social teve como parceiros: a Universidade Est\u00e1cio de S\u00e1, Universidade C\u00e2ndido Mendes, UniLaSalle, Universo Niter\u00f3i. Ainda: Instituto Vital Brazil, Hospital Santa Beatriz, Enel, Clin e Senac. Al\u00e9m da orienta\u00e7\u00e3o jur\u00eddica, foram oferecidos servi\u00e7os de aferi\u00e7\u00e3o de press\u00e3o, orienta\u00e7\u00e3o sobre animais pe\u00e7onhentos, corte de cabelo, orienta\u00e7\u00e3o de consumo sustent\u00e1vel de energia e oftalmol\u00f3gica.<\/p>\n\n\n\n<p>O presidente Pedro Gomes enalteceu a participa\u00e7\u00e3o da entidade na a\u00e7\u00e3o social, destacou seu compromisso com a comunidade e falou sobre o impacto positivo gerado pelas iniciativas promovidas pela OAB Niter\u00f3i:<\/p>\n\n\n\n<p>\u201cGostaria de agradecer a participa\u00e7\u00e3o dos integrantes das comiss\u00f5es nesta a\u00e7\u00e3o social. Essa iniciativa demonstra, mais uma vez, o nosso compromisso com a comunidade e refor\u00e7a o papel transformador que podemos exercer na vida das pessoas. As a\u00e7\u00f5es que promovemos t\u00eam gerado um impacto positivo real, e isso nos motiva a continuar investindo em projetos que promovam cidadania, solidariedade e desenvolvimento social\u201d, exaltou o presidente que agradeceu tamb\u00e9m as parcerias das universidades, institui\u00e7\u00f5es e empresas que contribu\u00edram para o sucesso da iniciativa.<\/p>\n\n\n\n<p>Jeane Viviani, da Comiss\u00e3o de A\u00e7\u00e3o Social e Integra\u00e7\u00e3o Comunit\u00e1ria exaltou a a\u00e7\u00e3o.<\/p>\n\n\n\n<p>\u201cA OAB Niter\u00f3i, atrav\u00e9s das suas Comiss\u00f5es, participa com orienta\u00e7\u00f5es jur\u00eddicas e, por meio das a\u00e7\u00f5es sociais, \u00e9 poss\u00edvel cobrir a enorme lacuna deixada pela desigualdade, e o objetivo \u00e9 promover o desenvolvimento socia\u201d, disse Jeane.<\/p>\n\n\n\n<p><em>Fotos:@liliandacosta<\/em><\/p>\n\n\n\n<p><strong><em>S\u00e3o Gon\u00e7alo vai mudar: Not\u00edcias de S\u00e3o Gon\u00e7alo e toda regi\u00e3o.<\/em><\/strong><\/p>\n\n\n\n<figure class=\"wp-block-image size-large\"><img decoding=\"async\" width=\"1024\" height=\"252\" src=\"https:\/\/sgvaimudar.com.br\/wp-content\/uploads\/2025\/03\/Anuncie-Aqui-Sao-Goncalo-vai-mudar-1024x252.jpg\" alt=\"\" class=\"wp-image-22693\" srcset=\"https:\/\/sgvaimudar.com.br\/wp-content\/uploads\/2025\/03\/Anuncie-Aqui-Sao-Goncalo-vai-mudar-1024x252.jpg 1024w, https:\/\/sgvaimudar.com.br\/wp-content\/uploads\/2025\/03\/Anuncie-Aqui-Sao-Goncalo-vai-mudar-300x74.jpg 300w, https:\/\/sgvaimudar.com.br\/wp-content\/uploads\/2025\/03\/Anuncie-Aqui-Sao-Goncalo-vai-mudar-768x189.jpg 768w, https:\/\/sgvaimudar.com.br\/wp-content\/uploads\/2025\/03\/Anuncie-Aqui-Sao-Goncalo-vai-mudar-1536x378.jpg 1536w, https:\/\/sgvaimudar.com.br\/wp-content\/uploads\/2025\/03\/Anuncie-Aqui-Sao-Goncalo-vai-mudar-2048x504.jpg 2048w\" sizes=\"(max-width: 1024px) 100vw, 1024px\" \/><\/figure>\n","protected":false},"excerpt":{"rendered":"<p>Iniciativa de solidariedade com resultados concretos transformou vidas A OAB Niter\u00f3i realizou importante A\u00e7\u00e3o Social na Pra\u00e7a S\u00e3o Jo\u00e3o, no&hellip;<\/p>\n","protected":false},"author":5,"featured_media":30093,"comment_status":"open","ping_status":"open","sticky":false,"template":"","format":"standard","meta":{"fifu_image_url":"","fifu_image_alt":"","footnotes":""},"categories":[34],"tags":[],"class_list":["post-30091","post","type-post","status-publish","format-standard","has-post-thumbnail","hentry","category-niteroi"],"_links":{"self":[{"href":"https:\/\/sgvaimudar.com.br\/index.php\/wp-json\/wp\/v2\/posts\/30091","targetHints":{"allow":["GET"]}}],"collection":[{"href":"https:\/\/sgvaimudar.com.br\/index.php\/wp-json\/wp\/v2\/posts"}],"about":[{"href":"https:\/\/sgvaimudar.com.br\/index.php\/wp-json\/wp\/v2\/types\/post"}],"author":[{"embeddable":true,"href":"https:\/\/sgvaimudar.com.br\/index.php\/wp-json\/wp\/v2\/users\/5"}],"replies":[{"embeddable":true,"href":"https:\/\/sgvaimudar.com.br\/index.php\/wp-json\/wp\/v2\/comments?post=30091"}],"version-history":[{"count":1,"href":"https:\/\/sgvaimudar.com.br\/index.php\/wp-json\/wp\/v2\/posts\/30091\/revisions"}],"predecessor-version":[{"id":30094,"href":"https:\/\/sgvaimudar.com.br\/index.php\/wp-json\/wp\/v2\/posts\/30091\/revisions\/30094"}],"wp:featuredmedia":[{"embeddable":true,"href":"https:\/\/sgvaimudar.com.br\/index.php\/wp-json\/wp\/v2\/media\/30093"}],"wp:attachment":[{"href":"https:\/\/sgvaimudar.com.br\/index.php\/wp-json\/wp\/v2\/media?parent=30091"}],"wp:term":[{"taxonomy":"category","embeddable":true,"href":"https:\/\/sgvaimudar.com.br\/index.php\/wp-json\/wp\/v2\/categories?post=30091"},{"taxonomy":"post_tag","embeddable":true,"href":"https:\/\/sgvaimudar.com.br\/index.php\/wp-json\/wp\/v2\/tags?post=30091"}],"curies":[{"name":"wp","href":"https:\/\/api.w.org\/{rel}","templated":true}]}}