{"id":30078,"date":"2025-08-29T15:00:00","date_gmt":"2025-08-29T18:00:00","guid":{"rendered":"https:\/\/sgvaimudar.com.br\/?p=30078"},"modified":"2025-08-29T10:38:05","modified_gmt":"2025-08-29T13:38:05","slug":"gestantes-sao-estimuladas-para-amamentacao-na-clinica-goncalense","status":"publish","type":"post","link":"https:\/\/sgvaimudar.com.br\/index.php\/2025\/08\/29\/gestantes-sao-estimuladas-para-amamentacao-na-clinica-goncalense\/","title":{"rendered":"Gestantes s\u00e3o estimuladas para amamenta\u00e7\u00e3o na Cl\u00ednica Gon\u00e7alense"},"content":{"rendered":"\n<p><em>Roda de conversa promove integra\u00e7\u00e3o e rede de apoio<\/em><\/p>\n\n\n\n<p>Profissionais de sa\u00fade da Cl\u00ednica Municipal Gon\u00e7alense do Mutondo realizaram, nesta quarta-feira (27), uma roda de conversa com 15 gestantes atendidas na unidade. As mam\u00e3es, mesmo todas com mais de uma gesta\u00e7\u00e3o, puderam tirar v\u00e1rias d\u00favidas, principalmente, sobre parto e amamenta\u00e7\u00e3o.&nbsp;<\/p>\n\n\n\n<p>A nutricionista Rog\u00e9ria Flor e a fonoaudi\u00f3loga Denise Veigo, ambas do Grupo de Apoio ao Aleitamento Materno da cl\u00ednica, falaram sobre a import\u00e2ncia da amamenta\u00e7\u00e3o at\u00e9 os dois anos de idade, sobre alimentos indicados durante a fase do aleitamento, posi\u00e7\u00f5es e pega.<\/p>\n\n\n\n<figure class=\"wp-block-image size-large\"><img fetchpriority=\"high\" decoding=\"async\" width=\"1024\" height=\"684\" src=\"https:\/\/sgvaimudar.com.br\/wp-content\/uploads\/2025\/08\/unnamed-2-16-1024x684.jpg\" alt=\"\" class=\"wp-image-30079\" srcset=\"https:\/\/sgvaimudar.com.br\/wp-content\/uploads\/2025\/08\/unnamed-2-16-1024x684.jpg 1024w, https:\/\/sgvaimudar.com.br\/wp-content\/uploads\/2025\/08\/unnamed-2-16-300x200.jpg 300w, https:\/\/sgvaimudar.com.br\/wp-content\/uploads\/2025\/08\/unnamed-2-16-768x513.jpg 768w, https:\/\/sgvaimudar.com.br\/wp-content\/uploads\/2025\/08\/unnamed-2-16-1536x1027.jpg 1536w, https:\/\/sgvaimudar.com.br\/wp-content\/uploads\/2025\/08\/unnamed-2-16.jpg 1616w\" sizes=\"(max-width: 1024px) 100vw, 1024px\" \/><\/figure>\n\n\n\n<p>\u201cO grupo come\u00e7a os atendimentos na gesta\u00e7\u00e3o. Mas o carro-chefe \u00e9 a pu\u00e9rpera que tem dificuldade para amamentar. Somos uma rede de apoio de incentivo ao aleitamento e estamos aqui para ajudar e orientar. A inten\u00e7\u00e3o \u00e9 fazer com que a m\u00e3e consiga prolongar a amamenta\u00e7\u00e3o. O grupo atende todas as segundas, ter\u00e7as e quartas, sempre das 9h \u00e0s 16h, com agendamentos ou com demanda espont\u00e2nea\u201d, explicou Rog\u00e9ria Flor.&nbsp;<\/p>\n\n\n\n<p>Emanuela de Almeida, de 24 anos, foi convidada para a roda de conversa pela enfermeira da Estrat\u00e9gia de Sa\u00fade da Fam\u00edlia (ESF), com quem realiza o acompanhamento&nbsp;pr\u00e9-natal. \u201cEstou achando \u00f3timo. S\u00e3o muitas informa\u00e7\u00f5es importantes que at\u00e9 para quem j\u00e1 \u00e9 m\u00e3e \u00e9 novidade. Tudo feito com muito carinho. Estou gostando muito\u201d, contou a nutricionista, que fez a pintura do beb\u00ea na barriga durante o encontro para aumentar o v\u00ednculo de m\u00e3e e beb\u00ea, acolher e diminuir a ansiedade.&nbsp;<\/p>\n\n\n\n<p>A arte gestacional foi oferecida pela doula Aline Gomes, que tamb\u00e9m palestrou sobre os benef\u00edcios do parto normal. \u201cEstamos aqui para voc\u00eas terem uma experi\u00eancia positiva. Nosso corpo est\u00e1 preparado para o parto normal. Existe dor, sim. Mas a dor \u00e9 a nossa amiga e a gente precisa dela. O preparo come\u00e7a com essa conscientiza\u00e7\u00e3o no pr\u00e9-natal. Tirem todas as suas d\u00favidas. A dor \u00e9 suport\u00e1vel e esse \u00e9 o melhor meio de uma crian\u00e7a nascer. Tenho dois filhos e os dois foram de parto normal. Falo com experi\u00eancia\u201d, contou Aline.&nbsp;<\/p>\n\n\n\n<p>As futuras mam\u00e3es ainda foram informadas sobre os cinco testes que os rec\u00e9m-nascidos devem fazer: pezinho, linguinha, cora\u00e7\u00e3ozinho, olhinho e orelhinha. E como s\u00e3o recebidas na Maternidade Municipal Dr. M\u00e1rio Niajar pela gerente de enfermagem da unidade, Ana Beatriz Brum da Penha, que deu conselhos e dicas para a hora do parto.&nbsp;<\/p>\n\n\n\n<p>\u201cA hora do trabalho de parto \u00e9 um dos momentos mais importantes. E trago para as gestantes informa\u00e7\u00f5es necess\u00e1rias para um parto tranquilo com m\u00e9todos de al\u00edvio da dor. A maternidade est\u00e1 preparada para atender as m\u00e3es com humaniza\u00e7\u00e3o e com oferta de recursos que auxiliam o parto normal\u201d, finalizou a enfermeira.&nbsp;&nbsp;<\/p>\n\n\n\n<p><em>Fotos: Renan Otto<\/em><\/p>\n\n\n\n<p><strong><em>S\u00e3o Gon\u00e7alo vai mudar: Not\u00edcias de S\u00e3o Gon\u00e7alo e toda regi\u00e3o.<\/em><\/strong><\/p>\n\n\n\n<figure class=\"wp-block-image size-large\"><img decoding=\"async\" width=\"1024\" height=\"252\" src=\"https:\/\/sgvaimudar.com.br\/wp-content\/uploads\/2025\/03\/Anuncie-Aqui-Sao-Goncalo-vai-mudar-1024x252.jpg\" alt=\"\" class=\"wp-image-22693\" srcset=\"https:\/\/sgvaimudar.com.br\/wp-content\/uploads\/2025\/03\/Anuncie-Aqui-Sao-Goncalo-vai-mudar-1024x252.jpg 1024w, https:\/\/sgvaimudar.com.br\/wp-content\/uploads\/2025\/03\/Anuncie-Aqui-Sao-Goncalo-vai-mudar-300x74.jpg 300w, https:\/\/sgvaimudar.com.br\/wp-content\/uploads\/2025\/03\/Anuncie-Aqui-Sao-Goncalo-vai-mudar-768x189.jpg 768w, https:\/\/sgvaimudar.com.br\/wp-content\/uploads\/2025\/03\/Anuncie-Aqui-Sao-Goncalo-vai-mudar-1536x378.jpg 1536w, https:\/\/sgvaimudar.com.br\/wp-content\/uploads\/2025\/03\/Anuncie-Aqui-Sao-Goncalo-vai-mudar-2048x504.jpg 2048w\" sizes=\"(max-width: 1024px) 100vw, 1024px\" \/><\/figure>\n","protected":false},"excerpt":{"rendered":"<p>Roda de conversa promove integra\u00e7\u00e3o e rede de apoio Profissionais de sa\u00fade da Cl\u00ednica Municipal Gon\u00e7alense do Mutondo realizaram, nesta&hellip;<\/p>\n","protected":false},"author":5,"featured_media":30080,"comment_status":"open","ping_status":"open","sticky":false,"template":"","format":"standard","meta":{"fifu_image_url":"","fifu_image_alt":"","footnotes":""},"categories":[7],"tags":[],"class_list":["post-30078","post","type-post","status-publish","format-standard","has-post-thumbnail","hentry","category-saude"],"_links":{"self":[{"href":"https:\/\/sgvaimudar.com.br\/index.php\/wp-json\/wp\/v2\/posts\/30078","targetHints":{"allow":["GET"]}}],"collection":[{"href":"https:\/\/sgvaimudar.com.br\/index.php\/wp-json\/wp\/v2\/posts"}],"about":[{"href":"https:\/\/sgvaimudar.com.br\/index.php\/wp-json\/wp\/v2\/types\/post"}],"author":[{"embeddable":true,"href":"https:\/\/sgvaimudar.com.br\/index.php\/wp-json\/wp\/v2\/users\/5"}],"replies":[{"embeddable":true,"href":"https:\/\/sgvaimudar.com.br\/index.php\/wp-json\/wp\/v2\/comments?post=30078"}],"version-history":[{"count":1,"href":"https:\/\/sgvaimudar.com.br\/index.php\/wp-json\/wp\/v2\/posts\/30078\/revisions"}],"predecessor-version":[{"id":30081,"href":"https:\/\/sgvaimudar.com.br\/index.php\/wp-json\/wp\/v2\/posts\/30078\/revisions\/30081"}],"wp:featuredmedia":[{"embeddable":true,"href":"https:\/\/sgvaimudar.com.br\/index.php\/wp-json\/wp\/v2\/media\/30080"}],"wp:attachment":[{"href":"https:\/\/sgvaimudar.com.br\/index.php\/wp-json\/wp\/v2\/media?parent=30078"}],"wp:term":[{"taxonomy":"category","embeddable":true,"href":"https:\/\/sgvaimudar.com.br\/index.php\/wp-json\/wp\/v2\/categories?post=30078"},{"taxonomy":"post_tag","embeddable":true,"href":"https:\/\/sgvaimudar.com.br\/index.php\/wp-json\/wp\/v2\/tags?post=30078"}],"curies":[{"name":"wp","href":"https:\/\/api.w.org\/{rel}","templated":true}]}}