{"id":30054,"date":"2025-08-29T08:40:33","date_gmt":"2025-08-29T11:40:33","guid":{"rendered":"https:\/\/sgvaimudar.com.br\/?p=30054"},"modified":"2025-08-29T09:02:50","modified_gmt":"2025-08-29T12:02:50","slug":"comunidade-goncalense-acompanham-solenidade-de-passagem-de-comando-do-7o-bpm","status":"publish","type":"post","link":"https:\/\/sgvaimudar.com.br\/index.php\/2025\/08\/29\/comunidade-goncalense-acompanham-solenidade-de-passagem-de-comando-do-7o-bpm\/","title":{"rendered":"Comunidade gon\u00e7alense acompanha Solenidade de Passagem de Comando do 7\u00ba BPM"},"content":{"rendered":"\n<p><em>O coronel Lourival do Nascimento J\u00fanior vai assumir o Batalh\u00e3o<\/em><\/p>\n\n\n\n<p>Nesta sexta-feira (29\/08) o 7\u00ba Batalh\u00e3o de Pol\u00edcia Militar vai realizar a solenidade de passagem de comando. O coronel \u00c2ngelo Barbosa Castro vai encerrar sua valorosa miss\u00e3o \u00e0 frente do batalh\u00e3o e o coronel Lourival do Nascimento J\u00fanior vai assumir a lideran\u00e7a desta tropa de homens e mulheres de honra.<\/p>\n\n\n\n<p>Segundo a Secretaria de Estado de Pol\u00edcia Militar o coronel \u00c2ngelo Barbosa Castro vai  passar a integrar o 4\u00ba&nbsp;Comando&nbsp;de Policiamento de \u00c1rea &nbsp;(CPA), respons\u00e1vel pelos batalh\u00f5es de S\u00e3o Gon\u00e7alo, Niter\u00f3i, Cabo Frio e Itabora\u00ed.<\/p>\n\n\n\n<p>Segundo o \u00f3rg\u00e3o de seguran\u00e7a p\u00fablica, as mudan\u00e7as de\u00a0comando\u00a0fazem parte das rotinas da corpora\u00e7\u00e3o.\u00a0&#8220;Reafirmamos nosso compromisso com a seguran\u00e7a e a ordem p\u00fablica&#8221;, disse PM no texto.<\/p>\n\n\n\n<p>O coronel Lourival deixou o comando do 41\u00baBPM (Iraj\u00e1).\u00a0A troca de comando vai acontecer, \u00e0s 17h.<\/p>\n\n\n\n<p><strong>O S\u00e3o Gon\u00e7alo Vai Mudar,<\/strong> junto \u00e0 comunidade, deseja boas-vindas ao novo comandante. <\/p>\n\n\n\n<p><strong><em>Fa\u00e7a sua den\u00fancia pelo nosso WhatsApp: (21) <\/em><\/strong><strong><em>99744 5345<\/em><\/strong><strong><em><\/em><\/strong><\/p>\n\n\n\n<p><strong><em>S\u00e3o Gon\u00e7alo vai mudar: Not\u00edcias de S\u00e3o Gon\u00e7alo e toda regi\u00e3o.<\/em><\/strong><\/p>\n\n\n\n<figure class=\"wp-block-image size-large\"><img fetchpriority=\"high\" decoding=\"async\" width=\"1024\" height=\"252\" src=\"https:\/\/sgvaimudar.com.br\/wp-content\/uploads\/2025\/03\/Anuncie-Aqui-Sao-Goncalo-vai-mudar-1024x252.jpg\" alt=\"\" class=\"wp-image-22693\" srcset=\"https:\/\/sgvaimudar.com.br\/wp-content\/uploads\/2025\/03\/Anuncie-Aqui-Sao-Goncalo-vai-mudar-1024x252.jpg 1024w, https:\/\/sgvaimudar.com.br\/wp-content\/uploads\/2025\/03\/Anuncie-Aqui-Sao-Goncalo-vai-mudar-300x74.jpg 300w, https:\/\/sgvaimudar.com.br\/wp-content\/uploads\/2025\/03\/Anuncie-Aqui-Sao-Goncalo-vai-mudar-768x189.jpg 768w, https:\/\/sgvaimudar.com.br\/wp-content\/uploads\/2025\/03\/Anuncie-Aqui-Sao-Goncalo-vai-mudar-1536x378.jpg 1536w, https:\/\/sgvaimudar.com.br\/wp-content\/uploads\/2025\/03\/Anuncie-Aqui-Sao-Goncalo-vai-mudar-2048x504.jpg 2048w\" sizes=\"(max-width: 1024px) 100vw, 1024px\" \/><\/figure>\n","protected":false},"excerpt":{"rendered":"<p>O coronel Lourival do Nascimento J\u00fanior vai assumir o Batalh\u00e3o Nesta sexta-feira (29\/08) o 7\u00ba Batalh\u00e3o de Pol\u00edcia Militar vai&hellip;<\/p>\n","protected":false},"author":5,"featured_media":7343,"comment_status":"open","ping_status":"open","sticky":false,"template":"","format":"standard","meta":{"fifu_image_url":"","fifu_image_alt":"","footnotes":""},"categories":[32],"tags":[47,75],"class_list":["post-30054","post","type-post","status-publish","format-standard","has-post-thumbnail","hentry","category-casos-de-policia","tag-rj","tag-sao-goncalo"],"_links":{"self":[{"href":"https:\/\/sgvaimudar.com.br\/index.php\/wp-json\/wp\/v2\/posts\/30054","targetHints":{"allow":["GET"]}}],"collection":[{"href":"https:\/\/sgvaimudar.com.br\/index.php\/wp-json\/wp\/v2\/posts"}],"about":[{"href":"https:\/\/sgvaimudar.com.br\/index.php\/wp-json\/wp\/v2\/types\/post"}],"author":[{"embeddable":true,"href":"https:\/\/sgvaimudar.com.br\/index.php\/wp-json\/wp\/v2\/users\/5"}],"replies":[{"embeddable":true,"href":"https:\/\/sgvaimudar.com.br\/index.php\/wp-json\/wp\/v2\/comments?post=30054"}],"version-history":[{"count":4,"href":"https:\/\/sgvaimudar.com.br\/index.php\/wp-json\/wp\/v2\/posts\/30054\/revisions"}],"predecessor-version":[{"id":30061,"href":"https:\/\/sgvaimudar.com.br\/index.php\/wp-json\/wp\/v2\/posts\/30054\/revisions\/30061"}],"wp:featuredmedia":[{"embeddable":true,"href":"https:\/\/sgvaimudar.com.br\/index.php\/wp-json\/wp\/v2\/media\/7343"}],"wp:attachment":[{"href":"https:\/\/sgvaimudar.com.br\/index.php\/wp-json\/wp\/v2\/media?parent=30054"}],"wp:term":[{"taxonomy":"category","embeddable":true,"href":"https:\/\/sgvaimudar.com.br\/index.php\/wp-json\/wp\/v2\/categories?post=30054"},{"taxonomy":"post_tag","embeddable":true,"href":"https:\/\/sgvaimudar.com.br\/index.php\/wp-json\/wp\/v2\/tags?post=30054"}],"curies":[{"name":"wp","href":"https:\/\/api.w.org\/{rel}","templated":true}]}}