{"id":30051,"date":"2025-08-29T09:00:00","date_gmt":"2025-08-29T12:00:00","guid":{"rendered":"https:\/\/sgvaimudar.com.br\/?p=30051"},"modified":"2025-08-29T08:53:58","modified_gmt":"2025-08-29T11:53:58","slug":"goncalenses-vao-aproveitar-fim-de-semana-cheio-de-eventos-para-celebrar-a-pratica-esportiva","status":"publish","type":"post","link":"https:\/\/sgvaimudar.com.br\/index.php\/2025\/08\/29\/goncalenses-vao-aproveitar-fim-de-semana-cheio-de-eventos-para-celebrar-a-pratica-esportiva\/","title":{"rendered":"Gon\u00e7alenses v\u00e3o aproveitar fim de semana cheio de eventos para celebrar a pr\u00e1tica esportiva"},"content":{"rendered":"\n<p><em>S\u00e3o Gon\u00e7alo vai ter eventos de fisiculturismo, de lutas e caminhada<\/em><\/p>\n\n\n\n<p>Os gon\u00e7alenses v\u00e3o poder saber mais sobre o universo fitness no 1\u00ba Campeonato Municipal de Fisiculturismo, no Clube Mau\u00e1, neste s\u00e1bado (30\/08). J\u00e1 no domingo (31), vai ocorrer a 14\u00aa Ta\u00e7a Rio de Janeiro de Artes Marciais, na Quadra Poliesportiva Henrique Lage, na Venda da Cruz. Os eventos s\u00e3o proporcionados pela Secretaria de Esporte e Lazer (Semel) da Prefeitura de S\u00e3o Gon\u00e7alo.<\/p>\n\n\n\n<p>&#8220;Com o intuito de incentivar a pr\u00e1tica de esportes e valorizar os atletas da cidade, a Semel vai realizar a competi\u00e7\u00e3o de fisiculturismo MR S\u00e3o Gon\u00e7alo, em parceria com a Federa\u00e7\u00e3o de Culturismo do Rio de Janeiro, e chancelada pela Confedera\u00e7\u00e3o Brasileira de Culturismo, Muscula\u00e7\u00e3o e Fitness&#8221;, disse o Executivo no texto. <\/p>\n\n\n\n<figure class=\"wp-block-image size-large\"><img fetchpriority=\"high\" decoding=\"async\" width=\"1024\" height=\"970\" src=\"https:\/\/sgvaimudar.com.br\/wp-content\/uploads\/2025\/08\/unnamed-12-5-1024x970.jpg\" alt=\"\" class=\"wp-image-30052\" srcset=\"https:\/\/sgvaimudar.com.br\/wp-content\/uploads\/2025\/08\/unnamed-12-5-1024x970.jpg 1024w, https:\/\/sgvaimudar.com.br\/wp-content\/uploads\/2025\/08\/unnamed-12-5-300x284.jpg 300w, https:\/\/sgvaimudar.com.br\/wp-content\/uploads\/2025\/08\/unnamed-12-5-768x727.jpg 768w, https:\/\/sgvaimudar.com.br\/wp-content\/uploads\/2025\/08\/unnamed-12-5.jpg 1080w\" sizes=\"(max-width: 1024px) 100vw, 1024px\" \/><\/figure>\n\n\n\n<p>O evento acontece no Clube Esportivo Mau\u00e1, no Centro, \u00e0s 8h, e recebe como entrada um quilo de alimento n\u00e3o perec\u00edvel, para ser doado a institui\u00e7\u00f5es sociais da cidade.&nbsp;<\/p>\n\n\n\n<p>No domingo, 180 atletas de artes marciais v\u00e3o participar da 14\u00aa Ta\u00e7a Rio de Janeiro. O campeonato \u00e9 organizado pela Federa\u00e7\u00e3o Interestadual de Kickboxing e Artes Marciais (FIKAM) e executado pela Secretaria de Esporte e Lazer. Lutadores de 8 a 40 anos v\u00e3o disputar nas modalidades Kickboxing, Kick light, Point Fight e Musical Forms. O p\u00fablico vai poder conferir o evento, que tem entrada livre e gratuita, na Quadra Poliesportiva Henrique Lage, a partir das 10h.<\/p>\n\n\n\n<p>Tamb\u00e9m no s\u00e1bado (30), a Semel vai prestar apoio \u00e0 caminhada \u201cOnda Verde&#8221;, em alus\u00e3o ao Dia do Profissional de Educa\u00e7\u00e3o F\u00edsica, comemorado no dia 1\u00ba de setembro. <\/p>\n\n\n\n<p>A iniciativa \u00e9 do Conselho Regional de Educa\u00e7\u00e3o F\u00edsica (Cref) e tem como objetivo destacar o exerc\u00edcio como pr\u00e1tica essencial \u00e0 sa\u00fade e valorizar os profissionais de educa\u00e7\u00e3o f\u00edsica. A concentra\u00e7\u00e3o para a caminhada ser\u00e1 \u00e0s 7h, em frente \u00e0 Igreja Universal, na Rua Jaime Figueiredo e ser\u00e1 finalizada na Pra\u00e7a dos Ex-Combatentes, no Patronato.<\/p>\n\n\n\n<p><strong><em>S\u00e3o Gon\u00e7alo vai mudar: Not\u00edcias de S\u00e3o Gon\u00e7alo e toda regi\u00e3o.<\/em><\/strong><\/p>\n\n\n\n<figure class=\"wp-block-image size-large\"><img decoding=\"async\" width=\"1024\" height=\"252\" src=\"https:\/\/sgvaimudar.com.br\/wp-content\/uploads\/2025\/03\/Anuncie-Aqui-Sao-Goncalo-vai-mudar-1024x252.jpg\" alt=\"\" class=\"wp-image-22693\" srcset=\"https:\/\/sgvaimudar.com.br\/wp-content\/uploads\/2025\/03\/Anuncie-Aqui-Sao-Goncalo-vai-mudar-1024x252.jpg 1024w, https:\/\/sgvaimudar.com.br\/wp-content\/uploads\/2025\/03\/Anuncie-Aqui-Sao-Goncalo-vai-mudar-300x74.jpg 300w, https:\/\/sgvaimudar.com.br\/wp-content\/uploads\/2025\/03\/Anuncie-Aqui-Sao-Goncalo-vai-mudar-768x189.jpg 768w, https:\/\/sgvaimudar.com.br\/wp-content\/uploads\/2025\/03\/Anuncie-Aqui-Sao-Goncalo-vai-mudar-1536x378.jpg 1536w, https:\/\/sgvaimudar.com.br\/wp-content\/uploads\/2025\/03\/Anuncie-Aqui-Sao-Goncalo-vai-mudar-2048x504.jpg 2048w\" sizes=\"(max-width: 1024px) 100vw, 1024px\" \/><\/figure>\n","protected":false},"excerpt":{"rendered":"<p>S\u00e3o Gon\u00e7alo vai ter eventos de fisiculturismo, de lutas e caminhada Os gon\u00e7alenses v\u00e3o poder saber mais sobre o universo&hellip;<\/p>\n","protected":false},"author":5,"featured_media":28634,"comment_status":"open","ping_status":"open","sticky":false,"template":"","format":"standard","meta":{"fifu_image_url":"","fifu_image_alt":"","footnotes":""},"categories":[5],"tags":[47,75],"class_list":["post-30051","post","type-post","status-publish","format-standard","has-post-thumbnail","hentry","category-esportes","tag-rj","tag-sao-goncalo"],"_links":{"self":[{"href":"https:\/\/sgvaimudar.com.br\/index.php\/wp-json\/wp\/v2\/posts\/30051","targetHints":{"allow":["GET"]}}],"collection":[{"href":"https:\/\/sgvaimudar.com.br\/index.php\/wp-json\/wp\/v2\/posts"}],"about":[{"href":"https:\/\/sgvaimudar.com.br\/index.php\/wp-json\/wp\/v2\/types\/post"}],"author":[{"embeddable":true,"href":"https:\/\/sgvaimudar.com.br\/index.php\/wp-json\/wp\/v2\/users\/5"}],"replies":[{"embeddable":true,"href":"https:\/\/sgvaimudar.com.br\/index.php\/wp-json\/wp\/v2\/comments?post=30051"}],"version-history":[{"count":2,"href":"https:\/\/sgvaimudar.com.br\/index.php\/wp-json\/wp\/v2\/posts\/30051\/revisions"}],"predecessor-version":[{"id":30057,"href":"https:\/\/sgvaimudar.com.br\/index.php\/wp-json\/wp\/v2\/posts\/30051\/revisions\/30057"}],"wp:featuredmedia":[{"embeddable":true,"href":"https:\/\/sgvaimudar.com.br\/index.php\/wp-json\/wp\/v2\/media\/28634"}],"wp:attachment":[{"href":"https:\/\/sgvaimudar.com.br\/index.php\/wp-json\/wp\/v2\/media?parent=30051"}],"wp:term":[{"taxonomy":"category","embeddable":true,"href":"https:\/\/sgvaimudar.com.br\/index.php\/wp-json\/wp\/v2\/categories?post=30051"},{"taxonomy":"post_tag","embeddable":true,"href":"https:\/\/sgvaimudar.com.br\/index.php\/wp-json\/wp\/v2\/tags?post=30051"}],"curies":[{"name":"wp","href":"https:\/\/api.w.org\/{rel}","templated":true}]}}