{"id":30029,"date":"2025-08-28T15:24:06","date_gmt":"2025-08-28T18:24:06","guid":{"rendered":"https:\/\/sgvaimudar.com.br\/?p=30029"},"modified":"2025-08-28T15:39:03","modified_gmt":"2025-08-28T18:39:03","slug":"acusado-de-furto-de-celular-de-passageiro-de-aplicativo-e-preso-em-niteroi-video","status":"publish","type":"post","link":"https:\/\/sgvaimudar.com.br\/index.php\/2025\/08\/28\/acusado-de-furto-de-celular-de-passageiro-de-aplicativo-e-preso-em-niteroi-video\/","title":{"rendered":"Acusado de furto de celular de passageiro de aplicativo \u00e9 preso em Niter\u00f3i; V\u00eddeo"},"content":{"rendered":"\n<p>V\u00edtima de 20 anos teve o telefone furtado na descida da Ponte Rio-Niter\u00f3i<\/p>\n\n\n\n<p>Um homem, identificado como Rafael da Silva Soares Gomes, de 28 anos, acusado de furtar um telefone, foi preso na Rua Benjamin Constant, no Largo das Barradas, em Niter\u00f3i, na noite desta quarta-feira (27\/08). Segundo a pol\u00edcia, a v\u00edtima informou aos agentes do 12\u00baBPM sobre as caracter\u00edsticas de Rafael da Silva informando ainda que seu aparelho celular foi roubado enquanto desembarcava do Uber.<\/p>\n\n\n\n<figure class=\"wp-block-video\"><video height=\"480\" style=\"aspect-ratio: 848 \/ 480;\" width=\"848\" controls src=\"https:\/\/sgvaimudar.com.br\/wp-content\/uploads\/2025\/08\/VID-20250828-WA0081.mp4\"><\/video><\/figure>\n\n\n\n<p>De acordo com as informa\u00e7\u00f5es dos militares, a v\u00edtima, de 20 anos, foi furtada logo na descida da Ponte Rio-Niter\u00f3i. A equipe da R\u00e1dio Patrulha,  Setor Juliet, realizou as buscas na regi\u00e3o, em conjunto com agentes da Opera\u00e7\u00e3o Seguran\u00e7a Presente.<\/p>\n\n\n\n<p>Na a\u00e7\u00e3o, a guarni\u00e7\u00e3o procedeu com as partes \u00e0 76\u00aaDP (Centro) para o registro. Segundo os agentes, Rafael da Silva foi autuado em flagrante delito pelo crime de furto, descrito no artigo 155 do c\u00f3digo penal e permaneceu preso.<\/p>\n\n\n\n<figure class=\"wp-block-image size-large is-resized\"><img fetchpriority=\"high\" decoding=\"async\" width=\"576\" height=\"1024\" src=\"https:\/\/sgvaimudar.com.br\/wp-content\/uploads\/2025\/08\/IMG-20250828-WA0077-1-576x1024.jpg\" alt=\"\" class=\"wp-image-30036\" style=\"aspect-ratio:0.5625;width:693px;height:auto\" srcset=\"https:\/\/sgvaimudar.com.br\/wp-content\/uploads\/2025\/08\/IMG-20250828-WA0077-1-576x1024.jpg 576w, https:\/\/sgvaimudar.com.br\/wp-content\/uploads\/2025\/08\/IMG-20250828-WA0077-1-169x300.jpg 169w, https:\/\/sgvaimudar.com.br\/wp-content\/uploads\/2025\/08\/IMG-20250828-WA0077-1.jpg 720w\" sizes=\"(max-width: 576px) 100vw, 576px\" \/><\/figure>\n\n\n\n<p><strong><em>Fa\u00e7a sua den\u00fancia pelo nosso WhatsApp: (21) <\/em><\/strong><strong><em>99744 5345<\/em><\/strong><strong><em><\/em><\/strong><\/p>\n\n\n\n<p><strong><em>S\u00e3o Gon\u00e7alo vai mudar: Not\u00edcias de S\u00e3o Gon\u00e7alo e toda regi\u00e3o.<\/em><\/strong><\/p>\n\n\n\n<figure class=\"wp-block-image size-large\"><img decoding=\"async\" width=\"1024\" height=\"252\" src=\"https:\/\/sgvaimudar.com.br\/wp-content\/uploads\/2025\/03\/Anuncie-Aqui-Sao-Goncalo-vai-mudar-1024x252.jpg\" alt=\"\" class=\"wp-image-22693\" srcset=\"https:\/\/sgvaimudar.com.br\/wp-content\/uploads\/2025\/03\/Anuncie-Aqui-Sao-Goncalo-vai-mudar-1024x252.jpg 1024w, https:\/\/sgvaimudar.com.br\/wp-content\/uploads\/2025\/03\/Anuncie-Aqui-Sao-Goncalo-vai-mudar-300x74.jpg 300w, https:\/\/sgvaimudar.com.br\/wp-content\/uploads\/2025\/03\/Anuncie-Aqui-Sao-Goncalo-vai-mudar-768x189.jpg 768w, https:\/\/sgvaimudar.com.br\/wp-content\/uploads\/2025\/03\/Anuncie-Aqui-Sao-Goncalo-vai-mudar-1536x378.jpg 1536w, https:\/\/sgvaimudar.com.br\/wp-content\/uploads\/2025\/03\/Anuncie-Aqui-Sao-Goncalo-vai-mudar-2048x504.jpg 2048w\" sizes=\"(max-width: 1024px) 100vw, 1024px\" \/><\/figure>\n","protected":false},"excerpt":{"rendered":"<p>V\u00edtima de 20 anos teve o telefone furtado na descida da Ponte Rio-Niter\u00f3i Um homem, identificado como Rafael da Silva&hellip;<\/p>\n","protected":false},"author":5,"featured_media":30035,"comment_status":"open","ping_status":"open","sticky":false,"template":"","format":"standard","meta":{"fifu_image_url":"","fifu_image_alt":"","footnotes":""},"categories":[32],"tags":[39,41,40,47],"class_list":["post-30029","post","type-post","status-publish","format-standard","has-post-thumbnail","hentry","category-casos-de-policia","tag-ataque","tag-conflito","tag-guerra","tag-rj"],"_links":{"self":[{"href":"https:\/\/sgvaimudar.com.br\/index.php\/wp-json\/wp\/v2\/posts\/30029","targetHints":{"allow":["GET"]}}],"collection":[{"href":"https:\/\/sgvaimudar.com.br\/index.php\/wp-json\/wp\/v2\/posts"}],"about":[{"href":"https:\/\/sgvaimudar.com.br\/index.php\/wp-json\/wp\/v2\/types\/post"}],"author":[{"embeddable":true,"href":"https:\/\/sgvaimudar.com.br\/index.php\/wp-json\/wp\/v2\/users\/5"}],"replies":[{"embeddable":true,"href":"https:\/\/sgvaimudar.com.br\/index.php\/wp-json\/wp\/v2\/comments?post=30029"}],"version-history":[{"count":5,"href":"https:\/\/sgvaimudar.com.br\/index.php\/wp-json\/wp\/v2\/posts\/30029\/revisions"}],"predecessor-version":[{"id":30039,"href":"https:\/\/sgvaimudar.com.br\/index.php\/wp-json\/wp\/v2\/posts\/30029\/revisions\/30039"}],"wp:featuredmedia":[{"embeddable":true,"href":"https:\/\/sgvaimudar.com.br\/index.php\/wp-json\/wp\/v2\/media\/30035"}],"wp:attachment":[{"href":"https:\/\/sgvaimudar.com.br\/index.php\/wp-json\/wp\/v2\/media?parent=30029"}],"wp:term":[{"taxonomy":"category","embeddable":true,"href":"https:\/\/sgvaimudar.com.br\/index.php\/wp-json\/wp\/v2\/categories?post=30029"},{"taxonomy":"post_tag","embeddable":true,"href":"https:\/\/sgvaimudar.com.br\/index.php\/wp-json\/wp\/v2\/tags?post=30029"}],"curies":[{"name":"wp","href":"https:\/\/api.w.org\/{rel}","templated":true}]}}