{"id":30025,"date":"2025-08-28T20:00:00","date_gmt":"2025-08-28T23:00:00","guid":{"rendered":"https:\/\/sgvaimudar.com.br\/?p=30025"},"modified":"2025-08-28T10:05:51","modified_gmt":"2025-08-28T13:05:51","slug":"atletas-do-rio-vao-competir-nos-jogos-da-juventude-2025-em-brasilia","status":"publish","type":"post","link":"https:\/\/sgvaimudar.com.br\/index.php\/2025\/08\/28\/atletas-do-rio-vao-competir-nos-jogos-da-juventude-2025-em-brasilia\/","title":{"rendered":"Atletas do Rio v\u00e3o competir nos Jogos da Juventude 2025 em Bras\u00edlia"},"content":{"rendered":"\n<p><em>Resultados obtidos na edi\u00e7\u00e3o estadual dos Jogos Escolares garantem presen\u00e7a do Time RJ nas 19 modalidades do evento nacional<\/em><\/p>\n\n\n\n<p>De malas prontas para Bras\u00edlia! Com a bagagem cheia de disposi\u00e7\u00e3o e um kit completo de uniforme e acess\u00f3rios. Assim embarcam, a partir do dia 8 de setembro, os 184 estudantes-atletas, 32 t\u00e9cnicos, 6 assistentes t\u00e9cnicos e 6 dirigentes, que v\u00e3o representar, em setembro, o Estado pelo Time RJ em todas as 19 modalidades dos Jogos da Juventude 2025. <\/p>\n\n\n\n<p>A competi\u00e7\u00e3o acontece entre os dias 10 e 25 de setembro, e nesta quarta-feira (27\/08), em cerim\u00f4nia no Pal\u00e1cio Guanabara, a equipe recebeu das m\u00e3os do governador Cl\u00e1udio Castro e\u00a0 do secret\u00e1rio de Esporte e Lazer Rafael Picciani, todos os itens necess\u00e1rios para esta edi\u00e7\u00e3o.<\/p>\n\n\n\n<figure class=\"wp-block-image size-large\"><img fetchpriority=\"high\" decoding=\"async\" width=\"1024\" height=\"683\" src=\"https:\/\/sgvaimudar.com.br\/wp-content\/uploads\/2025\/08\/P_L_5000-1024x683.jpg\" alt=\"\" class=\"wp-image-30027\" srcset=\"https:\/\/sgvaimudar.com.br\/wp-content\/uploads\/2025\/08\/P_L_5000-1024x683.jpg 1024w, https:\/\/sgvaimudar.com.br\/wp-content\/uploads\/2025\/08\/P_L_5000-300x200.jpg 300w, https:\/\/sgvaimudar.com.br\/wp-content\/uploads\/2025\/08\/P_L_5000-768x512.jpg 768w, https:\/\/sgvaimudar.com.br\/wp-content\/uploads\/2025\/08\/P_L_5000-1536x1024.jpg 1536w, https:\/\/sgvaimudar.com.br\/wp-content\/uploads\/2025\/08\/P_L_5000-2048x1365.jpg 2048w\" sizes=\"(max-width: 1024px) 100vw, 1024px\" \/><\/figure>\n\n\n\n<p>Na ocasi\u00e3o, a delega\u00e7\u00e3o foi homenageada com um \u00e1lbum de figurinhas personalizado, repleto de imagens de todos os estudantes-atletas e da comiss\u00e3o t\u00e9cnica do Time RJ. A ideia foi transformar em mem\u00f3ria viva esse momento marcante da vida destes jovens, que brilharam e tiveram destaque na edi\u00e7\u00e3o estadual dos Jogos Escolares (JERJ).<\/p>\n\n\n\n<p>&nbsp;&#8211; Nada me deixa mais orgulhoso do que ver nossos atletas levando o talento e a dedica\u00e7\u00e3o do povo fluminense para o Brasil. Nossa miss\u00e3o \u00e9 valorizar o esporte de base e incentivar a forma\u00e7\u00e3o desses estudantes. Tamb\u00e9m estamos aqui lembrando a import\u00e2ncia do Bolsa Atleta RJ, nosso programa que d\u00e1 suporte \u00e0 uma rotina de disciplina, pr\u00e1tica esportiva, proporcionando sonhos e garantindo cidadania a esta equipe. Todos aqui j\u00e1 deram o primeiro passo para receberem o benef\u00edcio \u2013 ressaltou o governador.<br><br><strong>A competi\u00e7\u00e3o<\/strong><\/p>\n\n\n\n<p>Os Jogos da Juventude acontecem anualmente, sempre em estados diferentes, e s\u00e3o organizados pelo Comit\u00ea Ol\u00edmpico do Brasil (COB). Desde 2000, o evento tem sido chave pra revelar craques do esporte no Brasil. Cerca de 5 mil jovens atletas de todas as regi\u00f5es do pa\u00eds disputar\u00e3o medalhas nesta edi\u00e7\u00e3o. Os jovens t\u00eam at\u00e9 17 anos e s\u00e3o de escolas p\u00fablicas e privadas de todo o Brasil.<\/p>\n\n\n\n<p>&nbsp;&#8211; Mais uma oportunidade de refor\u00e7ar o compromisso do Estado com o esporte e a juventude, estimular os atletas, reconhecendo publicamente seus m\u00e9ritos, e comunicar \u00e0 sociedade a import\u00e2ncia deste tipo de investimento como ferramenta de transforma\u00e7\u00e3o social e inclus\u00e3o \u2013 refor\u00e7ou o secret\u00e1rio de Esporte, Rafael Picciani.<\/p>\n\n\n\n<p><strong>Sonhos por medalhas<\/strong><\/p>\n\n\n\n<p>Aos 16 anos, o judoca Rafael Alves Fonseca \u00e9 um dos grandes destaques do esporte escolar no Rio de Janeiro. Morador da comunidade de Rio das Pedras, em Jacarepagu\u00e1, ele cresceu cercado pela for\u00e7a e dedica\u00e7\u00e3o de sua m\u00e3e, Karla Barbosa, e de sua av\u00f3, Maria da Guia Barbosa. Sem a presen\u00e7a do pai desde a inf\u00e2ncia, Rafael aprendeu cedo que os obst\u00e1culos s\u00f3 podem ser vencidos com resili\u00eancia e coragem.<\/p>\n\n\n\n<p>&#8211; &nbsp;O frio na barriga faz parte antes de entrar em qualquer competi\u00e7\u00e3o e estou indo para trazer medalhas. Desfilar no evento com o uniforme do Time RJ vai ser muito bom, ser\u00e1 um momento hist\u00f3rico &#8211; comentou Rafael.<\/p>\n\n\n\n<p>Medalhista de prata nas \u00faltimas duas edi\u00e7\u00f5es dos Jogos da Juventude, a ginasta Helena Guimar\u00e3es, de 14 anos, sonha pela busca da medalha de ouro.<br><br>&#8211; \u00a0Estou muito feliz de participar desse time, de estar representando o Time RJ. Ansiosa para chegar \u00e0 competi\u00e7\u00e3o e recebendo esse kit hoje do Governo do Rio, faz toda a diferen\u00e7a para os atletas que estar\u00e3o l\u00e1 em Bras\u00edlia. Eu espero trazer uma medalha para a gente \u2013 disse a atleta do Time RJ.<\/p>\n\n\n\n<p><strong><em>#SAOGONCALOVAIMUDAR<\/em><\/strong><\/p>\n\n\n\n<figure class=\"wp-block-image size-full\"><img decoding=\"async\" width=\"250\" height=\"87\" src=\"https:\/\/sgvaimudar.com.br\/wp-content\/uploads\/2023\/08\/cropped-Logo.png\" alt=\"\" class=\"wp-image-2739\" \/><\/figure>\n","protected":false},"excerpt":{"rendered":"<p>Resultados obtidos na edi\u00e7\u00e3o estadual dos Jogos Escolares garantem presen\u00e7a do Time RJ nas 19 modalidades do evento nacional De&hellip;<\/p>\n","protected":false},"author":5,"featured_media":30026,"comment_status":"open","ping_status":"open","sticky":false,"template":"","format":"standard","meta":{"fifu_image_url":"","fifu_image_alt":"","footnotes":""},"categories":[5],"tags":[47],"class_list":["post-30025","post","type-post","status-publish","format-standard","has-post-thumbnail","hentry","category-esportes","tag-rj"],"_links":{"self":[{"href":"https:\/\/sgvaimudar.com.br\/index.php\/wp-json\/wp\/v2\/posts\/30025","targetHints":{"allow":["GET"]}}],"collection":[{"href":"https:\/\/sgvaimudar.com.br\/index.php\/wp-json\/wp\/v2\/posts"}],"about":[{"href":"https:\/\/sgvaimudar.com.br\/index.php\/wp-json\/wp\/v2\/types\/post"}],"author":[{"embeddable":true,"href":"https:\/\/sgvaimudar.com.br\/index.php\/wp-json\/wp\/v2\/users\/5"}],"replies":[{"embeddable":true,"href":"https:\/\/sgvaimudar.com.br\/index.php\/wp-json\/wp\/v2\/comments?post=30025"}],"version-history":[{"count":1,"href":"https:\/\/sgvaimudar.com.br\/index.php\/wp-json\/wp\/v2\/posts\/30025\/revisions"}],"predecessor-version":[{"id":30028,"href":"https:\/\/sgvaimudar.com.br\/index.php\/wp-json\/wp\/v2\/posts\/30025\/revisions\/30028"}],"wp:featuredmedia":[{"embeddable":true,"href":"https:\/\/sgvaimudar.com.br\/index.php\/wp-json\/wp\/v2\/media\/30026"}],"wp:attachment":[{"href":"https:\/\/sgvaimudar.com.br\/index.php\/wp-json\/wp\/v2\/media?parent=30025"}],"wp:term":[{"taxonomy":"category","embeddable":true,"href":"https:\/\/sgvaimudar.com.br\/index.php\/wp-json\/wp\/v2\/categories?post=30025"},{"taxonomy":"post_tag","embeddable":true,"href":"https:\/\/sgvaimudar.com.br\/index.php\/wp-json\/wp\/v2\/tags?post=30025"}],"curies":[{"name":"wp","href":"https:\/\/api.w.org\/{rel}","templated":true}]}}