{"id":30022,"date":"2025-08-28T18:00:00","date_gmt":"2025-08-28T21:00:00","guid":{"rendered":"https:\/\/sgvaimudar.com.br\/?p=30022"},"modified":"2025-08-28T09:56:56","modified_gmt":"2025-08-28T12:56:56","slug":"final-do-2o-festival-de-seresta-de-sao-goncalo-foi-um-sucesso","status":"publish","type":"post","link":"https:\/\/sgvaimudar.com.br\/index.php\/2025\/08\/28\/final-do-2o-festival-de-seresta-de-sao-goncalo-foi-um-sucesso\/","title":{"rendered":"Final do 2\u00ba Festival de Seresta de S\u00e3o Gon\u00e7alo foi um sucesso"},"content":{"rendered":"\n<p><em>Evento celebrou a m\u00fasica como express\u00e3o popular e reafirmou a import\u00e2ncia da seresta para a cultura gon\u00e7alense<\/em><\/p>\n\n\n\n<p>O 2\u00ba Festival de Seresta de S\u00e3o Gon\u00e7alo encerrado recentemente consagrou Mariana Ferreira como grande campe\u00e3 e foi emocionante. O projeto, al\u00e9m de revelar<br>talentos, celebrou a seresta como express\u00e3o art\u00edstica popular e reafirmou sua<br>import\u00e2ncia na preserva\u00e7\u00e3o da mem\u00f3ria cultural da cidade.<\/p>\n\n\n\n<p>Toda a programa\u00e7\u00e3o \u2014 desde a seletiva realizada em 12 de agosto at\u00e9 a semifinal e a<br>grande final \u2014 aconteceu no Centro de Tradi\u00e7\u00f5es Nordestinas de S\u00e3o Gon\u00e7alo,<br>refor\u00e7ando a valoriza\u00e7\u00e3o dos equipamentos culturais do munic\u00edpio.<br><\/p>\n\n\n\n<p>O p\u00f3dio foi exclusivamente feminino: V\u00e2nia Maria conquistou o segundo lugar e<br>Viviane Waldemar ficou em terceiro. Os vencedores receberam premia\u00e7\u00f5es em dinheiro: 1\u00ba lugar \u2013 R$ 300,00, 2\u00ba lugar \u2013 R$ 200,00 e 3\u00ba lugar \u2013 R$ 100,00.<\/p>\n\n\n\n<p>A campe\u00e3 Mariana Ferreira emocionou o p\u00fablico ao interpretar tr\u00eas cl\u00e1ssicos que<br>dialogam diretamente com a tradi\u00e7\u00e3o da seresta: Rosa, de Pixinguinha; Senhor da<br>Can\u00e7\u00e3o, de Augusto Calheiros; e \u00cdndia, um cl\u00e1ssico da m\u00fasica sertaneja brasileira,<br>composto originalmente no Paraguai por Jos\u00e9 Asunci\u00f3n Flores e Manuel Ortiz<br>Guerrero, eternizado no Brasil pela dupla Cascatinha &amp; Inhana na d\u00e9cada de 1950.<\/p>\n\n\n\n<p>A final contou com acompanhamento ao vivo de um quarteto de seresta, formado por<br>S\u00e9rgio Silva (viol\u00e3o), Valdir Silva (cavaquinho), Luiz Carlos (pandeiro) e Marquinho<br>Silva (percuss\u00e3o). O corpo de jurados foi composto pelo radialista Edson Oliveira, o<br>m\u00fasico e professor Adauto de Souza e o cantor Ot\u00e1vio Almeida.<\/p>\n\n\n\n<p>A seresta \u00e9 um dos g\u00eaneros mais representativos da m\u00fasica brasileira, marcada pelo<br>lirismo e pelas serenatas que atravessaram gera\u00e7\u00f5es. Em S\u00e3o Gon\u00e7alo, iniciativas como<br>o festival ajudam a manter viva essa tradi\u00e7\u00e3o, incentivando novos int\u00e9rpretes e<br>valorizando o legado de grandes mestres da can\u00e7\u00e3o.<\/p>\n\n\n\n<p>Respons\u00e1vel pela produ\u00e7\u00e3o e tamb\u00e9m apresentador do festival, Robert Freitas destacou a import\u00e2ncia do apoio institucional e da preserva\u00e7\u00e3o desse g\u00eanero musical:<br>\u201cFico muito feliz em ter esse apoio da Secretaria de Cultura de S\u00e3o Gon\u00e7alo. Agrade\u00e7o<br>\u00e0 secret\u00e1ria J\u00falia Sobreira pela continuidade e por tornar poss\u00edvel o 2\u00ba Festival de<br>Seresta. A seresta faz parte da nossa hist\u00f3ria e merece ser celebrada em S\u00e3o Gon\u00e7alo\u201d,<br>afirmou o produtor.<\/p>\n\n\n\n<p>A primeira edi\u00e7\u00e3o do festival aconteceu em 2022. Ap\u00f3s tr\u00eas anos, o evento retornou em 2025 e se consolidou como parte do calend\u00e1rio cultural da cidade, reafirmando a<br>seresta como patrim\u00f4nio afetivo e art\u00edstico de S\u00e3o Gon\u00e7alo.<\/p>\n\n\n\n<p>O evento idealizado por Robert Freitas e contemplado pela Lei Paulo Gustavo<br>reuniu talentos e celebrou a tradi\u00e7\u00e3o da seresta na cidade.<\/p>\n\n\n\n<p><strong><em>S\u00e3o Gon\u00e7alo vai mudar: Not\u00edcias de S\u00e3o Gon\u00e7alo e toda regi\u00e3o.<\/em><\/strong><\/p>\n\n\n\n<figure class=\"wp-block-image size-large\"><img fetchpriority=\"high\" decoding=\"async\" width=\"1024\" height=\"252\" src=\"https:\/\/sgvaimudar.com.br\/wp-content\/uploads\/2025\/03\/Anuncie-Aqui-Sao-Goncalo-vai-mudar-1024x252.jpg\" alt=\"\" class=\"wp-image-22693\" srcset=\"https:\/\/sgvaimudar.com.br\/wp-content\/uploads\/2025\/03\/Anuncie-Aqui-Sao-Goncalo-vai-mudar-1024x252.jpg 1024w, https:\/\/sgvaimudar.com.br\/wp-content\/uploads\/2025\/03\/Anuncie-Aqui-Sao-Goncalo-vai-mudar-300x74.jpg 300w, https:\/\/sgvaimudar.com.br\/wp-content\/uploads\/2025\/03\/Anuncie-Aqui-Sao-Goncalo-vai-mudar-768x189.jpg 768w, https:\/\/sgvaimudar.com.br\/wp-content\/uploads\/2025\/03\/Anuncie-Aqui-Sao-Goncalo-vai-mudar-1536x378.jpg 1536w, https:\/\/sgvaimudar.com.br\/wp-content\/uploads\/2025\/03\/Anuncie-Aqui-Sao-Goncalo-vai-mudar-2048x504.jpg 2048w\" sizes=\"(max-width: 1024px) 100vw, 1024px\" \/><\/figure>\n","protected":false},"excerpt":{"rendered":"<p>Evento celebrou a m\u00fasica como express\u00e3o popular e reafirmou a import\u00e2ncia da seresta para a cultura gon\u00e7alense O 2\u00ba Festival&hellip;<\/p>\n","protected":false},"author":5,"featured_media":30023,"comment_status":"open","ping_status":"open","sticky":false,"template":"","format":"standard","meta":{"fifu_image_url":"","fifu_image_alt":"","footnotes":""},"categories":[6],"tags":[47,75],"class_list":["post-30022","post","type-post","status-publish","format-standard","has-post-thumbnail","hentry","category-entretenimento","tag-rj","tag-sao-goncalo"],"_links":{"self":[{"href":"https:\/\/sgvaimudar.com.br\/index.php\/wp-json\/wp\/v2\/posts\/30022","targetHints":{"allow":["GET"]}}],"collection":[{"href":"https:\/\/sgvaimudar.com.br\/index.php\/wp-json\/wp\/v2\/posts"}],"about":[{"href":"https:\/\/sgvaimudar.com.br\/index.php\/wp-json\/wp\/v2\/types\/post"}],"author":[{"embeddable":true,"href":"https:\/\/sgvaimudar.com.br\/index.php\/wp-json\/wp\/v2\/users\/5"}],"replies":[{"embeddable":true,"href":"https:\/\/sgvaimudar.com.br\/index.php\/wp-json\/wp\/v2\/comments?post=30022"}],"version-history":[{"count":1,"href":"https:\/\/sgvaimudar.com.br\/index.php\/wp-json\/wp\/v2\/posts\/30022\/revisions"}],"predecessor-version":[{"id":30024,"href":"https:\/\/sgvaimudar.com.br\/index.php\/wp-json\/wp\/v2\/posts\/30022\/revisions\/30024"}],"wp:featuredmedia":[{"embeddable":true,"href":"https:\/\/sgvaimudar.com.br\/index.php\/wp-json\/wp\/v2\/media\/30023"}],"wp:attachment":[{"href":"https:\/\/sgvaimudar.com.br\/index.php\/wp-json\/wp\/v2\/media?parent=30022"}],"wp:term":[{"taxonomy":"category","embeddable":true,"href":"https:\/\/sgvaimudar.com.br\/index.php\/wp-json\/wp\/v2\/categories?post=30022"},{"taxonomy":"post_tag","embeddable":true,"href":"https:\/\/sgvaimudar.com.br\/index.php\/wp-json\/wp\/v2\/tags?post=30022"}],"curies":[{"name":"wp","href":"https:\/\/api.w.org\/{rel}","templated":true}]}}