{"id":30019,"date":"2025-08-28T16:00:00","date_gmt":"2025-08-28T19:00:00","guid":{"rendered":"https:\/\/sgvaimudar.com.br\/?p=30019"},"modified":"2025-08-28T09:41:50","modified_gmt":"2025-08-28T12:41:50","slug":"novos-estudantes-ganham-acesso-ao-transporte-universitario-em-itaborai","status":"publish","type":"post","link":"https:\/\/sgvaimudar.com.br\/index.php\/2025\/08\/28\/novos-estudantes-ganham-acesso-ao-transporte-universitario-em-itaborai\/","title":{"rendered":"Novos estudantes ganham acesso ao Transporte Universit\u00e1rio em Itabora\u00ed"},"content":{"rendered":"\n<p><em>Poder p\u00fablico disponibilizou mais 60 carteirinhas digitais\u00a0<\/em><\/p>\n\n\n\n<p>Os estudantes itaboraienses ganharam do poder p\u00fablico, nesta quarta-feira (27\/08) mais 60 carteirinhas digitais que garantem acesso gratuito ao Transporte Universit\u00e1rio, servi\u00e7o oferecido pelo munic\u00edpio. Os novos benefici\u00e1rios fazem parte do grupo que estava na fila de espera do cadastro realizado no in\u00edcio do ano.<\/p>\n\n\n\n<p>As carteirinhas digitais foram liberadas durante os turnos da manh\u00e3 e da noite, de forma a atender alunos de diferentes rotinas acad\u00eamicas. Vale destacar que o Espa\u00e7o Universit\u00e1rio s\u00f3 abre novas inscri\u00e7\u00f5es ap\u00f3s a convoca\u00e7\u00e3o de todos os estudantes j\u00e1 cadastrados.<\/p>\n\n\n\n<p>O coordenador do Espa\u00e7o Universit\u00e1rio, Henrique Souza, ressaltou a import\u00e2ncia da iniciativa para os jovens do munic\u00edpio.<\/p>\n\n\n\n<p>&#8220;A cada nova convoca\u00e7\u00e3o, refor\u00e7amos o nosso compromisso de dar condi\u00e7\u00f5es de estudo aos universit\u00e1rios itaboraienses. O Transporte Universit\u00e1rio \u00e9 uma pol\u00edtica p\u00fablica que garante economia, seguran\u00e7a e mais oportunidades para nossos estudantes, que muitas vezes percorrem longas dist\u00e2ncias at\u00e9 a faculdade&#8221;, destacou o coordenador.<\/p>\n\n\n\n<p>Para muitos beneficiados, o servi\u00e7o representa um grande al\u00edvio financeiro. \u00c9 o caso da estudante Hello\u00e1 das Dores Baptista, de 18 anos, moradora do bairro Caluge, que cursa Ci\u00eancias Sociais na Universidade Federal Fluminense (UFF).<\/p>\n\n\n\n<p>&#8220;O transporte vai me ajudar muito, porque eu gastava entre R$700 e R$800 por m\u00eas s\u00f3 com passagem. Com esse benef\u00edcio, vou ter um grande al\u00edvio no or\u00e7amento e muito mais tranquilidade para continuar meus estudos&#8221;, contou a universit\u00e1ria.<br>Com a amplia\u00e7\u00e3o, a Prefeitura segue fortalecendo seu compromisso com a educa\u00e7\u00e3o e o futuro dos jovens de Itabora\u00ed.<\/p>\n\n\n\n<p><strong><em>S\u00e3o Gon\u00e7alo vai mudar: Not\u00edcias de S\u00e3o Gon\u00e7alo e toda regi\u00e3o.<\/em><\/strong><\/p>\n\n\n\n<figure class=\"wp-block-image size-large\"><img fetchpriority=\"high\" decoding=\"async\" width=\"1024\" height=\"252\" src=\"https:\/\/sgvaimudar.com.br\/wp-content\/uploads\/2025\/03\/Anuncie-Aqui-Sao-Goncalo-vai-mudar-1024x252.jpg\" alt=\"\" class=\"wp-image-22693\" srcset=\"https:\/\/sgvaimudar.com.br\/wp-content\/uploads\/2025\/03\/Anuncie-Aqui-Sao-Goncalo-vai-mudar-1024x252.jpg 1024w, https:\/\/sgvaimudar.com.br\/wp-content\/uploads\/2025\/03\/Anuncie-Aqui-Sao-Goncalo-vai-mudar-300x74.jpg 300w, https:\/\/sgvaimudar.com.br\/wp-content\/uploads\/2025\/03\/Anuncie-Aqui-Sao-Goncalo-vai-mudar-768x189.jpg 768w, https:\/\/sgvaimudar.com.br\/wp-content\/uploads\/2025\/03\/Anuncie-Aqui-Sao-Goncalo-vai-mudar-1536x378.jpg 1536w, https:\/\/sgvaimudar.com.br\/wp-content\/uploads\/2025\/03\/Anuncie-Aqui-Sao-Goncalo-vai-mudar-2048x504.jpg 2048w\" sizes=\"(max-width: 1024px) 100vw, 1024px\" \/><\/figure>\n","protected":false},"excerpt":{"rendered":"<p>Poder p\u00fablico disponibilizou mais 60 carteirinhas digitais\u00a0 Os estudantes itaboraienses ganharam do poder p\u00fablico, nesta quarta-feira (27\/08) mais 60 carteirinhas&hellip;<\/p>\n","protected":false},"author":5,"featured_media":30020,"comment_status":"open","ping_status":"open","sticky":false,"template":"","format":"standard","meta":{"fifu_image_url":"","fifu_image_alt":"","footnotes":""},"categories":[36],"tags":[47],"class_list":["post-30019","post","type-post","status-publish","format-standard","has-post-thumbnail","hentry","category-bem-estar","tag-rj"],"_links":{"self":[{"href":"https:\/\/sgvaimudar.com.br\/index.php\/wp-json\/wp\/v2\/posts\/30019","targetHints":{"allow":["GET"]}}],"collection":[{"href":"https:\/\/sgvaimudar.com.br\/index.php\/wp-json\/wp\/v2\/posts"}],"about":[{"href":"https:\/\/sgvaimudar.com.br\/index.php\/wp-json\/wp\/v2\/types\/post"}],"author":[{"embeddable":true,"href":"https:\/\/sgvaimudar.com.br\/index.php\/wp-json\/wp\/v2\/users\/5"}],"replies":[{"embeddable":true,"href":"https:\/\/sgvaimudar.com.br\/index.php\/wp-json\/wp\/v2\/comments?post=30019"}],"version-history":[{"count":1,"href":"https:\/\/sgvaimudar.com.br\/index.php\/wp-json\/wp\/v2\/posts\/30019\/revisions"}],"predecessor-version":[{"id":30021,"href":"https:\/\/sgvaimudar.com.br\/index.php\/wp-json\/wp\/v2\/posts\/30019\/revisions\/30021"}],"wp:featuredmedia":[{"embeddable":true,"href":"https:\/\/sgvaimudar.com.br\/index.php\/wp-json\/wp\/v2\/media\/30020"}],"wp:attachment":[{"href":"https:\/\/sgvaimudar.com.br\/index.php\/wp-json\/wp\/v2\/media?parent=30019"}],"wp:term":[{"taxonomy":"category","embeddable":true,"href":"https:\/\/sgvaimudar.com.br\/index.php\/wp-json\/wp\/v2\/categories?post=30019"},{"taxonomy":"post_tag","embeddable":true,"href":"https:\/\/sgvaimudar.com.br\/index.php\/wp-json\/wp\/v2\/tags?post=30019"}],"curies":[{"name":"wp","href":"https:\/\/api.w.org\/{rel}","templated":true}]}}