{"id":30015,"date":"2025-08-28T14:00:00","date_gmt":"2025-08-28T17:00:00","guid":{"rendered":"https:\/\/sgvaimudar.com.br\/?p=30015"},"modified":"2025-08-28T09:34:14","modified_gmt":"2025-08-28T12:34:14","slug":"concessionaria-inicia-intervencoes-em-trechos-do-corredor-viario-do-muvi","status":"publish","type":"post","link":"https:\/\/sgvaimudar.com.br\/index.php\/2025\/08\/28\/concessionaria-inicia-intervencoes-em-trechos-do-corredor-viario-do-muvi\/","title":{"rendered":"Concession\u00e1ria inicia interven\u00e7\u00f5es em trechos do corredor vi\u00e1rio do Muvi"},"content":{"rendered":"\n<p><em>\u00c1guas do Rio instala sistema de coleta em tempo seco na bacia Imboa\u00e7u<\/em><\/p>\n\n\n\n<p>A Secretaria de Meio Ambiente e Transportes da Prefeitura de S\u00e3o Gon\u00e7alo, a partir desta quinta-feira (28\/08), vai refor\u00e7ar o monitoramento do tr\u00e2nsito no trecho 2 do corredor vi\u00e1rio do Projeto de Mobilidade Urbana Verde Integrada (Muvi), na altura do Para\u00edso. <\/p>\n\n\n\n<p>As ruas Francisco Portela e Comandante Ari Parreiras recebem obras da concession\u00e1ria \u00c1guas do Rio, que est\u00e1 instalando o sistema de coleta em tempo seco (CTS) na bacia Imboa\u00e7u.\u00a0<\/p>\n\n\n\n<figure class=\"wp-block-image size-full\"><img fetchpriority=\"high\" decoding=\"async\" width=\"1024\" height=\"681\" src=\"https:\/\/sgvaimudar.com.br\/wp-content\/uploads\/2025\/08\/unnamed-9-13.jpg\" alt=\"\" class=\"wp-image-30016\" srcset=\"https:\/\/sgvaimudar.com.br\/wp-content\/uploads\/2025\/08\/unnamed-9-13.jpg 1024w, https:\/\/sgvaimudar.com.br\/wp-content\/uploads\/2025\/08\/unnamed-9-13-300x200.jpg 300w, https:\/\/sgvaimudar.com.br\/wp-content\/uploads\/2025\/08\/unnamed-9-13-768x511.jpg 768w\" sizes=\"(max-width: 1024px) 100vw, 1024px\" \/><\/figure>\n\n\n\n<p>As interven\u00e7\u00f5es da concession\u00e1ria ser\u00e3o realizadas em m\u00f3dulos, com interdi\u00e7\u00f5es parciais de apenas uma faixa de rolamento das ruas, n\u00e3o sendo necess\u00e1rio fazer mudan\u00e7as no tr\u00e2nsito da regi\u00e3o, apenas refor\u00e7o na sinaliza\u00e7\u00e3o para alertar os motoristas, o que fica a cargo da \u00c1guas do Rio.<\/p>\n\n\n\n<p>&nbsp;As interven\u00e7\u00f5es tiveram in\u00edcio na Rua Paul Leroux, e agora chegam \u00e0 regi\u00e3o do MUVI, totalizando 5.600 metros de extens\u00e3o, at\u00e9 o bairro de Neves (trecho 1 do MUVI). Segundo a concession\u00e1ria \u00c1guas do Rio, o sistema de coleta em tempo seco ir\u00e1 evitar o lan\u00e7amento de 12 milh\u00f5es litros\/dia de \u00e1gua contaminada com esgoto na Ba\u00eda da Guanabara \u2013 o equivalente a cinco piscinas ol\u00edmpicas por dia.<\/p>\n\n\n\n<p>&nbsp;A expectativa \u00e9 de beneficiar mais de 130 mil moradores da regi\u00e3o da bacia do Rio Imboa\u00e7u, contribuindo para a recupera\u00e7\u00e3o dos corpos h\u00eddricos da cidade e da Ba\u00eda.&nbsp;<\/p>\n\n\n\n<p>A Prefeitura de S\u00e3o Gon\u00e7alo ir\u00e1 fazer o acompanhamento permanente dos trabalhos da concession\u00e1ria, j\u00e1 que as interven\u00e7\u00f5es acontecer\u00e3o na \u00e1rea j\u00e1 revitalizada pelo MUVI. A maior parte das opera\u00e7\u00f5es ser\u00e1 subterr\u00e2nea, por baixo das vias, e ter\u00e3o baixo impacto e m\u00e9todo n\u00e3o destrutivo, mas alguns trechos do corredor vi\u00e1rio e da ciclovia ter\u00e3o que ser refeitos ap\u00f3s a instala\u00e7\u00e3o das tubula\u00e7\u00f5es. Os reparos ficar\u00e3o a cargo da pr\u00f3pria concession\u00e1ria \u00c1guas do Rio.&nbsp;&nbsp;<\/p>\n\n\n\n<p><em>Fotos: Luiz Carvalho<\/em><\/p>\n\n\n\n<p><strong><em>S\u00e3o Gon\u00e7alo vai mudar: Not\u00edcias de S\u00e3o Gon\u00e7alo e toda regi\u00e3o.<\/em><\/strong><\/p>\n\n\n\n<figure class=\"wp-block-image size-large\"><img decoding=\"async\" width=\"1024\" height=\"252\" src=\"https:\/\/sgvaimudar.com.br\/wp-content\/uploads\/2025\/03\/Anuncie-Aqui-Sao-Goncalo-vai-mudar-1024x252.jpg\" alt=\"\" class=\"wp-image-22693\" srcset=\"https:\/\/sgvaimudar.com.br\/wp-content\/uploads\/2025\/03\/Anuncie-Aqui-Sao-Goncalo-vai-mudar-1024x252.jpg 1024w, https:\/\/sgvaimudar.com.br\/wp-content\/uploads\/2025\/03\/Anuncie-Aqui-Sao-Goncalo-vai-mudar-300x74.jpg 300w, https:\/\/sgvaimudar.com.br\/wp-content\/uploads\/2025\/03\/Anuncie-Aqui-Sao-Goncalo-vai-mudar-768x189.jpg 768w, https:\/\/sgvaimudar.com.br\/wp-content\/uploads\/2025\/03\/Anuncie-Aqui-Sao-Goncalo-vai-mudar-1536x378.jpg 1536w, https:\/\/sgvaimudar.com.br\/wp-content\/uploads\/2025\/03\/Anuncie-Aqui-Sao-Goncalo-vai-mudar-2048x504.jpg 2048w\" sizes=\"(max-width: 1024px) 100vw, 1024px\" \/><\/figure>\n","protected":false},"excerpt":{"rendered":"<p>\u00c1guas do Rio instala sistema de coleta em tempo seco na bacia Imboa\u00e7u A Secretaria de Meio Ambiente e Transportes&hellip;<\/p>\n","protected":false},"author":5,"featured_media":30017,"comment_status":"open","ping_status":"open","sticky":false,"template":"","format":"standard","meta":{"fifu_image_url":"","fifu_image_alt":"","footnotes":""},"categories":[3],"tags":[47,75],"class_list":["post-30015","post","type-post","status-publish","format-standard","has-post-thumbnail","hentry","category-sao-goncalo","tag-rj","tag-sao-goncalo"],"_links":{"self":[{"href":"https:\/\/sgvaimudar.com.br\/index.php\/wp-json\/wp\/v2\/posts\/30015","targetHints":{"allow":["GET"]}}],"collection":[{"href":"https:\/\/sgvaimudar.com.br\/index.php\/wp-json\/wp\/v2\/posts"}],"about":[{"href":"https:\/\/sgvaimudar.com.br\/index.php\/wp-json\/wp\/v2\/types\/post"}],"author":[{"embeddable":true,"href":"https:\/\/sgvaimudar.com.br\/index.php\/wp-json\/wp\/v2\/users\/5"}],"replies":[{"embeddable":true,"href":"https:\/\/sgvaimudar.com.br\/index.php\/wp-json\/wp\/v2\/comments?post=30015"}],"version-history":[{"count":1,"href":"https:\/\/sgvaimudar.com.br\/index.php\/wp-json\/wp\/v2\/posts\/30015\/revisions"}],"predecessor-version":[{"id":30018,"href":"https:\/\/sgvaimudar.com.br\/index.php\/wp-json\/wp\/v2\/posts\/30015\/revisions\/30018"}],"wp:featuredmedia":[{"embeddable":true,"href":"https:\/\/sgvaimudar.com.br\/index.php\/wp-json\/wp\/v2\/media\/30017"}],"wp:attachment":[{"href":"https:\/\/sgvaimudar.com.br\/index.php\/wp-json\/wp\/v2\/media?parent=30015"}],"wp:term":[{"taxonomy":"category","embeddable":true,"href":"https:\/\/sgvaimudar.com.br\/index.php\/wp-json\/wp\/v2\/categories?post=30015"},{"taxonomy":"post_tag","embeddable":true,"href":"https:\/\/sgvaimudar.com.br\/index.php\/wp-json\/wp\/v2\/tags?post=30015"}],"curies":[{"name":"wp","href":"https:\/\/api.w.org\/{rel}","templated":true}]}}