{"id":30004,"date":"2025-08-28T10:00:00","date_gmt":"2025-08-28T13:00:00","guid":{"rendered":"https:\/\/sgvaimudar.com.br\/?p=30004"},"modified":"2025-08-28T08:43:12","modified_gmt":"2025-08-28T11:43:12","slug":"agricultores-participam-de-atividade-em-escola-de-itaitindiba","status":"publish","type":"post","link":"https:\/\/sgvaimudar.com.br\/index.php\/2025\/08\/28\/agricultores-participam-de-atividade-em-escola-de-itaitindiba\/","title":{"rendered":"Agricultores participam de atividade em escola de Itaitindiba"},"content":{"rendered":"\n<p><em>Alunos ganham dia voltado para a alimenta\u00e7\u00e3o saud\u00e1vel<\/em><\/p>\n\n\n\n<p>Os alunos da Escola Estadual Municipalizada Itaitindiba, em Santa Izabel, S\u00e3o Gon\u00e7alo, tiveram um dia voltado para a alimenta\u00e7\u00e3o saud\u00e1vel, nesta quarta-feira (27). Eles receberam a visita de agricultores que fornecem frutas, verduras e legumes para a merenda escolar, que conversaram com os alunos sobre o cultivo dos alimentos. <\/p>\n\n\n\n<p>Al\u00e9m disso, os produtores fizeram uma feirinha com os produtos, onde os alunos puderam aprender sobre as propriedades nutricionais e educa\u00e7\u00e3o financeira.<\/p>\n\n\n\n<figure class=\"wp-block-image size-full\"><img fetchpriority=\"high\" decoding=\"async\" width=\"1024\" height=\"733\" src=\"https:\/\/sgvaimudar.com.br\/wp-content\/uploads\/2025\/08\/unnamed-5-15.jpg\" alt=\"\" class=\"wp-image-30005\" srcset=\"https:\/\/sgvaimudar.com.br\/wp-content\/uploads\/2025\/08\/unnamed-5-15.jpg 1024w, https:\/\/sgvaimudar.com.br\/wp-content\/uploads\/2025\/08\/unnamed-5-15-300x215.jpg 300w, https:\/\/sgvaimudar.com.br\/wp-content\/uploads\/2025\/08\/unnamed-5-15-768x550.jpg 768w\" sizes=\"(max-width: 1024px) 100vw, 1024px\" \/><\/figure>\n\n\n\n<p>\u201c\u00c9 muito gratificante porque voc\u00ea v\u00ea o destino final daquilo que voc\u00ea planta. Eu trouxe a alface e \u00e9 muito bom ver esse produto chegando no consumidor, que \u00e9 um consumidor especial. Eu tenho muito cuidado com a hortali\u00e7a porque sei que s\u00e3o as crian\u00e7as que v\u00e3o consumir\u201d, afirmou o agricultor Antonio Anholetti.<\/p>\n\n\n\n<p>A a\u00e7\u00e3o faz parte do projeto \u201cJornada de Educa\u00e7\u00e3o Alimentar e Nutricional\u201d, desenvolvido pelo Fundo Nacional de Desenvolvimento da Educa\u00e7\u00e3o (FNDE), atrav\u00e9s do Programa Nacional de Alimenta\u00e7\u00e3o Escolar (PNAE), com o objetivo de incentivar a pr\u00e1tica de a\u00e7\u00f5es de educa\u00e7\u00e3o alimentar e nutricional nas unidades de ensino da rede p\u00fablica.<\/p>\n\n\n\n<figure class=\"wp-block-image size-full\"><img decoding=\"async\" width=\"924\" height=\"768\" src=\"https:\/\/sgvaimudar.com.br\/wp-content\/uploads\/2025\/08\/unnamed-6-14.jpg\" alt=\"\" class=\"wp-image-30006\" srcset=\"https:\/\/sgvaimudar.com.br\/wp-content\/uploads\/2025\/08\/unnamed-6-14.jpg 924w, https:\/\/sgvaimudar.com.br\/wp-content\/uploads\/2025\/08\/unnamed-6-14-300x249.jpg 300w, https:\/\/sgvaimudar.com.br\/wp-content\/uploads\/2025\/08\/unnamed-6-14-768x638.jpg 768w\" sizes=\"(max-width: 924px) 100vw, 924px\" \/><\/figure>\n\n\n\n<p>\u201cEssa atividade tamb\u00e9m foi realizada em conjunto com os professores da escola que est\u00e3o trabalhando desde o in\u00edcio do ano a educa\u00e7\u00e3o financeira em sala de aula. A culmin\u00e2ncia do projeto foi realizada hoje, quando os alunos puderam aplicar o conhecimento sobre os valores dos alimentos durante a feirinha\u201d, afirmou a nutricionista Bruna Messias.<\/p>\n\n\n\n<p>Os agricultores falaram um pouco sobre os alimentos produzidos na regi\u00e3o e como chegam at\u00e9 a unidade para a alimenta\u00e7\u00e3o escolar. A equipe de nutri\u00e7\u00e3o falou sobre import\u00e2ncia da alimenta\u00e7\u00e3o saud\u00e1vel, com diversidade de frutas, legumes e verduras, e as propriedades nutricionais dos alimentos dispostos nas barracas.<\/p>\n\n\n\n<p><em>Fotos: Luiz Carvalho<\/em><\/p>\n\n\n\n<p><strong><em>S\u00e3o Gon\u00e7alo vai mudar: Not\u00edcias de S\u00e3o Gon\u00e7alo e toda regi\u00e3o.<\/em><\/strong><\/p>\n\n\n\n<figure class=\"wp-block-image size-large\"><img decoding=\"async\" width=\"1024\" height=\"252\" src=\"https:\/\/sgvaimudar.com.br\/wp-content\/uploads\/2025\/03\/Anuncie-Aqui-Sao-Goncalo-vai-mudar-1024x252.jpg\" alt=\"\" class=\"wp-image-22693\" srcset=\"https:\/\/sgvaimudar.com.br\/wp-content\/uploads\/2025\/03\/Anuncie-Aqui-Sao-Goncalo-vai-mudar-1024x252.jpg 1024w, https:\/\/sgvaimudar.com.br\/wp-content\/uploads\/2025\/03\/Anuncie-Aqui-Sao-Goncalo-vai-mudar-300x74.jpg 300w, https:\/\/sgvaimudar.com.br\/wp-content\/uploads\/2025\/03\/Anuncie-Aqui-Sao-Goncalo-vai-mudar-768x189.jpg 768w, https:\/\/sgvaimudar.com.br\/wp-content\/uploads\/2025\/03\/Anuncie-Aqui-Sao-Goncalo-vai-mudar-1536x378.jpg 1536w, https:\/\/sgvaimudar.com.br\/wp-content\/uploads\/2025\/03\/Anuncie-Aqui-Sao-Goncalo-vai-mudar-2048x504.jpg 2048w\" sizes=\"(max-width: 1024px) 100vw, 1024px\" \/><\/figure>\n","protected":false},"excerpt":{"rendered":"<p>Alunos ganham dia voltado para a alimenta\u00e7\u00e3o saud\u00e1vel Os alunos da Escola Estadual Municipalizada Itaitindiba, em Santa Izabel, S\u00e3o Gon\u00e7alo,&hellip;<\/p>\n","protected":false},"author":5,"featured_media":30007,"comment_status":"open","ping_status":"open","sticky":false,"template":"","format":"standard","meta":{"fifu_image_url":"","fifu_image_alt":"","footnotes":""},"categories":[3],"tags":[47,75],"class_list":["post-30004","post","type-post","status-publish","format-standard","has-post-thumbnail","hentry","category-sao-goncalo","tag-rj","tag-sao-goncalo"],"_links":{"self":[{"href":"https:\/\/sgvaimudar.com.br\/index.php\/wp-json\/wp\/v2\/posts\/30004","targetHints":{"allow":["GET"]}}],"collection":[{"href":"https:\/\/sgvaimudar.com.br\/index.php\/wp-json\/wp\/v2\/posts"}],"about":[{"href":"https:\/\/sgvaimudar.com.br\/index.php\/wp-json\/wp\/v2\/types\/post"}],"author":[{"embeddable":true,"href":"https:\/\/sgvaimudar.com.br\/index.php\/wp-json\/wp\/v2\/users\/5"}],"replies":[{"embeddable":true,"href":"https:\/\/sgvaimudar.com.br\/index.php\/wp-json\/wp\/v2\/comments?post=30004"}],"version-history":[{"count":1,"href":"https:\/\/sgvaimudar.com.br\/index.php\/wp-json\/wp\/v2\/posts\/30004\/revisions"}],"predecessor-version":[{"id":30008,"href":"https:\/\/sgvaimudar.com.br\/index.php\/wp-json\/wp\/v2\/posts\/30004\/revisions\/30008"}],"wp:featuredmedia":[{"embeddable":true,"href":"https:\/\/sgvaimudar.com.br\/index.php\/wp-json\/wp\/v2\/media\/30007"}],"wp:attachment":[{"href":"https:\/\/sgvaimudar.com.br\/index.php\/wp-json\/wp\/v2\/media?parent=30004"}],"wp:term":[{"taxonomy":"category","embeddable":true,"href":"https:\/\/sgvaimudar.com.br\/index.php\/wp-json\/wp\/v2\/categories?post=30004"},{"taxonomy":"post_tag","embeddable":true,"href":"https:\/\/sgvaimudar.com.br\/index.php\/wp-json\/wp\/v2\/tags?post=30004"}],"curies":[{"name":"wp","href":"https:\/\/api.w.org\/{rel}","templated":true}]}}