{"id":30001,"date":"2025-08-28T08:59:00","date_gmt":"2025-08-28T11:59:00","guid":{"rendered":"https:\/\/sgvaimudar.com.br\/?p=30001"},"modified":"2025-08-28T08:34:32","modified_gmt":"2025-08-28T11:34:32","slug":"dois-acusados-de-trafico-de-drogas-sao-presos-no-jockey-em-sao-goncalo","status":"publish","type":"post","link":"https:\/\/sgvaimudar.com.br\/index.php\/2025\/08\/28\/dois-acusados-de-trafico-de-drogas-sao-presos-no-jockey-em-sao-goncalo\/","title":{"rendered":"Dois acusados de tr\u00e1fico de drogas s\u00e3o presos no Jockey, em S\u00e3o Gon\u00e7alo"},"content":{"rendered":"\n<p><em>Na a\u00e7\u00e3o, os policiais do 7\u00baBPM  apreenderam uma pistola, muni\u00e7\u00f5es e um vasto material entorpecente<\/em><\/p>\n\n\n\n<p>Dois homens acusados de serem traficantes do bairro Jockey, em S\u00e3o Gon\u00e7alo, foram presos por policiais militares do 7\u00baBPM, na manh\u00e3 desta quarta-feira (27\/08). Segundo as informa\u00e7\u00f5es militares, ap\u00f3s um cerco t\u00e1tico e\u00a0vasculhamento em um terreno a guarni\u00e7\u00e3o encontrou uma pistola HS Croatia calibre 9mm, com a numera\u00e7\u00e3o raspada, quatro muni\u00e7\u00f5es do mesmo calibre, dois r\u00e1dios transmissores, 42 pedras de crack e 178 trouxas de maconha.<\/p>\n\n\n\n<p><strong>DIN\u00c2MICA:<\/strong> Segundo a Pol\u00edcia Militar, tudo aconteceu durante um patrulhamento na Avenida Professor Aida de Souza Faria quando os agentes foram checar a veracidade de den\u00fancias que davam conta que criminosos estavam atuando no local praticando roubos a transeuntes, a cargas, motocicletas, vans, ve\u00edculos e coletivos.<\/p>\n\n\n\n<p>De acordo com a Corpora\u00e7\u00e3o, j\u00e1 no acesso aos Predinhos do Jockey os policiais  observaram elementos em atitude suspeita, possivelmente envolvidos na pr\u00e1tica de venda de entorpecentes. <\/p>\n\n\n\n<p>Ao notarem a aproxima\u00e7\u00e3o da viatura os indiv\u00edduos fugiram em dire\u00e7\u00e3o ao interior da comunidade. De imediato a equipe realizou cerco t\u00e1tico e,\u00a0ap\u00f3s vasculhamento no terreno, a guarni\u00e7\u00e3o conseguiu encontrar o material j\u00e1 descrito e conduziu os dois suspeitos identificados como Nauhan Silva Moraes, de 20 anos, e Cleiton da Silva julho, de 40 anos, para averigua\u00e7\u00e3o na delegacia.<\/p>\n\n\n\n<p>A pol\u00edcia ressaltou que n\u00e3o houve v\u00edtimas na a\u00e7\u00e3o e que todo o fato foi apresentado na 75\u00aa DP.<\/p>\n\n\n\n<p><strong><em>Fa\u00e7a sua den\u00fancia pelo nosso WhatsApp: (21) <\/em><\/strong><strong><em>99744 5345<\/em><\/strong><strong><em><\/em><\/strong><\/p>\n\n\n\n<p><strong><em>S\u00e3o Gon\u00e7alo vai mudar: Not\u00edcias de S\u00e3o Gon\u00e7alo e toda regi\u00e3o.<\/em><\/strong><\/p>\n\n\n\n<figure class=\"wp-block-image size-large\"><img fetchpriority=\"high\" decoding=\"async\" width=\"1024\" height=\"252\" src=\"https:\/\/sgvaimudar.com.br\/wp-content\/uploads\/2025\/03\/Anuncie-Aqui-Sao-Goncalo-vai-mudar-1024x252.jpg\" alt=\"\" class=\"wp-image-22693\" srcset=\"https:\/\/sgvaimudar.com.br\/wp-content\/uploads\/2025\/03\/Anuncie-Aqui-Sao-Goncalo-vai-mudar-1024x252.jpg 1024w, https:\/\/sgvaimudar.com.br\/wp-content\/uploads\/2025\/03\/Anuncie-Aqui-Sao-Goncalo-vai-mudar-300x74.jpg 300w, https:\/\/sgvaimudar.com.br\/wp-content\/uploads\/2025\/03\/Anuncie-Aqui-Sao-Goncalo-vai-mudar-768x189.jpg 768w, https:\/\/sgvaimudar.com.br\/wp-content\/uploads\/2025\/03\/Anuncie-Aqui-Sao-Goncalo-vai-mudar-1536x378.jpg 1536w, https:\/\/sgvaimudar.com.br\/wp-content\/uploads\/2025\/03\/Anuncie-Aqui-Sao-Goncalo-vai-mudar-2048x504.jpg 2048w\" sizes=\"(max-width: 1024px) 100vw, 1024px\" \/><\/figure>\n\n\n\n<p> <\/p>\n","protected":false},"excerpt":{"rendered":"<p>Na a\u00e7\u00e3o, os policiais do 7\u00baBPM apreenderam uma pistola, muni\u00e7\u00f5es e um vasto material entorpecente Dois homens acusados de serem&hellip;<\/p>\n","protected":false},"author":5,"featured_media":30002,"comment_status":"open","ping_status":"open","sticky":false,"template":"","format":"standard","meta":{"fifu_image_url":"","fifu_image_alt":"","footnotes":""},"categories":[32],"tags":[39,41,40,47,75],"class_list":["post-30001","post","type-post","status-publish","format-standard","has-post-thumbnail","hentry","category-casos-de-policia","tag-ataque","tag-conflito","tag-guerra","tag-rj","tag-sao-goncalo"],"_links":{"self":[{"href":"https:\/\/sgvaimudar.com.br\/index.php\/wp-json\/wp\/v2\/posts\/30001","targetHints":{"allow":["GET"]}}],"collection":[{"href":"https:\/\/sgvaimudar.com.br\/index.php\/wp-json\/wp\/v2\/posts"}],"about":[{"href":"https:\/\/sgvaimudar.com.br\/index.php\/wp-json\/wp\/v2\/types\/post"}],"author":[{"embeddable":true,"href":"https:\/\/sgvaimudar.com.br\/index.php\/wp-json\/wp\/v2\/users\/5"}],"replies":[{"embeddable":true,"href":"https:\/\/sgvaimudar.com.br\/index.php\/wp-json\/wp\/v2\/comments?post=30001"}],"version-history":[{"count":1,"href":"https:\/\/sgvaimudar.com.br\/index.php\/wp-json\/wp\/v2\/posts\/30001\/revisions"}],"predecessor-version":[{"id":30003,"href":"https:\/\/sgvaimudar.com.br\/index.php\/wp-json\/wp\/v2\/posts\/30001\/revisions\/30003"}],"wp:featuredmedia":[{"embeddable":true,"href":"https:\/\/sgvaimudar.com.br\/index.php\/wp-json\/wp\/v2\/media\/30002"}],"wp:attachment":[{"href":"https:\/\/sgvaimudar.com.br\/index.php\/wp-json\/wp\/v2\/media?parent=30001"}],"wp:term":[{"taxonomy":"category","embeddable":true,"href":"https:\/\/sgvaimudar.com.br\/index.php\/wp-json\/wp\/v2\/categories?post=30001"},{"taxonomy":"post_tag","embeddable":true,"href":"https:\/\/sgvaimudar.com.br\/index.php\/wp-json\/wp\/v2\/tags?post=30001"}],"curies":[{"name":"wp","href":"https:\/\/api.w.org\/{rel}","templated":true}]}}