{"id":29997,"date":"2025-08-28T09:00:00","date_gmt":"2025-08-28T12:00:00","guid":{"rendered":"https:\/\/sgvaimudar.com.br\/?p=29997"},"modified":"2025-08-28T08:13:29","modified_gmt":"2025-08-28T11:13:29","slug":"servidoras-tem-programacao-em-alusao-a-campanha-agosto-lilas","status":"publish","type":"post","link":"https:\/\/sgvaimudar.com.br\/index.php\/2025\/08\/28\/servidoras-tem-programacao-em-alusao-a-campanha-agosto-lilas\/","title":{"rendered":"Servidoras t\u00eam programa\u00e7\u00e3o em alus\u00e3o \u00e0 Campanha Agosto Lil\u00e1s\u00a0"},"content":{"rendered":"\n<p><em>Evento contou com orquestra, palestras e outros servi\u00e7os voltados para as mulheres<\/em><\/p>\n\n\n\n<p>As servidoras gon\u00e7alenses tiveram um dia especial nesta quarta-feira (27) em alus\u00e3o \u00e0 Campanha Agosto Lil\u00e1s, dedicada \u00e0 conscientiza\u00e7\u00e3o e enfrentamento \u00e0 viol\u00eancia contra a mulher, no audit\u00f3rio do Centro Cultural Joaquim Lavoura. <\/p>\n\n\n\n<p>O evento foi realizado pela Prefeitura, por meio da Secretaria de Administra\u00e7\u00e3o (Semad) e contou com uma programa\u00e7\u00e3o que celebrou tamb\u00e9m os 19 anos da Lei Maria da Penha, marco fundamental na luta por respeito, seguran\u00e7a e liberdade para todas as mulheres.<\/p>\n\n\n\n<figure class=\"wp-block-image size-full\"><img fetchpriority=\"high\" decoding=\"async\" width=\"1024\" height=\"683\" src=\"https:\/\/sgvaimudar.com.br\/wp-content\/uploads\/2025\/08\/unnamed-3-17.jpg\" alt=\"\" class=\"wp-image-29998\" srcset=\"https:\/\/sgvaimudar.com.br\/wp-content\/uploads\/2025\/08\/unnamed-3-17.jpg 1024w, https:\/\/sgvaimudar.com.br\/wp-content\/uploads\/2025\/08\/unnamed-3-17-300x200.jpg 300w, https:\/\/sgvaimudar.com.br\/wp-content\/uploads\/2025\/08\/unnamed-3-17-768x512.jpg 768w\" sizes=\"(max-width: 1024px) 100vw, 1024px\" \/><\/figure>\n\n\n\n<p>O evento intitulado \u201cSemad por elas: Porque cada mulher importa\u201d foi voltado \u00e0s servidoras da pasta e refor\u00e7ou o compromisso do munic\u00edpio em unir esfor\u00e7os no combate \u00e0 viol\u00eancia contra a mulher. <\/p>\n\n\n\n<p>O encontro contou com aproximadamente 80 servidoras da Secretaria de Administra\u00e7\u00e3o, mas compareceram tamb\u00e9m servidores de outras secretarias como Turismo e Cultura e a subsecret\u00e1ria de Pol\u00edticas P\u00fablicas para as Mulheres.<\/p>\n\n\n\n<p>\u201c\u00c9 importante para n\u00f3s da Administra\u00e7\u00e3o, que trabalhamos com muitas mulheres, promover esse tipo de evento. Queremos proporcionar e preparar a nossa equipe para que elas reconhe\u00e7am poss\u00edveis situa\u00e7\u00f5es de perigo e que elas saibam como agir quando estiverem dentro desses cen\u00e1rios\u201d afirmou o secret\u00e1rio de Administra\u00e7\u00e3o, Daniel Lima.<\/p>\n\n\n\n<p>A programa\u00e7\u00e3o come\u00e7ou \u00e0s 13h, com uma apresenta\u00e7\u00e3o do mestre Paulo, instrutor de Krav Maga, que mostrou a defesa pessoal como ferramenta de empoderamento feminino, destacando benef\u00edcios f\u00edsicos, como reflexo, condicionamento e no\u00e7\u00e3o de espa\u00e7o. Al\u00e9m disso, alertou sobre o uso excessivo do celular na rua, onde as mulheres acabam perdendo a percep\u00e7\u00e3o do que est\u00e1 acontecendo \u00e0 sua volta.<\/p>\n\n\n\n<p>\u00c0s 14h, a Orquestra Municipal fez um aquecimento musical e, logo ap\u00f3s, o evento seguiu com uma palestra da subsecret\u00e1ria de Pol\u00edticas P\u00fablicas para as Mulheres, Ana Cristina da Silva, que trouxe n\u00fameros sobre a viol\u00eancia contra as mulheres no munic\u00edpio e import\u00e2ncia da informa\u00e7\u00e3o como passo fundamental na luta por dignidade e igualdade.<\/p>\n\n\n\n<p>J\u00e1 \u00e0s 15h, a especialista Suellen Martins conduziu um debate sobre os direitos das mulheres. O encerramento ficou por conta da Orquestra Municipal levando emo\u00e7\u00e3o e cultura ao p\u00fablico. Durante o evento, as servidoras tamb\u00e9m tiveram acesso a sess\u00f5es de maquiagem e sa\u00fade dos p\u00e9s com servi\u00e7os de podologia.<\/p>\n\n\n\n<p><em>Fotos: Fabio Guimar\u00e3es<\/em><\/p>\n\n\n\n<p><strong><em>S\u00e3o Gon\u00e7alo vai mudar: Not\u00edcias de S\u00e3o Gon\u00e7alo e toda regi\u00e3o.<\/em><\/strong><\/p>\n\n\n\n<figure class=\"wp-block-image size-large\"><img decoding=\"async\" width=\"1024\" height=\"252\" src=\"https:\/\/sgvaimudar.com.br\/wp-content\/uploads\/2025\/03\/Anuncie-Aqui-Sao-Goncalo-vai-mudar-1024x252.jpg\" alt=\"\" class=\"wp-image-22693\" srcset=\"https:\/\/sgvaimudar.com.br\/wp-content\/uploads\/2025\/03\/Anuncie-Aqui-Sao-Goncalo-vai-mudar-1024x252.jpg 1024w, https:\/\/sgvaimudar.com.br\/wp-content\/uploads\/2025\/03\/Anuncie-Aqui-Sao-Goncalo-vai-mudar-300x74.jpg 300w, https:\/\/sgvaimudar.com.br\/wp-content\/uploads\/2025\/03\/Anuncie-Aqui-Sao-Goncalo-vai-mudar-768x189.jpg 768w, https:\/\/sgvaimudar.com.br\/wp-content\/uploads\/2025\/03\/Anuncie-Aqui-Sao-Goncalo-vai-mudar-1536x378.jpg 1536w, https:\/\/sgvaimudar.com.br\/wp-content\/uploads\/2025\/03\/Anuncie-Aqui-Sao-Goncalo-vai-mudar-2048x504.jpg 2048w\" sizes=\"(max-width: 1024px) 100vw, 1024px\" \/><\/figure>\n","protected":false},"excerpt":{"rendered":"<p>Evento contou com orquestra, palestras e outros servi\u00e7os voltados para as mulheres As servidoras gon\u00e7alenses tiveram um dia especial nesta&hellip;<\/p>\n","protected":false},"author":5,"featured_media":29999,"comment_status":"open","ping_status":"open","sticky":false,"template":"","format":"standard","meta":{"fifu_image_url":"","fifu_image_alt":"","footnotes":""},"categories":[3],"tags":[47,75],"class_list":["post-29997","post","type-post","status-publish","format-standard","has-post-thumbnail","hentry","category-sao-goncalo","tag-rj","tag-sao-goncalo"],"_links":{"self":[{"href":"https:\/\/sgvaimudar.com.br\/index.php\/wp-json\/wp\/v2\/posts\/29997","targetHints":{"allow":["GET"]}}],"collection":[{"href":"https:\/\/sgvaimudar.com.br\/index.php\/wp-json\/wp\/v2\/posts"}],"about":[{"href":"https:\/\/sgvaimudar.com.br\/index.php\/wp-json\/wp\/v2\/types\/post"}],"author":[{"embeddable":true,"href":"https:\/\/sgvaimudar.com.br\/index.php\/wp-json\/wp\/v2\/users\/5"}],"replies":[{"embeddable":true,"href":"https:\/\/sgvaimudar.com.br\/index.php\/wp-json\/wp\/v2\/comments?post=29997"}],"version-history":[{"count":1,"href":"https:\/\/sgvaimudar.com.br\/index.php\/wp-json\/wp\/v2\/posts\/29997\/revisions"}],"predecessor-version":[{"id":30000,"href":"https:\/\/sgvaimudar.com.br\/index.php\/wp-json\/wp\/v2\/posts\/29997\/revisions\/30000"}],"wp:featuredmedia":[{"embeddable":true,"href":"https:\/\/sgvaimudar.com.br\/index.php\/wp-json\/wp\/v2\/media\/29999"}],"wp:attachment":[{"href":"https:\/\/sgvaimudar.com.br\/index.php\/wp-json\/wp\/v2\/media?parent=29997"}],"wp:term":[{"taxonomy":"category","embeddable":true,"href":"https:\/\/sgvaimudar.com.br\/index.php\/wp-json\/wp\/v2\/categories?post=29997"},{"taxonomy":"post_tag","embeddable":true,"href":"https:\/\/sgvaimudar.com.br\/index.php\/wp-json\/wp\/v2\/tags?post=29997"}],"curies":[{"name":"wp","href":"https:\/\/api.w.org\/{rel}","templated":true}]}}