{"id":29978,"date":"2025-08-27T17:00:00","date_gmt":"2025-08-27T20:00:00","guid":{"rendered":"https:\/\/sgvaimudar.com.br\/?p=29978"},"modified":"2025-08-27T10:17:28","modified_gmt":"2025-08-27T13:17:28","slug":"exposicao-meu-trabalho-e-ser-crianca-reforca-combate-ao-trabalho-infantil-em-itaborai","status":"publish","type":"post","link":"https:\/\/sgvaimudar.com.br\/index.php\/2025\/08\/27\/exposicao-meu-trabalho-e-ser-crianca-reforca-combate-ao-trabalho-infantil-em-itaborai\/","title":{"rendered":"Exposi\u00e7\u00e3o \u201cMeu Trabalho \u00e9 Ser Crian\u00e7a\u201d refor\u00e7a combate ao trabalho infantil em Itabora\u00ed"},"content":{"rendered":"\n<p><em>O objetivo da exposi\u00e7\u00e3o \u00e9 sensibilizar a popula\u00e7\u00e3o sobre a import\u00e2ncia de proteger crian\u00e7as e adolescentes<\/em><\/p>\n\n\n\n<p>A Casa de Cultura Helo\u00edsa Alberto Torres (CCHAT) recebeu, nesta ter\u00e7a-feira (26\/08), a abertura da exposi\u00e7\u00e3o \u201cMeu Trabalho \u00e9 Ser Crian\u00e7a \u2013 Diga N\u00e3o ao Trabalho Infantil\u201d. A mostra \u00e9 promovida pela Prefeitura de Itabora\u00ed, por meio da Secretaria Municipal de Educa\u00e7\u00e3o e da Casa de Cultura, em parceria com o Minist\u00e9rio P\u00fablico do Trabalho (MPT).<\/p>\n\n\n\n<p>A a\u00e7\u00e3o visa assegurar os direitos fundamentais, como educa\u00e7\u00e3o, lazer, conviv\u00eancia familiar e comunit\u00e1ria, al\u00e9m de refor\u00e7ar a necessidade de afast\u00e1-los de qualquer forma de explora\u00e7\u00e3o ou viola\u00e7\u00e3o de direitos.<\/p>\n\n\n\n<figure class=\"wp-block-image size-large\"><img fetchpriority=\"high\" decoding=\"async\" width=\"1024\" height=\"682\" src=\"https:\/\/sgvaimudar.com.br\/wp-content\/uploads\/2025\/08\/Exposicao-Meu-Trabalho-e-Ser-Crianca-reforca-combate-ao-trabalho-infantil-em-Itaborai-3-1024x682.jpeg\" alt=\"\" class=\"wp-image-29979\" srcset=\"https:\/\/sgvaimudar.com.br\/wp-content\/uploads\/2025\/08\/Exposicao-Meu-Trabalho-e-Ser-Crianca-reforca-combate-ao-trabalho-infantil-em-Itaborai-3-1024x682.jpeg 1024w, https:\/\/sgvaimudar.com.br\/wp-content\/uploads\/2025\/08\/Exposicao-Meu-Trabalho-e-Ser-Crianca-reforca-combate-ao-trabalho-infantil-em-Itaborai-3-300x200.jpeg 300w, https:\/\/sgvaimudar.com.br\/wp-content\/uploads\/2025\/08\/Exposicao-Meu-Trabalho-e-Ser-Crianca-reforca-combate-ao-trabalho-infantil-em-Itaborai-3-768x512.jpeg 768w, https:\/\/sgvaimudar.com.br\/wp-content\/uploads\/2025\/08\/Exposicao-Meu-Trabalho-e-Ser-Crianca-reforca-combate-ao-trabalho-infantil-em-Itaborai-3-1536x1023.jpeg 1536w, https:\/\/sgvaimudar.com.br\/wp-content\/uploads\/2025\/08\/Exposicao-Meu-Trabalho-e-Ser-Crianca-reforca-combate-ao-trabalho-infantil-em-Itaborai-3.jpeg 1600w\" sizes=\"(max-width: 1024px) 100vw, 1024px\" \/><\/figure>\n\n\n\n<p>Este ano, o Projeto MPT na Escola contou com a participa\u00e7\u00e3o de 61 escolas da rede p\u00fablica municipal, que desenvolveram produ\u00e7\u00f5es art\u00edsticas como desenhos, poesias, contos e m\u00fasicas. Representando todas as escolas participantes, os alunos da Escola Municipal Prefeito S\u00edmaco Ramos de Almeida marcaram presen\u00e7a na abertura da exposi\u00e7\u00e3o. A unidade conquistou o Pr\u00eamio Municipal em duas categorias, levando o nome de Itabora\u00ed para a etapa estadual.<\/p>\n\n\n\n<p>Os trabalhos que comp\u00f5em a mostra passaram por uma sele\u00e7\u00e3o dentro das escolas, com premia\u00e7\u00e3o em primeiro, segundo e terceiro lugares. Os vencedores municipais foram definidos pela Secretaria Municipal de Educa\u00e7\u00e3o em julho e agora concorrem na etapa estadual, cuja cerim\u00f4nia de premia\u00e7\u00e3o acontece nesta quinta-feira (28\/08), em transmiss\u00e3o ao vivo.<\/p>\n\n\n\n<p>\u201cA exposi\u00e7\u00e3o reafirma nosso compromisso com a prote\u00e7\u00e3o da inf\u00e2ncia. Cada desenho, poesia ou m\u00fasica aqui exposta \u00e9 um grito de esperan\u00e7a e um convite para que a sociedade se una no enfrentamento ao trabalho infantil. \u00c9 um orgulho ver a criatividade dos nossos estudantes sendo valorizada em um espa\u00e7o t\u00e3o importante para a cultura de Itabora\u00ed\u201d, expressou o secret\u00e1rio municipal de Educa\u00e7\u00e3o, Mauricilio Rodrigues.<\/p>\n\n\n\n<p>Na Casa de Cultura, o p\u00fablico poder\u00e1 conferir os desenhos expostos no hall de entrada e, na Sala do Artista Local, poesias, contos e composi\u00e7\u00f5es musicais.<\/p>\n\n\n\n<p>\u201c\u00c9 uma satisfa\u00e7\u00e3o muito grande para n\u00f3s, da CCHAT, estar recebendo voc\u00eas. Quero refor\u00e7ar que esta casa, que completa 215 anos no pr\u00f3ximo dia 17 de setembro, \u00e9 de voc\u00eas! Ela \u00e9 aberta ao p\u00fablico e tem uma tem\u00e1tica voltada \u00e0s pessoas, \u00e0 cultura popular, patrimonial e etc. Tudo o que fazemos \u00e9 pensando no futuro e voc\u00eas s\u00e3o o nosso futuro\u201d, destacou o gestor da CCHAT e subsecret\u00e1rio municipal de Cultura, Alan Mota.<\/p>\n\n\n\n<p>Al\u00e9m de valorizar a express\u00e3o art\u00edstica dos estudantes, a iniciativa tamb\u00e9m busca estimular o debate sobre a responsabilidade de toda a sociedade no enfrentamento ao trabalho infantil, refor\u00e7ando que inf\u00e2ncia \u00e9 tempo de aprender, brincar e sonhar.<\/p>\n\n\n\n<p>A entrada \u00e9 gratuita e aberta a todos os p\u00fablicos. A visita\u00e7\u00e3o segue at\u00e9 o dia 6 de setembro de 2025.<\/p>\n\n\n\n<p>Servi\u00e7o: Exposi\u00e7\u00e3o \u201cMeu Trabalho \u00e9 Ser Crian\u00e7a \u2013 Diga N\u00e3o ao Trabalho Infantil\u201d<br>Data: de 26 de agosto (ter\u00e7a-feira) a 06 de setembro (s\u00e1bado)<br>Funcionamento: De ter\u00e7a-feira a sexta-feira, das 9h \u00e0s 18h \/ S\u00e1bados das 17h \u00e0s 21h<br>Endere\u00e7o: Pra\u00e7a Marechal Floriano Peixoto, 303, Centro \u2013 Itabora\u00ed.<\/p>\n\n\n\n<p><strong><em>S\u00e3o Gon\u00e7alo vai mudar: Not\u00edcias de S\u00e3o Gon\u00e7alo e toda regi\u00e3o.<\/em><\/strong><\/p>\n\n\n\n<figure class=\"wp-block-image size-large\"><img decoding=\"async\" width=\"1024\" height=\"252\" src=\"https:\/\/sgvaimudar.com.br\/wp-content\/uploads\/2025\/03\/Anuncie-Aqui-Sao-Goncalo-vai-mudar-1024x252.jpg\" alt=\"\" class=\"wp-image-22693\" srcset=\"https:\/\/sgvaimudar.com.br\/wp-content\/uploads\/2025\/03\/Anuncie-Aqui-Sao-Goncalo-vai-mudar-1024x252.jpg 1024w, https:\/\/sgvaimudar.com.br\/wp-content\/uploads\/2025\/03\/Anuncie-Aqui-Sao-Goncalo-vai-mudar-300x74.jpg 300w, https:\/\/sgvaimudar.com.br\/wp-content\/uploads\/2025\/03\/Anuncie-Aqui-Sao-Goncalo-vai-mudar-768x189.jpg 768w, https:\/\/sgvaimudar.com.br\/wp-content\/uploads\/2025\/03\/Anuncie-Aqui-Sao-Goncalo-vai-mudar-1536x378.jpg 1536w, https:\/\/sgvaimudar.com.br\/wp-content\/uploads\/2025\/03\/Anuncie-Aqui-Sao-Goncalo-vai-mudar-2048x504.jpg 2048w\" sizes=\"(max-width: 1024px) 100vw, 1024px\" \/><\/figure>\n","protected":false},"excerpt":{"rendered":"<p>O objetivo da exposi\u00e7\u00e3o \u00e9 sensibilizar a popula\u00e7\u00e3o sobre a import\u00e2ncia de proteger crian\u00e7as e adolescentes A Casa de Cultura&hellip;<\/p>\n","protected":false},"author":5,"featured_media":29980,"comment_status":"open","ping_status":"open","sticky":false,"template":"","format":"standard","meta":{"fifu_image_url":"","fifu_image_alt":"","footnotes":""},"categories":[6],"tags":[47],"class_list":["post-29978","post","type-post","status-publish","format-standard","has-post-thumbnail","hentry","category-entretenimento","tag-rj"],"_links":{"self":[{"href":"https:\/\/sgvaimudar.com.br\/index.php\/wp-json\/wp\/v2\/posts\/29978","targetHints":{"allow":["GET"]}}],"collection":[{"href":"https:\/\/sgvaimudar.com.br\/index.php\/wp-json\/wp\/v2\/posts"}],"about":[{"href":"https:\/\/sgvaimudar.com.br\/index.php\/wp-json\/wp\/v2\/types\/post"}],"author":[{"embeddable":true,"href":"https:\/\/sgvaimudar.com.br\/index.php\/wp-json\/wp\/v2\/users\/5"}],"replies":[{"embeddable":true,"href":"https:\/\/sgvaimudar.com.br\/index.php\/wp-json\/wp\/v2\/comments?post=29978"}],"version-history":[{"count":1,"href":"https:\/\/sgvaimudar.com.br\/index.php\/wp-json\/wp\/v2\/posts\/29978\/revisions"}],"predecessor-version":[{"id":29981,"href":"https:\/\/sgvaimudar.com.br\/index.php\/wp-json\/wp\/v2\/posts\/29978\/revisions\/29981"}],"wp:featuredmedia":[{"embeddable":true,"href":"https:\/\/sgvaimudar.com.br\/index.php\/wp-json\/wp\/v2\/media\/29980"}],"wp:attachment":[{"href":"https:\/\/sgvaimudar.com.br\/index.php\/wp-json\/wp\/v2\/media?parent=29978"}],"wp:term":[{"taxonomy":"category","embeddable":true,"href":"https:\/\/sgvaimudar.com.br\/index.php\/wp-json\/wp\/v2\/categories?post=29978"},{"taxonomy":"post_tag","embeddable":true,"href":"https:\/\/sgvaimudar.com.br\/index.php\/wp-json\/wp\/v2\/tags?post=29978"}],"curies":[{"name":"wp","href":"https:\/\/api.w.org\/{rel}","templated":true}]}}