{"id":29970,"date":"2025-08-27T13:00:00","date_gmt":"2025-08-27T16:00:00","guid":{"rendered":"https:\/\/sgvaimudar.com.br\/?p=29970"},"modified":"2025-08-27T09:56:43","modified_gmt":"2025-08-27T12:56:43","slug":"prefeitura-promove-caminhada-pelo-fim-da-violencia-contra-a-mulher","status":"publish","type":"post","link":"https:\/\/sgvaimudar.com.br\/index.php\/2025\/08\/27\/prefeitura-promove-caminhada-pelo-fim-da-violencia-contra-a-mulher\/","title":{"rendered":"Prefeitura promove caminhada pelo fim da viol\u00eancia contra a mulher"},"content":{"rendered":"\n<p><em>A\u00e7\u00e3o de conscientiza\u00e7\u00e3o ser\u00e1 realizada na pr\u00f3xima sexta-feira, a partir das 8h, na Pra\u00e7a do Z\u00e9 Garoto<\/em><\/p>\n\n\n\n<p>Em celebra\u00e7\u00e3o ao Agosto Lil\u00e1s, campanha dedicada \u00e0 conscientiza\u00e7\u00e3o pelo fim da viol\u00eancia contra a mulher, a Secretaria de Assist\u00eancia Social da Prefeitura de S\u00e3o Gon\u00e7alo, atrav\u00e9s da Subsecretaria de Pol\u00edticas P\u00fablicas para as Mulheres, vai realizar uma caminhada, na pr\u00f3xima sexta-feira, dia 29 de agosto, a partir das 8h.<\/p>\n\n\n\n<p>A concentra\u00e7\u00e3o para a caminhada vai acontecer na Pra\u00e7a Z\u00e9 Garoto e o ponto final ser\u00e1 na Pra\u00e7a Dr. Luiz Palmier, no Centro. Com cartazes com frases de impacto e mensagens de empoderamento feminino, o grupo ser\u00e1 acompanhado por um carro de som que dar\u00e1 voz \u00e0s reflex\u00f5es e pedidos de mobiliza\u00e7\u00e3o \u00e0 causa.<\/p>\n\n\n\n<figure class=\"wp-block-image size-large\"><img fetchpriority=\"high\" decoding=\"async\" width=\"819\" height=\"1024\" src=\"https:\/\/sgvaimudar.com.br\/wp-content\/uploads\/2025\/08\/unnamed-4-16-819x1024.jpg\" alt=\"\" class=\"wp-image-29971\" srcset=\"https:\/\/sgvaimudar.com.br\/wp-content\/uploads\/2025\/08\/unnamed-4-16-819x1024.jpg 819w, https:\/\/sgvaimudar.com.br\/wp-content\/uploads\/2025\/08\/unnamed-4-16-240x300.jpg 240w, https:\/\/sgvaimudar.com.br\/wp-content\/uploads\/2025\/08\/unnamed-4-16-768x960.jpg 768w, https:\/\/sgvaimudar.com.br\/wp-content\/uploads\/2025\/08\/unnamed-4-16.jpg 1080w\" sizes=\"(max-width: 819px) 100vw, 819px\" \/><\/figure>\n\n\n\n<p>A a\u00e7\u00e3o tem como objetivo chamar a aten\u00e7\u00e3o da sociedade para o combate \u00e0 viol\u00eancia dom\u00e9stica e o fortalecimento das pol\u00edticas p\u00fablicas voltadas para a prote\u00e7\u00e3o e valoriza\u00e7\u00e3o das mulheres. Para padronizar o impacto visual da caminhada, \u00e9 indicado que os participantes usem roupa de cor branca.<\/p>\n\n\n\n<p>O evento ser\u00e1 aberto a todos e contar\u00e1 com a participa\u00e7\u00e3o de servidores p\u00fablicos, representantes da sociedade civil e entidades parceiras da Rede de Enfrentamento \u00e0 Viol\u00eancia contra a Mulher.<\/p>\n\n\n\n<p><strong><em>S\u00e3o Gon\u00e7alo vai mudar: Not\u00edcias de S\u00e3o Gon\u00e7alo e toda regi\u00e3o.<\/em><\/strong><\/p>\n\n\n\n<figure class=\"wp-block-image size-large\"><img decoding=\"async\" width=\"1024\" height=\"252\" src=\"https:\/\/sgvaimudar.com.br\/wp-content\/uploads\/2025\/03\/Anuncie-Aqui-Sao-Goncalo-vai-mudar-1024x252.jpg\" alt=\"\" class=\"wp-image-22693\" srcset=\"https:\/\/sgvaimudar.com.br\/wp-content\/uploads\/2025\/03\/Anuncie-Aqui-Sao-Goncalo-vai-mudar-1024x252.jpg 1024w, https:\/\/sgvaimudar.com.br\/wp-content\/uploads\/2025\/03\/Anuncie-Aqui-Sao-Goncalo-vai-mudar-300x74.jpg 300w, https:\/\/sgvaimudar.com.br\/wp-content\/uploads\/2025\/03\/Anuncie-Aqui-Sao-Goncalo-vai-mudar-768x189.jpg 768w, https:\/\/sgvaimudar.com.br\/wp-content\/uploads\/2025\/03\/Anuncie-Aqui-Sao-Goncalo-vai-mudar-1536x378.jpg 1536w, https:\/\/sgvaimudar.com.br\/wp-content\/uploads\/2025\/03\/Anuncie-Aqui-Sao-Goncalo-vai-mudar-2048x504.jpg 2048w\" sizes=\"(max-width: 1024px) 100vw, 1024px\" \/><\/figure>\n","protected":false},"excerpt":{"rendered":"<p>A\u00e7\u00e3o de conscientiza\u00e7\u00e3o ser\u00e1 realizada na pr\u00f3xima sexta-feira, a partir das 8h, na Pra\u00e7a do Z\u00e9 Garoto Em celebra\u00e7\u00e3o ao&hellip;<\/p>\n","protected":false},"author":5,"featured_media":29972,"comment_status":"open","ping_status":"open","sticky":false,"template":"","format":"standard","meta":{"fifu_image_url":"","fifu_image_alt":"","footnotes":""},"categories":[3],"tags":[47,75],"class_list":["post-29970","post","type-post","status-publish","format-standard","has-post-thumbnail","hentry","category-sao-goncalo","tag-rj","tag-sao-goncalo"],"_links":{"self":[{"href":"https:\/\/sgvaimudar.com.br\/index.php\/wp-json\/wp\/v2\/posts\/29970","targetHints":{"allow":["GET"]}}],"collection":[{"href":"https:\/\/sgvaimudar.com.br\/index.php\/wp-json\/wp\/v2\/posts"}],"about":[{"href":"https:\/\/sgvaimudar.com.br\/index.php\/wp-json\/wp\/v2\/types\/post"}],"author":[{"embeddable":true,"href":"https:\/\/sgvaimudar.com.br\/index.php\/wp-json\/wp\/v2\/users\/5"}],"replies":[{"embeddable":true,"href":"https:\/\/sgvaimudar.com.br\/index.php\/wp-json\/wp\/v2\/comments?post=29970"}],"version-history":[{"count":1,"href":"https:\/\/sgvaimudar.com.br\/index.php\/wp-json\/wp\/v2\/posts\/29970\/revisions"}],"predecessor-version":[{"id":29973,"href":"https:\/\/sgvaimudar.com.br\/index.php\/wp-json\/wp\/v2\/posts\/29970\/revisions\/29973"}],"wp:featuredmedia":[{"embeddable":true,"href":"https:\/\/sgvaimudar.com.br\/index.php\/wp-json\/wp\/v2\/media\/29972"}],"wp:attachment":[{"href":"https:\/\/sgvaimudar.com.br\/index.php\/wp-json\/wp\/v2\/media?parent=29970"}],"wp:term":[{"taxonomy":"category","embeddable":true,"href":"https:\/\/sgvaimudar.com.br\/index.php\/wp-json\/wp\/v2\/categories?post=29970"},{"taxonomy":"post_tag","embeddable":true,"href":"https:\/\/sgvaimudar.com.br\/index.php\/wp-json\/wp\/v2\/tags?post=29970"}],"curies":[{"name":"wp","href":"https:\/\/api.w.org\/{rel}","templated":true}]}}